{"id":2991,"date":"2017-03-21T08:41:55","date_gmt":"2017-03-21T07:41:55","guid":{"rendered":"http:\/\/www.samskitchen.at\/?p=2991"},"modified":"2017-03-21T08:43:51","modified_gmt":"2017-03-21T07:43:51","slug":"kruste-und-krume-2017","status":"publish","type":"post","link":"https:\/\/www.samskitchen.at\/?p=2991","title":{"rendered":"Kruste und Krume 2017"},"content":{"rendered":"<p><a href=\"http:\/\/www.samskitchen.at\/?attachment_id=3011\" rel=\"attachment wp-att-3011\"><img decoding=\"async\" loading=\"lazy\" class=\"alignnone size-full wp-image-3011\" src=\"http:\/\/www.samskitchen.at\/wp-content\/uploads\/2017\/03\/2017-03-18-10.46.33.jpg\" alt=\"\" width=\"1872\" height=\"1188\" srcset=\"https:\/\/www.samskitchen.at\/wp-content\/uploads\/2017\/03\/2017-03-18-10.46.33.jpg 1872w, https:\/\/www.samskitchen.at\/wp-content\/uploads\/2017\/03\/2017-03-18-10.46.33-300x190.jpg 300w, https:\/\/www.samskitchen.at\/wp-content\/uploads\/2017\/03\/2017-03-18-10.46.33-768x487.jpg 768w, https:\/\/www.samskitchen.at\/wp-content\/uploads\/2017\/03\/2017-03-18-10.46.33-510x324.jpg 510w, https:\/\/www.samskitchen.at\/wp-content\/uploads\/2017\/03\/2017-03-18-10.46.33-125x79.jpg 125w\" sizes=\"(max-width: 1872px) 100vw, 1872px\" \/><\/a><\/p>\n<p>Am Samstag war in Wien Das Brot- Festival Kruste und Krume veranstaltet vom Slow-Food \u00d6sterreich. Veranstaltungsort war der geschichtstr\u00e4chtige Kursalon H\u00fcbner im Wiener Stadtpark. Regionale B\u00e4cker gaben ihr Bestes zum Verkosten und auch zum mit nach Hause nehmen. Backwettbewerbe, B\u00fchnenshows und Workshops rundeten das Programm ab. Am 15. Oktober 1868 fand das erste Konzert von Johann Strau\u00df (Sohn) statt, worauf sich der Kursalon zu einem beliebten Tanz- und Konzertlokal und zum Treffpunkt der Wiener Gesellschaft entwickelte. Das ist er bis Heute geblieben. Pro Jahr werden . Er umfasst vier S\u00e4le auf zwei Etagen und eine 1000 m\u00b2 gro\u00dfe Terrasse mit Blick auf den Stadtpark. Unter dem Dach der &#8222;Kursalon Betriebs GmbH&#8220; werden pro Jahr etwa 500 klassische Konzerte mit insgesamt etwa 200.000 Besuchern veranstaltet.<br \/>\nHier einige Bilder von der Kruste und Krume 2017 &#8211; vielleicht erkennt ihr den Einen oder Anderen auf den Bildern.<\/p>\n<p><a href=\"http:\/\/www.samskitchen.at\/?attachment_id=3008\" rel=\"attachment wp-att-3008\"><img decoding=\"async\" loading=\"lazy\" class=\"alignnone size-full wp-image-3008\" src=\"http:\/\/www.samskitchen.at\/wp-content\/uploads\/2017\/03\/2017-03-18-10.19.24.jpg\" alt=\"\" width=\"700\" height=\"525\" srcset=\"https:\/\/www.samskitchen.at\/wp-content\/uploads\/2017\/03\/2017-03-18-10.19.24.jpg 700w, https:\/\/www.samskitchen.at\/wp-content\/uploads\/2017\/03\/2017-03-18-10.19.24-300x225.jpg 300w, https:\/\/www.samskitchen.at\/wp-content\/uploads\/2017\/03\/2017-03-18-10.19.24-510x383.jpg 510w, https:\/\/www.samskitchen.at\/wp-content\/uploads\/2017\/03\/2017-03-18-10.19.24-125x94.jpg 125w\" sizes=\"(max-width: 700px) 100vw, 700px\" \/><\/a> <a href=\"http:\/\/www.samskitchen.at\/?attachment_id=3009\" rel=\"attachment wp-att-3009\"><img decoding=\"async\" loading=\"lazy\" class=\"alignnone size-full wp-image-3009\" src=\"http:\/\/www.samskitchen.at\/wp-content\/uploads\/2017\/03\/2017-03-18-10.39.24.jpg\" alt=\"\" width=\"700\" height=\"525\" srcset=\"https:\/\/www.samskitchen.at\/wp-content\/uploads\/2017\/03\/2017-03-18-10.39.24.jpg 700w, https:\/\/www.samskitchen.at\/wp-content\/uploads\/2017\/03\/2017-03-18-10.39.24-300x225.jpg 300w, https:\/\/www.samskitchen.at\/wp-content\/uploads\/2017\/03\/2017-03-18-10.39.24-510x383.jpg 510w, https:\/\/www.samskitchen.at\/wp-content\/uploads\/2017\/03\/2017-03-18-10.39.24-125x94.jpg 125w\" sizes=\"(max-width: 700px) 100vw, 700px\" \/><\/a> <a href=\"http:\/\/www.samskitchen.at\/?attachment_id=3010\" rel=\"attachment wp-att-3010\"><img decoding=\"async\" loading=\"lazy\" class=\"alignnone size-full wp-image-3010\" src=\"http:\/\/www.samskitchen.at\/wp-content\/uploads\/2017\/03\/2017-03-18-10.39.37.jpg\" alt=\"\" width=\"700\" height=\"545\" srcset=\"https:\/\/www.samskitchen.at\/wp-content\/uploads\/2017\/03\/2017-03-18-10.39.37.jpg 700w, https:\/\/www.samskitchen.at\/wp-content\/uploads\/2017\/03\/2017-03-18-10.39.37-300x234.jpg 300w, https:\/\/www.samskitchen.at\/wp-content\/uploads\/2017\/03\/2017-03-18-10.39.37-510x397.jpg 510w, https:\/\/www.samskitchen.at\/wp-content\/uploads\/2017\/03\/2017-03-18-10.39.37-125x97.jpg 125w\" sizes=\"(max-width: 700px) 100vw, 700px\" \/><\/a> <a href=\"http:\/\/www.samskitchen.at\/?attachment_id=3012\" rel=\"attachment wp-att-3012\"><img decoding=\"async\" loading=\"lazy\" class=\"alignnone size-full wp-image-3012\" src=\"http:\/\/www.samskitchen.at\/wp-content\/uploads\/2017\/03\/2017-03-18-10.46.34.jpg\" alt=\"\" width=\"700\" height=\"525\" srcset=\"https:\/\/www.samskitchen.at\/wp-content\/uploads\/2017\/03\/2017-03-18-10.46.34.jpg 700w, https:\/\/www.samskitchen.at\/wp-content\/uploads\/2017\/03\/2017-03-18-10.46.34-300x225.jpg 300w, https:\/\/www.samskitchen.at\/wp-content\/uploads\/2017\/03\/2017-03-18-10.46.34-510x383.jpg 510w, https:\/\/www.samskitchen.at\/wp-content\/uploads\/2017\/03\/2017-03-18-10.46.34-125x94.jpg 125w\" sizes=\"(max-width: 700px) 100vw, 700px\" \/><\/a><a href=\"http:\/\/www.samskitchen.at\/?attachment_id=3020\" rel=\"attachment wp-att-3020\"><img decoding=\"async\" loading=\"lazy\" class=\"alignnone size-full wp-image-3020\" src=\"http:\/\/www.samskitchen.at\/wp-content\/uploads\/2017\/03\/2017-03-18-16.49.50.jpg\" alt=\"\" width=\"3264\" height=\"2448\" srcset=\"https:\/\/www.samskitchen.at\/wp-content\/uploads\/2017\/03\/2017-03-18-16.49.50.jpg 3264w, https:\/\/www.samskitchen.at\/wp-content\/uploads\/2017\/03\/2017-03-18-16.49.50-300x225.jpg 300w, https:\/\/www.samskitchen.at\/wp-content\/uploads\/2017\/03\/2017-03-18-16.49.50-768x576.jpg 768w, https:\/\/www.samskitchen.at\/wp-content\/uploads\/2017\/03\/2017-03-18-16.49.50-510x383.jpg 510w, https:\/\/www.samskitchen.at\/wp-content\/uploads\/2017\/03\/2017-03-18-16.49.50-125x94.jpg 125w\" sizes=\"(max-width: 3264px) 100vw, 3264px\" \/><\/a><a href=\"http:\/\/www.samskitchen.at\/?attachment_id=3018\" rel=\"attachment wp-att-3018\"><img decoding=\"async\" loading=\"lazy\" class=\"alignnone size-full wp-image-3018\" src=\"http:\/\/www.samskitchen.at\/wp-content\/uploads\/2017\/03\/2017-03-18-15.45.00.jpg\" alt=\"\" width=\"700\" height=\"933\" srcset=\"https:\/\/www.samskitchen.at\/wp-content\/uploads\/2017\/03\/2017-03-18-15.45.00.jpg 700w, https:\/\/www.samskitchen.at\/wp-content\/uploads\/2017\/03\/2017-03-18-15.45.00-225x300.jpg 225w, https:\/\/www.samskitchen.at\/wp-content\/uploads\/2017\/03\/2017-03-18-15.45.00-510x680.jpg 510w, https:\/\/www.samskitchen.at\/wp-content\/uploads\/2017\/03\/2017-03-18-15.45.00-75x100.jpg 75w\" sizes=\"(max-width: 700px) 100vw, 700px\" \/><\/a><a href=\"http:\/\/www.samskitchen.at\/?attachment_id=3017\" rel=\"attachment wp-att-3017\"><img decoding=\"async\" loading=\"lazy\" class=\"alignnone size-full wp-image-3017\" src=\"http:\/\/www.samskitchen.at\/wp-content\/uploads\/2017\/03\/2017-03-18-15.30.26.jpg\" alt=\"\" width=\"700\" height=\"933\" srcset=\"https:\/\/www.samskitchen.at\/wp-content\/uploads\/2017\/03\/2017-03-18-15.30.26.jpg 700w, https:\/\/www.samskitchen.at\/wp-content\/uploads\/2017\/03\/2017-03-18-15.30.26-225x300.jpg 225w, https:\/\/www.samskitchen.at\/wp-content\/uploads\/2017\/03\/2017-03-18-15.30.26-510x680.jpg 510w, https:\/\/www.samskitchen.at\/wp-content\/uploads\/2017\/03\/2017-03-18-15.30.26-75x100.jpg 75w\" sizes=\"(max-width: 700px) 100vw, 700px\" \/><\/a><a href=\"http:\/\/www.samskitchen.at\/?attachment_id=3016\" rel=\"attachment wp-att-3016\"><img decoding=\"async\" loading=\"lazy\" class=\"alignnone size-full wp-image-3016\" src=\"http:\/\/www.samskitchen.at\/wp-content\/uploads\/2017\/03\/2017-03-18-15.06.42.jpg\" alt=\"\" width=\"1000\" height=\"1309\" srcset=\"https:\/\/www.samskitchen.at\/wp-content\/uploads\/2017\/03\/2017-03-18-15.06.42.jpg 1000w, https:\/\/www.samskitchen.at\/wp-content\/uploads\/2017\/03\/2017-03-18-15.06.42-229x300.jpg 229w, https:\/\/www.samskitchen.at\/wp-content\/uploads\/2017\/03\/2017-03-18-15.06.42-768x1005.jpg 768w, https:\/\/www.samskitchen.at\/wp-content\/uploads\/2017\/03\/2017-03-18-15.06.42-510x668.jpg 510w, https:\/\/www.samskitchen.at\/wp-content\/uploads\/2017\/03\/2017-03-18-15.06.42-76x100.jpg 76w\" sizes=\"(max-width: 1000px) 100vw, 1000px\" \/><\/a><a href=\"http:\/\/www.samskitchen.at\/?attachment_id=3015\" rel=\"attachment wp-att-3015\"><img decoding=\"async\" loading=\"lazy\" class=\"alignnone size-full wp-image-3015\" src=\"http:\/\/www.samskitchen.at\/wp-content\/uploads\/2017\/03\/2017-03-18-15.06.38.jpg\" alt=\"\" width=\"700\" height=\"933\" srcset=\"https:\/\/www.samskitchen.at\/wp-content\/uploads\/2017\/03\/2017-03-18-15.06.38.jpg 700w, https:\/\/www.samskitchen.at\/wp-content\/uploads\/2017\/03\/2017-03-18-15.06.38-225x300.jpg 225w, https:\/\/www.samskitchen.at\/wp-content\/uploads\/2017\/03\/2017-03-18-15.06.38-510x680.jpg 510w, https:\/\/www.samskitchen.at\/wp-content\/uploads\/2017\/03\/2017-03-18-15.06.38-75x100.jpg 75w\" sizes=\"(max-width: 700px) 100vw, 700px\" \/><\/a><a href=\"http:\/\/www.samskitchen.at\/?attachment_id=3014\" rel=\"attachment wp-att-3014\"><img decoding=\"async\" loading=\"lazy\" class=\"alignnone size-full wp-image-3014\" src=\"http:\/\/www.samskitchen.at\/wp-content\/uploads\/2017\/03\/2017-03-18-11.36.41.jpg\" alt=\"\" width=\"700\" height=\"525\" srcset=\"https:\/\/www.samskitchen.at\/wp-content\/uploads\/2017\/03\/2017-03-18-11.36.41.jpg 700w, https:\/\/www.samskitchen.at\/wp-content\/uploads\/2017\/03\/2017-03-18-11.36.41-300x225.jpg 300w, https:\/\/www.samskitchen.at\/wp-content\/uploads\/2017\/03\/2017-03-18-11.36.41-510x383.jpg 510w, https:\/\/www.samskitchen.at\/wp-content\/uploads\/2017\/03\/2017-03-18-11.36.41-125x94.jpg 125w\" sizes=\"(max-width: 700px) 100vw, 700px\" \/><\/a><a href=\"http:\/\/www.samskitchen.at\/?attachment_id=3013\" rel=\"attachment wp-att-3013\"><img decoding=\"async\" loading=\"lazy\" class=\"alignnone size-full wp-image-3013\" src=\"http:\/\/www.samskitchen.at\/wp-content\/uploads\/2017\/03\/2017-03-18-11.36.39.jpg\" alt=\"\" width=\"700\" height=\"525\" srcset=\"https:\/\/www.samskitchen.at\/wp-content\/uploads\/2017\/03\/2017-03-18-11.36.39.jpg 700w, https:\/\/www.samskitchen.at\/wp-content\/uploads\/2017\/03\/2017-03-18-11.36.39-300x225.jpg 300w, https:\/\/www.samskitchen.at\/wp-content\/uploads\/2017\/03\/2017-03-18-11.36.39-510x383.jpg 510w, https:\/\/www.samskitchen.at\/wp-content\/uploads\/2017\/03\/2017-03-18-11.36.39-125x94.jpg 125w\" sizes=\"(max-width: 700px) 100vw, 700px\" \/><\/a><a href=\"http:\/\/www.samskitchen.at\/?attachment_id=3021\" rel=\"attachment wp-att-3021\"><img decoding=\"async\" loading=\"lazy\" class=\"alignnone size-full wp-image-3021\" src=\"http:\/\/www.samskitchen.at\/wp-content\/uploads\/2017\/03\/2017-03-18-17.40.20.jpg\" alt=\"\" width=\"700\" height=\"525\" srcset=\"https:\/\/www.samskitchen.at\/wp-content\/uploads\/2017\/03\/2017-03-18-17.40.20.jpg 700w, https:\/\/www.samskitchen.at\/wp-content\/uploads\/2017\/03\/2017-03-18-17.40.20-300x225.jpg 300w, https:\/\/www.samskitchen.at\/wp-content\/uploads\/2017\/03\/2017-03-18-17.40.20-510x383.jpg 510w, https:\/\/www.samskitchen.at\/wp-content\/uploads\/2017\/03\/2017-03-18-17.40.20-125x94.jpg 125w\" sizes=\"(max-width: 700px) 100vw, 700px\" \/><\/a><\/p>\n<p>&nbsp;<\/p>\n<p>&nbsp;<\/p>\n<p>&nbsp;<\/p>\n","protected":false},"excerpt":{"rendered":"<p>Am Samstag war in Wien Das Brot- Festival Kruste und Krume veranstaltet vom Slow-Food \u00d6sterreich. Veranstaltungsort war der geschichtstr\u00e4chtige Kursalon H\u00fcbner im Wiener Stadtpark. Regionale B\u00e4cker gaben ihr Bestes zum Verkosten und auch zum mit nach Hause nehmen. Backwettbewerbe, B\u00fchnenshows und Workshops rundeten das Programm ab. Am 15. Oktober 1868 fand das erste Konzert von Johann Strau\u00df (Sohn) statt, worauf &hellip;<\/p>\n","protected":false},"author":1,"featured_media":3011,"comment_status":"open","ping_status":"open","sticky":false,"template":"","format":"standard","meta":{"_mi_skip_tracking":false,"_exactmetrics_sitenote_active":false,"_exactmetrics_sitenote_note":"","_exactmetrics_sitenote_category":0,"ngg_post_thumbnail":0,"jetpack_post_was_ever_published":false,"_jetpack_newsletter_access":"","footnotes":"","jetpack_publicize_message":"","jetpack_is_tweetstorm":false,"jetpack_publicize_feature_enabled":true,"jetpack_social_post_already_shared":true,"jetpack_social_options":{"image_generator_settings":{"template":"highway","enabled":false}}},"categories":[2],"tags":[],"jetpack_publicize_connections":[],"jetpack_featured_media_url":"https:\/\/www.samskitchen.at\/wp-content\/uploads\/2017\/03\/2017-03-18-10.46.33.jpg","jetpack_sharing_enabled":true,"jetpack_shortlink":"https:\/\/wp.me\/p41IW0-Mf","_links":{"self":[{"href":"https:\/\/www.samskitchen.at\/index.php?rest_route=\/wp\/v2\/posts\/2991"}],"collection":[{"href":"https:\/\/www.samskitchen.at\/index.php?rest_route=\/wp\/v2\/posts"}],"about":[{"href":"https:\/\/www.samskitchen.at\/index.php?rest_route=\/wp\/v2\/types\/post"}],"author":[{"embeddable":true,"href":"https:\/\/www.samskitchen.at\/index.php?rest_route=\/wp\/v2\/users\/1"}],"replies":[{"embeddable":true,"href":"https:\/\/www.samskitchen.at\/index.php?rest_route=%2Fwp%2Fv2%2Fcomments&post=2991"}],"version-history":[{"count":1,"href":"https:\/\/www.samskitchen.at\/index.php?rest_route=\/wp\/v2\/posts\/2991\/revisions"}],"predecessor-version":[{"id":3022,"href":"https:\/\/www.samskitchen.at\/index.php?rest_route=\/wp\/v2\/posts\/2991\/revisions\/3022"}],"wp:featuredmedia":[{"embeddable":true,"href":"https:\/\/www.samskitchen.at\/index.php?rest_route=\/wp\/v2\/media\/3011"}],"wp:attachment":[{"href":"https:\/\/www.samskitchen.at\/index.php?rest_route=%2Fwp%2Fv2%2Fmedia&parent=2991"}],"wp:term":[{"taxonomy":"category","embeddable":true,"href":"https:\/\/www.samskitchen.at\/index.php?rest_route=%2Fwp%2Fv2%2Fcategories&post=2991"},{"taxonomy":"post_tag","embeddable":true,"href":"https:\/\/www.samskitchen.at\/index.php?rest_route=%2Fwp%2Fv2%2Ftags&post=2991"}],"curies":[{"name":"wp","href":"https:\/\/api.w.org\/{rel}","templated":true}]}}