{"id":2974,"date":"2017-03-13T20:12:29","date_gmt":"2017-03-13T19:12:29","guid":{"rendered":"http:\/\/www.samskitchen.at\/?p=2974"},"modified":"2017-03-13T20:12:29","modified_gmt":"2017-03-13T19:12:29","slug":"ruchbrot","status":"publish","type":"post","link":"https:\/\/www.samskitchen.at\/?p=2974","title":{"rendered":"Ruchbrot"},"content":{"rendered":"<p><a href=\"http:\/\/www.samskitchen.at\/?attachment_id=2982\" rel=\"attachment wp-att-2982\"><img decoding=\"async\" loading=\"lazy\" class=\"alignnone size-full wp-image-2982\" src=\"http:\/\/www.samskitchen.at\/wp-content\/uploads\/2017\/03\/2017-03-13-18.56.46.jpg\" alt=\"\" width=\"700\" height=\"525\" srcset=\"https:\/\/www.samskitchen.at\/wp-content\/uploads\/2017\/03\/2017-03-13-18.56.46.jpg 700w, https:\/\/www.samskitchen.at\/wp-content\/uploads\/2017\/03\/2017-03-13-18.56.46-300x225.jpg 300w, https:\/\/www.samskitchen.at\/wp-content\/uploads\/2017\/03\/2017-03-13-18.56.46-510x383.jpg 510w, https:\/\/www.samskitchen.at\/wp-content\/uploads\/2017\/03\/2017-03-13-18.56.46-125x94.jpg 125w\" sizes=\"(max-width: 700px) 100vw, 700px\" \/><\/a><\/p>\n<p>Ruchmehl ist ein meistens aus Weizen produziertes Mehl.<\/p>\n<p>Weissmehl wird vorwiegend aus dem inneren Teil des Getreidekornes hergestellt. Das Ruchmehl wird jedoch nach dem Entzug eines Teils des Weissmehls gewonnen und enth\u00e4lt daher einen gr\u00f6\u00dferen Anteil der \u00e4usseren Schalenschicht. Es enth\u00e4lt mehr Eiweiss, Mineralstoffe und Vitamine aus der Randschicht des Korns. Ruchmehl ist deshalb in seinem biologischen N\u00e4hrwert dem Weiss- und Halbweissmehl \u00fcberlegen. Es verf\u00fcgt \u00fcber einen ausgepr\u00e4gteren Geschmack als Weissmehl und eignet sich f\u00fcr dunkle Backwaren.&nbsp;<\/p>\n<p>Inspiriert dazu hat mich Dietmar Kappl mit seinem Beitrag in: <a href=\"http:\/\/www.homebaking.at\/schweizer-ruchbrot\/\">www.homebaking.at<\/a> Bin schon neugierig wie sich Ruchmehl verarbeiten l\u00e4sst und vor Allem wie es schmeckt.<\/p>\n<p>Rezept f\u00fcr 2 Ruchbrote&nbsp;<\/p>\n<p>Weizensauerteig:<\/p>\n<p>200g Weizenmehl Type 700<br \/>\n200g Wasser<br \/>\n20g Anstellgut<br \/>\nRZ: 15Std TT: 25\u00b0C<\/p>\n<p>Hauptteig:<\/p>\n<p>420g reifer Vorteig\/Weizensauer<br \/>\n560g Ruchmehl<br \/>\n70g Schwarzroggen T2500<br \/>\n500g Wasser<br \/>\n40g ger\u00f6stete und fein vermahlene Brotbr\u00f6sel<br \/>\nAlle Zutaten vermischen und 30 Minuten zur Autolyse stehen lassen.<\/p>\n<p>18g Salz<br \/>\nSalz hinzuf\u00fcgen und so lange langsam mischen bis sich der Teig von der Schale l\u00f6st. Sobals sich der Teig von der Schale gel\u00f6st hat, wird dieser noch eine weitere Minute schnell geknetet (Stabilisierung des Kleberger\u00fcstes).<\/p>\n<p>Anleitung:<\/p>\n<p>Salz hinzuf\u00fcgen und so lange langsam mischen bis sich der Teig von der Schale l\u00f6st. Sobald sich der Teig von der Schale gel\u00f6st hat, wird dieser noch eine weitere Minute schnell geknetet (Stabilisierung des Kleberger\u00fcstes).<\/p>\n<p>Anschliessend wird der Teig in eine ge\u00f6lte Wanne gelegt und nach ca. einer Stunde das erste mal gefaltet. Er sollte sein Volumen schon deutlich vergr\u00f6ssert haben. Insgesamt reift der Teig ca. 3 \u2013 4 Stunden in der Wanne und wird drei mal gefaltet.<br \/>\nNun wird der Teig aus der Wanne gekippt und in zwei Teile geteilt und locker zu runden Laiben gewirkt, wobei darauf geachtet werden soll, die Teiglinge nicht zu stark zu beanspruchen. Diese Teiglinge dann mit dem Schluss nach oben&nbsp;in ein mit Mehl&nbsp;ausgestreutes Backk\u00f6rberl legen und auf die Endgare stellen. Bei voller&nbsp;Gare die Teiglinge in den auf 250\u00b0C aufgeheizten Ofen mit &nbsp;Schwaden einschiessen und fallend auf 230\u00b0C kr\u00e4ftig ausbacken. Nicht unter 35 Minuten.<\/p>\n<p><a href=\"http:\/\/www.samskitchen.at\/?attachment_id=2981\" rel=\"attachment wp-att-2981\"><img decoding=\"async\" loading=\"lazy\" class=\"alignnone size-full wp-image-2981\" src=\"http:\/\/www.samskitchen.at\/wp-content\/uploads\/2017\/03\/2017-03-13-18.55.28.jpg\" alt=\"\" width=\"700\" height=\"525\" srcset=\"https:\/\/www.samskitchen.at\/wp-content\/uploads\/2017\/03\/2017-03-13-18.55.28.jpg 700w, https:\/\/www.samskitchen.at\/wp-content\/uploads\/2017\/03\/2017-03-13-18.55.28-300x225.jpg 300w, https:\/\/www.samskitchen.at\/wp-content\/uploads\/2017\/03\/2017-03-13-18.55.28-510x383.jpg 510w, https:\/\/www.samskitchen.at\/wp-content\/uploads\/2017\/03\/2017-03-13-18.55.28-125x94.jpg 125w\" sizes=\"(max-width: 700px) 100vw, 700px\" \/><\/a> <a href=\"http:\/\/www.samskitchen.at\/?attachment_id=2980\" rel=\"attachment wp-att-2980\"><img decoding=\"async\" loading=\"lazy\" class=\"alignnone size-full wp-image-2980\" src=\"http:\/\/www.samskitchen.at\/wp-content\/uploads\/2017\/03\/2017-03-13-18.55.26.jpg\" alt=\"\" width=\"700\" height=\"516\" srcset=\"https:\/\/www.samskitchen.at\/wp-content\/uploads\/2017\/03\/2017-03-13-18.55.26.jpg 700w, https:\/\/www.samskitchen.at\/wp-content\/uploads\/2017\/03\/2017-03-13-18.55.26-300x221.jpg 300w, https:\/\/www.samskitchen.at\/wp-content\/uploads\/2017\/03\/2017-03-13-18.55.26-510x376.jpg 510w, https:\/\/www.samskitchen.at\/wp-content\/uploads\/2017\/03\/2017-03-13-18.55.26-125x92.jpg 125w\" sizes=\"(max-width: 700px) 100vw, 700px\" \/><\/a> <a href=\"http:\/\/www.samskitchen.at\/?attachment_id=2979\" rel=\"attachment wp-att-2979\"><img decoding=\"async\" loading=\"lazy\" class=\"alignnone size-full wp-image-2979\" src=\"http:\/\/www.samskitchen.at\/wp-content\/uploads\/2017\/03\/2017-03-13-18.55.17.jpg\" alt=\"\" width=\"700\" height=\"525\" srcset=\"https:\/\/www.samskitchen.at\/wp-content\/uploads\/2017\/03\/2017-03-13-18.55.17.jpg 700w, https:\/\/www.samskitchen.at\/wp-content\/uploads\/2017\/03\/2017-03-13-18.55.17-300x225.jpg 300w, https:\/\/www.samskitchen.at\/wp-content\/uploads\/2017\/03\/2017-03-13-18.55.17-510x383.jpg 510w, https:\/\/www.samskitchen.at\/wp-content\/uploads\/2017\/03\/2017-03-13-18.55.17-125x94.jpg 125w\" sizes=\"(max-width: 700px) 100vw, 700px\" \/><\/a> <a href=\"http:\/\/www.samskitchen.at\/?attachment_id=2978\" rel=\"attachment wp-att-2978\"><img decoding=\"async\" loading=\"lazy\" class=\"alignnone size-full wp-image-2978\" src=\"http:\/\/www.samskitchen.at\/wp-content\/uploads\/2017\/03\/2017-03-13-18.55.14.jpg\" alt=\"\" width=\"700\" height=\"515\" srcset=\"https:\/\/www.samskitchen.at\/wp-content\/uploads\/2017\/03\/2017-03-13-18.55.14.jpg 700w, https:\/\/www.samskitchen.at\/wp-content\/uploads\/2017\/03\/2017-03-13-18.55.14-300x221.jpg 300w, https:\/\/www.samskitchen.at\/wp-content\/uploads\/2017\/03\/2017-03-13-18.55.14-510x375.jpg 510w, https:\/\/www.samskitchen.at\/wp-content\/uploads\/2017\/03\/2017-03-13-18.55.14-125x92.jpg 125w\" sizes=\"(max-width: 700px) 100vw, 700px\" \/><\/a><a href=\"http:\/\/www.samskitchen.at\/?attachment_id=2984\" rel=\"attachment wp-att-2984\"><img decoding=\"async\" loading=\"lazy\" class=\"alignnone size-full wp-image-2984\" src=\"http:\/\/www.samskitchen.at\/wp-content\/uploads\/2017\/03\/2017-03-13-19.45.54.jpg\" alt=\"\" width=\"700\" height=\"525\" srcset=\"https:\/\/www.samskitchen.at\/wp-content\/uploads\/2017\/03\/2017-03-13-19.45.54.jpg 700w, https:\/\/www.samskitchen.at\/wp-content\/uploads\/2017\/03\/2017-03-13-19.45.54-300x225.jpg 300w, https:\/\/www.samskitchen.at\/wp-content\/uploads\/2017\/03\/2017-03-13-19.45.54-510x383.jpg 510w, https:\/\/www.samskitchen.at\/wp-content\/uploads\/2017\/03\/2017-03-13-19.45.54-125x94.jpg 125w\" sizes=\"(max-width: 700px) 100vw, 700px\" \/><\/a><a href=\"http:\/\/www.samskitchen.at\/?attachment_id=2985\" rel=\"attachment wp-att-2985\"><img decoding=\"async\" loading=\"lazy\" class=\"alignnone size-full wp-image-2985\" src=\"http:\/\/www.samskitchen.at\/wp-content\/uploads\/2017\/03\/2017-03-13-19.45.57.jpg\" alt=\"\" width=\"700\" height=\"525\" srcset=\"https:\/\/www.samskitchen.at\/wp-content\/uploads\/2017\/03\/2017-03-13-19.45.57.jpg 700w, https:\/\/www.samskitchen.at\/wp-content\/uploads\/2017\/03\/2017-03-13-19.45.57-300x225.jpg 300w, https:\/\/www.samskitchen.at\/wp-content\/uploads\/2017\/03\/2017-03-13-19.45.57-510x383.jpg 510w, https:\/\/www.samskitchen.at\/wp-content\/uploads\/2017\/03\/2017-03-13-19.45.57-125x94.jpg 125w\" sizes=\"(max-width: 700px) 100vw, 700px\" \/><\/a><a href=\"http:\/\/www.samskitchen.at\/?attachment_id=2986\" rel=\"attachment wp-att-2986\"><img decoding=\"async\" loading=\"lazy\" class=\"alignnone size-full wp-image-2986\" src=\"http:\/\/www.samskitchen.at\/wp-content\/uploads\/2017\/03\/2017-03-13-19.46.25.jpg\" alt=\"\" width=\"700\" height=\"525\" srcset=\"https:\/\/www.samskitchen.at\/wp-content\/uploads\/2017\/03\/2017-03-13-19.46.25.jpg 700w, https:\/\/www.samskitchen.at\/wp-content\/uploads\/2017\/03\/2017-03-13-19.46.25-300x225.jpg 300w, https:\/\/www.samskitchen.at\/wp-content\/uploads\/2017\/03\/2017-03-13-19.46.25-510x383.jpg 510w, https:\/\/www.samskitchen.at\/wp-content\/uploads\/2017\/03\/2017-03-13-19.46.25-125x94.jpg 125w\" sizes=\"(max-width: 700px) 100vw, 700px\" \/><\/a><\/p>\n<p>Eingereicht bei <a href=\"http:\/\/www.wildyeastblog.com\/yeastspotting\/\">Yeastspotting<\/a><\/p>\n","protected":false},"excerpt":{"rendered":"<p>Ruchmehl ist ein meistens aus Weizen produziertes Mehl. Weissmehl wird vorwiegend aus dem inneren Teil des Getreidekornes hergestellt. Das Ruchmehl wird jedoch nach dem Entzug eines Teils des Weissmehls gewonnen und enth\u00e4lt daher einen gr\u00f6\u00dferen Anteil der \u00e4usseren Schalenschicht. Es enth\u00e4lt mehr Eiweiss, Mineralstoffe und Vitamine aus der Randschicht des Korns. Ruchmehl ist deshalb in seinem biologischen N\u00e4hrwert dem Weiss- &hellip;<\/p>\n","protected":false},"author":1,"featured_media":2982,"comment_status":"open","ping_status":"open","sticky":false,"template":"","format":"standard","meta":{"_mi_skip_tracking":false,"_exactmetrics_sitenote_active":false,"_exactmetrics_sitenote_note":"","_exactmetrics_sitenote_category":0,"ngg_post_thumbnail":0,"jetpack_post_was_ever_published":false,"_jetpack_newsletter_access":"","footnotes":"","jetpack_publicize_message":"","jetpack_is_tweetstorm":false,"jetpack_publicize_feature_enabled":true,"jetpack_social_post_already_shared":true,"jetpack_social_options":{"image_generator_settings":{"template":"highway","enabled":false}}},"categories":[2],"tags":[317,35,318],"jetpack_publicize_connections":[],"jetpack_featured_media_url":"https:\/\/www.samskitchen.at\/wp-content\/uploads\/2017\/03\/2017-03-13-18.56.46.jpg","jetpack_sharing_enabled":true,"jetpack_shortlink":"https:\/\/wp.me\/s41IW0-ruchbrot","_links":{"self":[{"href":"https:\/\/www.samskitchen.at\/index.php?rest_route=\/wp\/v2\/posts\/2974"}],"collection":[{"href":"https:\/\/www.samskitchen.at\/index.php?rest_route=\/wp\/v2\/posts"}],"about":[{"href":"https:\/\/www.samskitchen.at\/index.php?rest_route=\/wp\/v2\/types\/post"}],"author":[{"embeddable":true,"href":"https:\/\/www.samskitchen.at\/index.php?rest_route=\/wp\/v2\/users\/1"}],"replies":[{"embeddable":true,"href":"https:\/\/www.samskitchen.at\/index.php?rest_route=%2Fwp%2Fv2%2Fcomments&post=2974"}],"version-history":[{"count":4,"href":"https:\/\/www.samskitchen.at\/index.php?rest_route=\/wp\/v2\/posts\/2974\/revisions"}],"predecessor-version":[{"id":2988,"href":"https:\/\/www.samskitchen.at\/index.php?rest_route=\/wp\/v2\/posts\/2974\/revisions\/2988"}],"wp:featuredmedia":[{"embeddable":true,"href":"https:\/\/www.samskitchen.at\/index.php?rest_route=\/wp\/v2\/media\/2982"}],"wp:attachment":[{"href":"https:\/\/www.samskitchen.at\/index.php?rest_route=%2Fwp%2Fv2%2Fmedia&parent=2974"}],"wp:term":[{"taxonomy":"category","embeddable":true,"href":"https:\/\/www.samskitchen.at\/index.php?rest_route=%2Fwp%2Fv2%2Fcategories&post=2974"},{"taxonomy":"post_tag","embeddable":true,"href":"https:\/\/www.samskitchen.at\/index.php?rest_route=%2Fwp%2Fv2%2Ftags&post=2974"}],"curies":[{"name":"wp","href":"https:\/\/api.w.org\/{rel}","templated":true}]}}