{"id":2939,"date":"2017-03-02T13:44:06","date_gmt":"2017-03-02T12:44:06","guid":{"rendered":"http:\/\/www.samskitchen.at\/?p=2939"},"modified":"2017-03-02T16:22:23","modified_gmt":"2017-03-02T15:22:23","slug":"dortmunder-salzkuchen","status":"publish","type":"post","link":"https:\/\/www.samskitchen.at\/?p=2939","title":{"rendered":"Dortmunder Salzkuchen"},"content":{"rendered":"<p>&nbsp;<\/p>\n<p><span style=\"font-family: 'Arial Unicode MS', sans-serif;\"><span style=\"font-size: medium;\"><span style=\"color: #262626;\"><a href=\"http:\/\/www.samskitchen.at\/?attachment_id=2948\" rel=\"attachment wp-att-2948\"><img decoding=\"async\" loading=\"lazy\" class=\"alignnone size-full wp-image-2948\" src=\"http:\/\/www.samskitchen.at\/wp-content\/uploads\/2017\/03\/2017-03-02-12.13.53.jpg\" alt=\"\" width=\"700\" height=\"525\" srcset=\"https:\/\/www.samskitchen.at\/wp-content\/uploads\/2017\/03\/2017-03-02-12.13.53.jpg 700w, https:\/\/www.samskitchen.at\/wp-content\/uploads\/2017\/03\/2017-03-02-12.13.53-300x225.jpg 300w, https:\/\/www.samskitchen.at\/wp-content\/uploads\/2017\/03\/2017-03-02-12.13.53-510x383.jpg 510w, https:\/\/www.samskitchen.at\/wp-content\/uploads\/2017\/03\/2017-03-02-12.13.53-125x94.jpg 125w\" sizes=\"(max-width: 700px) 100vw, 700px\" \/><\/a>Dortmund. Der Salzkuchen gilt als inoffizielles kulinarisches Wahrzeichen der Stadt Dortmund. <\/span><\/span><\/span><\/p>\n<p><span style=\"font-family: 'Arial Unicode MS', sans-serif;\"><span style=\"font-size: medium;\"><span style=\"color: #262626;\">Mitten in der Innenstadt liegt das westf\u00e4lische Loch, in dem die Salzkuchen spurlos verschwinden. Haupts\u00e4chlich in den alteingesessenen Gasth\u00e4usern rund um den Alten Markt entmaterialisieren sich viele dieser Br\u00f6tchen zusammen mit \u00f6rtlichen Bierspezialit\u00e4ten.<\/span><\/span><\/span><\/p>\n<p><span style=\"font-family: 'Arial Unicode MS', sans-serif;\"><span style=\"font-size: medium;\"><span style=\"color: #262626;\">Es ist also verst\u00e4ndlich, dass es die meist mit Mett, oder K\u00e4se belegten Br\u00f6tchen nicht \u00fcber die Stadtgrenze hinaus zu gr\u00f6\u00dferer Prominenz geschafft haben. Salzkuchen sind eine original Dortmunder Spezialit\u00e4t! <\/span><\/span><\/span><\/p>\n<p><span style=\"font-family: 'Arial Unicode MS', sans-serif;\"><span style=\"font-size: medium;\"><span style=\"color: #262626;\">Warum kommt ein K\u00e4rntner auf dieses weitgehend unbekannte Geb\u00e4ck? Thomas Oskar Stockey ein Hobbyb\u00e4cker aus D\u00fcsseldorf brachte mich auf Idee diese Kringel zu backen. Also begab ich mich auf die Suche \u2013 fand aber keine wirklich ansprechenden Rezepte eher nur Beschreibungen wie es aussieht und schmecken sollte.<\/span><\/span><\/span><\/p>\n<p><span style=\"font-family: 'Arial Unicode MS', sans-serif;\"><span style=\"font-size: medium;\"><span style=\"color: #262626;\">Also ran an den Kneter und wie sag ich immer: schaun wir mal \u2013 dann werden wir schon sehen!<\/span><\/span><\/span><\/p>\n<p><strong>Weizensauerteig TA 160:<\/strong><br \/>\n350 g&nbsp;W700 (550)<br \/>\n210 g Wasser<br \/>\n40 g Lievito Madre&nbsp;<br \/>\nDie Zutaten verkneten, bis alles gel\u00f6st ist und 12-16 Stunden bei Raumtemperatur reifen lassen.<\/p>\n<p><strong>Hauptteig TA 160:<\/strong><br \/>\nSauerteig<br \/>\n900 g Weizenmehl&nbsp;W 700 (550)<br \/>\n250 g Weizenmehl W1600 (1050)&nbsp;<br \/>\n690 g Wasser<br \/>\n25&nbsp;g Backmalz&nbsp;<br \/>\n34 g Oliven\u00f6l<br \/>\n33 g Salz<\/p>\n<p>Alle Zutaten mit dem Kneter verkneten, 6 Minuten langsam und 1 Minuten schnell. Der Teig sollte glatt sein und sich vom Sch\u00fcsselrand l\u00f6sen. In eine Sch\u00fcssel geben und 3 bis 3 1\/2 Stunden reifen lassen. Der Teig sollte deutlich aufgehen.<br \/>\nDann den Teiglinge zu je 100g auswiegen und rundschleifen. Nach einer kurzen Entspannungsphase von ca. 15-20 Minuten werden die runden Teiglinge etwas flach ger\u00fcckt und mit den Fingern wird in der Mitte ein Loch gemacht. Die so entstandenen Kringel werden dann noch etwas auseinander gezogen und auf ein mit Backpapier belegtes Blech gelegt mit einer Plastikfolie (sauberer M\u00fcllsack) abgedeckt und bei 30\u00b0 deutlich aufgehen lassen. &nbsp;Mit Milch grossz\u00fcgig bestreichen und in eine Salz-K\u00fcmmelmischung tauchen. Backofen auf ca&nbsp;250\u00b0 aufheizen und mit viel Schwaden ca 20 Minuten backen.&nbsp;<\/p>\n<p><a href=\"http:\/\/www.samskitchen.at\/?attachment_id=2942\" rel=\"attachment wp-att-2942\"><img decoding=\"async\" loading=\"lazy\" class=\"alignnone size-full wp-image-2942\" src=\"http:\/\/www.samskitchen.at\/wp-content\/uploads\/2017\/03\/2017-03-02-10.53.11.jpg\" alt=\"\" width=\"700\" height=\"525\" srcset=\"https:\/\/www.samskitchen.at\/wp-content\/uploads\/2017\/03\/2017-03-02-10.53.11.jpg 700w, https:\/\/www.samskitchen.at\/wp-content\/uploads\/2017\/03\/2017-03-02-10.53.11-300x225.jpg 300w, https:\/\/www.samskitchen.at\/wp-content\/uploads\/2017\/03\/2017-03-02-10.53.11-510x383.jpg 510w, https:\/\/www.samskitchen.at\/wp-content\/uploads\/2017\/03\/2017-03-02-10.53.11-125x94.jpg 125w\" sizes=\"(max-width: 700px) 100vw, 700px\" \/><\/a><a href=\"http:\/\/www.samskitchen.at\/?attachment_id=2945\" rel=\"attachment wp-att-2945\"><img decoding=\"async\" loading=\"lazy\" class=\"alignnone size-full wp-image-2945\" src=\"http:\/\/www.samskitchen.at\/wp-content\/uploads\/2017\/03\/2017-03-02-11.42.18.jpg\" alt=\"\" width=\"700\" height=\"525\" srcset=\"https:\/\/www.samskitchen.at\/wp-content\/uploads\/2017\/03\/2017-03-02-11.42.18.jpg 700w, https:\/\/www.samskitchen.at\/wp-content\/uploads\/2017\/03\/2017-03-02-11.42.18-300x225.jpg 300w, https:\/\/www.samskitchen.at\/wp-content\/uploads\/2017\/03\/2017-03-02-11.42.18-510x383.jpg 510w, https:\/\/www.samskitchen.at\/wp-content\/uploads\/2017\/03\/2017-03-02-11.42.18-125x94.jpg 125w\" sizes=\"(max-width: 700px) 100vw, 700px\" \/><\/a><a href=\"http:\/\/www.samskitchen.at\/?attachment_id=2944\" rel=\"attachment wp-att-2944\"><img decoding=\"async\" loading=\"lazy\" class=\"alignnone size-full wp-image-2944\" src=\"http:\/\/www.samskitchen.at\/wp-content\/uploads\/2017\/03\/2017-03-02-11.42.13.jpg\" alt=\"\" width=\"700\" height=\"525\" srcset=\"https:\/\/www.samskitchen.at\/wp-content\/uploads\/2017\/03\/2017-03-02-11.42.13.jpg 700w, https:\/\/www.samskitchen.at\/wp-content\/uploads\/2017\/03\/2017-03-02-11.42.13-300x225.jpg 300w, https:\/\/www.samskitchen.at\/wp-content\/uploads\/2017\/03\/2017-03-02-11.42.13-510x383.jpg 510w, https:\/\/www.samskitchen.at\/wp-content\/uploads\/2017\/03\/2017-03-02-11.42.13-125x94.jpg 125w\" sizes=\"(max-width: 700px) 100vw, 700px\" \/><\/a><a href=\"http:\/\/www.samskitchen.at\/?attachment_id=2943\" rel=\"attachment wp-att-2943\"><img decoding=\"async\" loading=\"lazy\" class=\"alignnone size-full wp-image-2943\" src=\"http:\/\/www.samskitchen.at\/wp-content\/uploads\/2017\/03\/2017-03-02-11.42.09.jpg\" alt=\"\" width=\"700\" height=\"525\" srcset=\"https:\/\/www.samskitchen.at\/wp-content\/uploads\/2017\/03\/2017-03-02-11.42.09.jpg 700w, https:\/\/www.samskitchen.at\/wp-content\/uploads\/2017\/03\/2017-03-02-11.42.09-300x225.jpg 300w, https:\/\/www.samskitchen.at\/wp-content\/uploads\/2017\/03\/2017-03-02-11.42.09-510x383.jpg 510w, https:\/\/www.samskitchen.at\/wp-content\/uploads\/2017\/03\/2017-03-02-11.42.09-125x94.jpg 125w\" sizes=\"(max-width: 700px) 100vw, 700px\" \/><\/a><a href=\"http:\/\/www.samskitchen.at\/?attachment_id=2946\" rel=\"attachment wp-att-2946\"><img decoding=\"async\" loading=\"lazy\" class=\"alignnone size-full wp-image-2946\" src=\"http:\/\/www.samskitchen.at\/wp-content\/uploads\/2017\/03\/2017-03-02-12.13.43.jpg\" alt=\"\" width=\"700\" height=\"525\" srcset=\"https:\/\/www.samskitchen.at\/wp-content\/uploads\/2017\/03\/2017-03-02-12.13.43.jpg 700w, https:\/\/www.samskitchen.at\/wp-content\/uploads\/2017\/03\/2017-03-02-12.13.43-300x225.jpg 300w, https:\/\/www.samskitchen.at\/wp-content\/uploads\/2017\/03\/2017-03-02-12.13.43-510x383.jpg 510w, https:\/\/www.samskitchen.at\/wp-content\/uploads\/2017\/03\/2017-03-02-12.13.43-125x94.jpg 125w\" sizes=\"(max-width: 700px) 100vw, 700px\" \/><\/a><a href=\"http:\/\/www.samskitchen.at\/?attachment_id=2949\" rel=\"attachment wp-att-2949\"><img decoding=\"async\" loading=\"lazy\" class=\"alignnone size-full wp-image-2949\" src=\"http:\/\/www.samskitchen.at\/wp-content\/uploads\/2017\/03\/2017-03-02-12.15.46.jpg\" alt=\"\" width=\"700\" height=\"933\" srcset=\"https:\/\/www.samskitchen.at\/wp-content\/uploads\/2017\/03\/2017-03-02-12.15.46.jpg 700w, https:\/\/www.samskitchen.at\/wp-content\/uploads\/2017\/03\/2017-03-02-12.15.46-225x300.jpg 225w, https:\/\/www.samskitchen.at\/wp-content\/uploads\/2017\/03\/2017-03-02-12.15.46-510x680.jpg 510w, https:\/\/www.samskitchen.at\/wp-content\/uploads\/2017\/03\/2017-03-02-12.15.46-75x100.jpg 75w\" sizes=\"(max-width: 700px) 100vw, 700px\" \/><\/a><a href=\"http:\/\/www.samskitchen.at\/?attachment_id=2948\" rel=\"attachment wp-att-2948\"><img decoding=\"async\" loading=\"lazy\" class=\"alignnone size-full wp-image-2948\" src=\"http:\/\/www.samskitchen.at\/wp-content\/uploads\/2017\/03\/2017-03-02-12.13.53.jpg\" alt=\"\" width=\"700\" height=\"525\" srcset=\"https:\/\/www.samskitchen.at\/wp-content\/uploads\/2017\/03\/2017-03-02-12.13.53.jpg 700w, https:\/\/www.samskitchen.at\/wp-content\/uploads\/2017\/03\/2017-03-02-12.13.53-300x225.jpg 300w, https:\/\/www.samskitchen.at\/wp-content\/uploads\/2017\/03\/2017-03-02-12.13.53-510x383.jpg 510w, https:\/\/www.samskitchen.at\/wp-content\/uploads\/2017\/03\/2017-03-02-12.13.53-125x94.jpg 125w\" sizes=\"(max-width: 700px) 100vw, 700px\" \/><\/a><a href=\"http:\/\/www.samskitchen.at\/?attachment_id=2950\" rel=\"attachment wp-att-2950\"><img decoding=\"async\" loading=\"lazy\" class=\"alignnone size-full wp-image-2950\" src=\"http:\/\/www.samskitchen.at\/wp-content\/uploads\/2017\/03\/2017-03-02-12.15.53.jpg\" alt=\"\" width=\"700\" height=\"933\" srcset=\"https:\/\/www.samskitchen.at\/wp-content\/uploads\/2017\/03\/2017-03-02-12.15.53.jpg 700w, https:\/\/www.samskitchen.at\/wp-content\/uploads\/2017\/03\/2017-03-02-12.15.53-225x300.jpg 225w, https:\/\/www.samskitchen.at\/wp-content\/uploads\/2017\/03\/2017-03-02-12.15.53-510x680.jpg 510w, https:\/\/www.samskitchen.at\/wp-content\/uploads\/2017\/03\/2017-03-02-12.15.53-75x100.jpg 75w\" sizes=\"(max-width: 700px) 100vw, 700px\" \/><\/a><a href=\"http:\/\/www.samskitchen.at\/?attachment_id=2952\" rel=\"attachment wp-att-2952\"><img decoding=\"async\" loading=\"lazy\" class=\"alignnone size-full wp-image-2952\" src=\"http:\/\/www.samskitchen.at\/wp-content\/uploads\/2017\/03\/2017-03-02-12.50.38.jpg\" alt=\"\" width=\"700\" height=\"525\" srcset=\"https:\/\/www.samskitchen.at\/wp-content\/uploads\/2017\/03\/2017-03-02-12.50.38.jpg 700w, https:\/\/www.samskitchen.at\/wp-content\/uploads\/2017\/03\/2017-03-02-12.50.38-300x225.jpg 300w, https:\/\/www.samskitchen.at\/wp-content\/uploads\/2017\/03\/2017-03-02-12.50.38-510x383.jpg 510w, https:\/\/www.samskitchen.at\/wp-content\/uploads\/2017\/03\/2017-03-02-12.50.38-125x94.jpg 125w\" sizes=\"(max-width: 700px) 100vw, 700px\" \/><\/a><\/p>\n<p>eingereicht bei <a href=\"http:\/\/www.wildyeastblog.com\/yeastspotting\/\">Yeastspotting<\/a><\/p>\n","protected":false},"excerpt":{"rendered":"<p>&nbsp; Dortmund. Der Salzkuchen gilt als inoffizielles kulinarisches Wahrzeichen der Stadt Dortmund. Mitten in der Innenstadt liegt das westf\u00e4lische Loch, in dem die Salzkuchen spurlos verschwinden. Haupts\u00e4chlich in den alteingesessenen Gasth\u00e4usern rund um den Alten Markt entmaterialisieren sich viele dieser Br\u00f6tchen zusammen mit \u00f6rtlichen Bierspezialit\u00e4ten. Es ist also verst\u00e4ndlich, dass es die meist mit Mett, oder K\u00e4se belegten Br\u00f6tchen nicht &hellip;<\/p>\n","protected":false},"author":1,"featured_media":2947,"comment_status":"open","ping_status":"open","sticky":false,"template":"","format":"standard","meta":{"_mi_skip_tracking":false,"_exactmetrics_sitenote_active":false,"_exactmetrics_sitenote_note":"","_exactmetrics_sitenote_category":0,"ngg_post_thumbnail":0,"jetpack_post_was_ever_published":false,"_jetpack_newsletter_access":"","footnotes":"","jetpack_publicize_message":"","jetpack_is_tweetstorm":false,"jetpack_publicize_feature_enabled":true,"jetpack_social_post_already_shared":true,"jetpack_social_options":{"image_generator_settings":{"template":"highway","enabled":false}}},"categories":[2],"tags":[150,314,35],"jetpack_publicize_connections":[],"jetpack_featured_media_url":"https:\/\/www.samskitchen.at\/wp-content\/uploads\/2017\/03\/2017-03-02-12.13.49.jpg","jetpack_sharing_enabled":true,"jetpack_shortlink":"https:\/\/wp.me\/p41IW0-Lp","_links":{"self":[{"href":"https:\/\/www.samskitchen.at\/index.php?rest_route=\/wp\/v2\/posts\/2939"}],"collection":[{"href":"https:\/\/www.samskitchen.at\/index.php?rest_route=\/wp\/v2\/posts"}],"about":[{"href":"https:\/\/www.samskitchen.at\/index.php?rest_route=\/wp\/v2\/types\/post"}],"author":[{"embeddable":true,"href":"https:\/\/www.samskitchen.at\/index.php?rest_route=\/wp\/v2\/users\/1"}],"replies":[{"embeddable":true,"href":"https:\/\/www.samskitchen.at\/index.php?rest_route=%2Fwp%2Fv2%2Fcomments&post=2939"}],"version-history":[{"count":4,"href":"https:\/\/www.samskitchen.at\/index.php?rest_route=\/wp\/v2\/posts\/2939\/revisions"}],"predecessor-version":[{"id":2955,"href":"https:\/\/www.samskitchen.at\/index.php?rest_route=\/wp\/v2\/posts\/2939\/revisions\/2955"}],"wp:featuredmedia":[{"embeddable":true,"href":"https:\/\/www.samskitchen.at\/index.php?rest_route=\/wp\/v2\/media\/2947"}],"wp:attachment":[{"href":"https:\/\/www.samskitchen.at\/index.php?rest_route=%2Fwp%2Fv2%2Fmedia&parent=2939"}],"wp:term":[{"taxonomy":"category","embeddable":true,"href":"https:\/\/www.samskitchen.at\/index.php?rest_route=%2Fwp%2Fv2%2Fcategories&post=2939"},{"taxonomy":"post_tag","embeddable":true,"href":"https:\/\/www.samskitchen.at\/index.php?rest_route=%2Fwp%2Fv2%2Ftags&post=2939"}],"curies":[{"name":"wp","href":"https:\/\/api.w.org\/{rel}","templated":true}]}}