{"id":2928,"date":"2017-02-23T10:35:40","date_gmt":"2017-02-23T09:35:40","guid":{"rendered":"http:\/\/www.samskitchen.at\/?p=2928"},"modified":"2017-02-23T10:35:40","modified_gmt":"2017-02-23T09:35:40","slug":"cocolina-kokosbrot","status":"publish","type":"post","link":"https:\/\/www.samskitchen.at\/?p=2928","title":{"rendered":"Cocolina  (Kokosbrot)"},"content":{"rendered":"<p><a href=\"http:\/\/www.samskitchen.at\/?attachment_id=2931\" rel=\"attachment wp-att-2931\"><img decoding=\"async\" loading=\"lazy\" class=\"alignnone size-full wp-image-2931\" src=\"http:\/\/www.samskitchen.at\/wp-content\/uploads\/2017\/02\/20170221_153001-1.jpg\" alt=\"\" width=\"1000\" height=\"918\" srcset=\"https:\/\/www.samskitchen.at\/wp-content\/uploads\/2017\/02\/20170221_153001-1.jpg 1000w, https:\/\/www.samskitchen.at\/wp-content\/uploads\/2017\/02\/20170221_153001-1-300x275.jpg 300w, https:\/\/www.samskitchen.at\/wp-content\/uploads\/2017\/02\/20170221_153001-1-768x705.jpg 768w, https:\/\/www.samskitchen.at\/wp-content\/uploads\/2017\/02\/20170221_153001-1-510x468.jpg 510w, https:\/\/www.samskitchen.at\/wp-content\/uploads\/2017\/02\/20170221_153001-1-109x100.jpg 109w\" sizes=\"(max-width: 1000px) 100vw, 1000px\" \/><\/a><\/p>\n<p>Premiere bei Sam\u00b4s Kitchen! &nbsp;Der ERSTE Gastbeitrag!<\/p>\n<p>Welch eine Freude und gro\u00dfe Ehre. Ich darf heute beim lieben Samuel auf Sam&#8217;s Kitchen Blog zu Gast sein. Nat\u00fcrlich habe ich auch ein Gastgeschenk im Gep\u00e4ck, mit dem ich Euch hoffentlich begl\u00fccken kann.<br \/>\nAber wer bin ich eigentlich?<br \/>\nMein Name ist Andrea und ich bin begeisterte Hobbybrotb\u00e4ckerin.Generell bin ich Jemand,der auf Selbstgemachtes steht. Warum dann nicht auch Brot selbst backen? Meine ersten Gehversuche sind kl\u00e4glich gescheitert und da stand ich nun, wie die Kuh vorm neuen Tor. An das Thema habe ich mich dann mit leichten Brotrezepten ran getastet. Viel Hefe und wenig Geschmack waren das Ergebnis. Durch Zufall stie\u00df ich auf Facebook auf eine Gruppe, die sich liebevoll mit dem Thema Brot backen besch\u00e4ftigt. Was mir aber wahnsinnigen Auftrieb gab, war eine Patenschaft Aktion. Und jetzt ratet mal, wer mich adoptiert hat.Ja genau, der liebe Samuel. Seine zahlreichen Tipp&#8217;s , Tricks und Kniffe haben mich mehr als befl\u00fcgelt und pl\u00f6tzlich kamen die geschmacklich wunderbarsten Brote aus dem Ofen gehupst.Brote mit Charme und Charakter.<br \/>\nVor ein paar Tagen suchte ich vergeblich ein Rezept f\u00fcr ein Kokosbrot, dass in den Niederlanden sehr beliebt ist. Leider wurde ich nicht f\u00fcndig .Kurzum machte ich mir meine Gedanken, die ich Samuel vorstellte. Nach einigen Ausbesserungen kam dann folgendes Rezept zustande.<\/p>\n<p>Mein Cocolina, ein Fr\u00fchst\u00fccksbrot mit leichter Kokosnote.<\/p>\n<p><strong>Rezept f\u00fcr ein Brot von 1150g&nbsp;<\/strong><\/p>\n<p>Einen Tag vorm backen<\/p>\n<p>100 g Weizenmehl 550 (\u00d6sterr. 700)<br \/>\n100 g Wasser<br \/>\n5 g Hefe<br \/>\n2 Stunden bei Raumtemperatur gehen lassen, danach \u00fcber Nacht in den K\u00fchlschrank<\/p>\n<p>Lievito Madre auffrischen damit er gen\u00fcgend Triebkraft hat<\/p>\n<p>80 g Kokosflocken und 80 g Wasser mischen<\/p>\n<p>Am Backtag<\/p>\n<p>Vorteig<br \/>\nKokosflocken<br \/>\n200 g Weizenmehl 1050 &nbsp;( \u00d6sterr. 1600)<br \/>\n200 g Dinkelmehl 630 &nbsp; &nbsp; &nbsp;(\u00d6sterr. 700)<br \/>\n100 g LM<br \/>\n100 g Joghurt<br \/>\n150 g Wasser<br \/>\n10 g Salz<br \/>\n2 TL Zucker oder Honig<\/p>\n<p>Alle Zutaten verkneten, bis sich der Teig von der Sch\u00fcssel l\u00f6st<\/p>\n<p>Falten, rundwirken und mit dem Schluss nach unten f\u00fcr 2 Stunden im gut bemehlten G\u00e4rk\u00f6rbchen gehen lassen<br \/>\nOfen mit einem feuerfesten Topf auf 250 Grad vorheizen<\/p>\n<p>Den Teigling vorsichtig in den Topf geben, kreuzf\u00f6rmig einschneiden<br \/>\nBei 250 Grad 20 Minuten mit Deckel backen, danach die Temperatur auf 200 Grad reduzieren und 30 Minuten fertig backen.<\/p>\n<p><a href=\"http:\/\/www.samskitchen.at\/?attachment_id=2930\" rel=\"attachment wp-att-2930\"><img decoding=\"async\" loading=\"lazy\" class=\"alignnone size-full wp-image-2930\" src=\"http:\/\/www.samskitchen.at\/wp-content\/uploads\/2017\/02\/20170221_152749-1.jpg\" alt=\"\" width=\"1000\" height=\"878\" srcset=\"https:\/\/www.samskitchen.at\/wp-content\/uploads\/2017\/02\/20170221_152749-1.jpg 1000w, https:\/\/www.samskitchen.at\/wp-content\/uploads\/2017\/02\/20170221_152749-1-300x263.jpg 300w, https:\/\/www.samskitchen.at\/wp-content\/uploads\/2017\/02\/20170221_152749-1-768x674.jpg 768w, https:\/\/www.samskitchen.at\/wp-content\/uploads\/2017\/02\/20170221_152749-1-510x448.jpg 510w, https:\/\/www.samskitchen.at\/wp-content\/uploads\/2017\/02\/20170221_152749-1-114x100.jpg 114w\" sizes=\"(max-width: 1000px) 100vw, 1000px\" \/><\/a> <a href=\"http:\/\/www.samskitchen.at\/?attachment_id=2929\" rel=\"attachment wp-att-2929\"><img decoding=\"async\" loading=\"lazy\" class=\"alignnone size-full wp-image-2929\" src=\"http:\/\/www.samskitchen.at\/wp-content\/uploads\/2017\/02\/2017-02-22-16.10.36.jpg\" alt=\"\" width=\"1000\" height=\"640\" srcset=\"https:\/\/www.samskitchen.at\/wp-content\/uploads\/2017\/02\/2017-02-22-16.10.36.jpg 1000w, https:\/\/www.samskitchen.at\/wp-content\/uploads\/2017\/02\/2017-02-22-16.10.36-300x192.jpg 300w, https:\/\/www.samskitchen.at\/wp-content\/uploads\/2017\/02\/2017-02-22-16.10.36-768x492.jpg 768w, https:\/\/www.samskitchen.at\/wp-content\/uploads\/2017\/02\/2017-02-22-16.10.36-510x326.jpg 510w, https:\/\/www.samskitchen.at\/wp-content\/uploads\/2017\/02\/2017-02-22-16.10.36-125x80.jpg 125w\" sizes=\"(max-width: 1000px) 100vw, 1000px\" \/><\/a> <a href=\"http:\/\/www.samskitchen.at\/?attachment_id=2932\" rel=\"attachment wp-att-2932\"><img decoding=\"async\" loading=\"lazy\" class=\"alignnone size-full wp-image-2932\" src=\"http:\/\/www.samskitchen.at\/wp-content\/uploads\/2017\/02\/20170221_170304-1.jpg\" alt=\"\" width=\"1000\" height=\"951\" srcset=\"https:\/\/www.samskitchen.at\/wp-content\/uploads\/2017\/02\/20170221_170304-1.jpg 1000w, https:\/\/www.samskitchen.at\/wp-content\/uploads\/2017\/02\/20170221_170304-1-300x285.jpg 300w, https:\/\/www.samskitchen.at\/wp-content\/uploads\/2017\/02\/20170221_170304-1-768x730.jpg 768w, https:\/\/www.samskitchen.at\/wp-content\/uploads\/2017\/02\/20170221_170304-1-510x485.jpg 510w, https:\/\/www.samskitchen.at\/wp-content\/uploads\/2017\/02\/20170221_170304-1-105x100.jpg 105w\" sizes=\"(max-width: 1000px) 100vw, 1000px\" \/><\/a><\/p>\n<p>Quelle: Andrea Danzz<\/p>\n","protected":false},"excerpt":{"rendered":"<p>Premiere bei Sam\u00b4s Kitchen! &nbsp;Der ERSTE Gastbeitrag! Welch eine Freude und gro\u00dfe Ehre. Ich darf heute beim lieben Samuel auf Sam&#8217;s Kitchen Blog zu Gast sein. Nat\u00fcrlich habe ich auch ein Gastgeschenk im Gep\u00e4ck, mit dem ich Euch hoffentlich begl\u00fccken kann. Aber wer bin ich eigentlich? Mein Name ist Andrea und ich bin begeisterte Hobbybrotb\u00e4ckerin.Generell bin ich Jemand,der auf Selbstgemachtes &hellip;<\/p>\n","protected":false},"author":1,"featured_media":2931,"comment_status":"open","ping_status":"open","sticky":false,"template":"","format":"standard","meta":{"_mi_skip_tracking":false,"_exactmetrics_sitenote_active":false,"_exactmetrics_sitenote_note":"","_exactmetrics_sitenote_category":0,"ngg_post_thumbnail":0,"jetpack_post_was_ever_published":false,"_jetpack_newsletter_access":"","footnotes":"","jetpack_publicize_message":"","jetpack_is_tweetstorm":false,"jetpack_publicize_feature_enabled":true,"jetpack_social_post_already_shared":true,"jetpack_social_options":{"image_generator_settings":{"template":"highway","enabled":false}}},"categories":[2],"tags":[23,313,311,150,312],"jetpack_publicize_connections":[],"jetpack_featured_media_url":"https:\/\/www.samskitchen.at\/wp-content\/uploads\/2017\/02\/20170221_153001-1.jpg","jetpack_sharing_enabled":true,"jetpack_shortlink":"https:\/\/wp.me\/p41IW0-Le","_links":{"self":[{"href":"https:\/\/www.samskitchen.at\/index.php?rest_route=\/wp\/v2\/posts\/2928"}],"collection":[{"href":"https:\/\/www.samskitchen.at\/index.php?rest_route=\/wp\/v2\/posts"}],"about":[{"href":"https:\/\/www.samskitchen.at\/index.php?rest_route=\/wp\/v2\/types\/post"}],"author":[{"embeddable":true,"href":"https:\/\/www.samskitchen.at\/index.php?rest_route=\/wp\/v2\/users\/1"}],"replies":[{"embeddable":true,"href":"https:\/\/www.samskitchen.at\/index.php?rest_route=%2Fwp%2Fv2%2Fcomments&post=2928"}],"version-history":[{"count":1,"href":"https:\/\/www.samskitchen.at\/index.php?rest_route=\/wp\/v2\/posts\/2928\/revisions"}],"predecessor-version":[{"id":2933,"href":"https:\/\/www.samskitchen.at\/index.php?rest_route=\/wp\/v2\/posts\/2928\/revisions\/2933"}],"wp:featuredmedia":[{"embeddable":true,"href":"https:\/\/www.samskitchen.at\/index.php?rest_route=\/wp\/v2\/media\/2931"}],"wp:attachment":[{"href":"https:\/\/www.samskitchen.at\/index.php?rest_route=%2Fwp%2Fv2%2Fmedia&parent=2928"}],"wp:term":[{"taxonomy":"category","embeddable":true,"href":"https:\/\/www.samskitchen.at\/index.php?rest_route=%2Fwp%2Fv2%2Fcategories&post=2928"},{"taxonomy":"post_tag","embeddable":true,"href":"https:\/\/www.samskitchen.at\/index.php?rest_route=%2Fwp%2Fv2%2Ftags&post=2928"}],"curies":[{"name":"wp","href":"https:\/\/api.w.org\/{rel}","templated":true}]}}