{"id":288,"date":"2013-10-29T21:54:29","date_gmt":"2013-10-29T19:54:29","guid":{"rendered":"http:\/\/www.samskitchen.at\/?p=288"},"modified":"2013-10-29T22:04:12","modified_gmt":"2013-10-29T20:04:12","slug":"blogger-fuer-backen-mit-zeit-und-geschmack","status":"publish","type":"post","link":"https:\/\/www.samskitchen.at\/?p=288","title":{"rendered":"\u201cBlogger F\u00fcr Backen Mit Zeit Und Geschmack\u201d"},"content":{"rendered":"<p><a href=\"http:\/\/die-b\u00e4cker.org\"><img decoding=\"async\" loading=\"lazy\" class=\"wp-image-268 alignleft\" alt=\"blogger-baecker\" src=\"http:\/\/www.samskitchen.at\/wp-content\/uploads\/2013\/10\/blogger-baecker.jpg\" width=\"108\" height=\"108\" srcset=\"https:\/\/www.samskitchen.at\/wp-content\/uploads\/2013\/10\/blogger-baecker.jpg 300w, https:\/\/www.samskitchen.at\/wp-content\/uploads\/2013\/10\/blogger-baecker-150x150.jpg 150w\" sizes=\"(max-width: 108px) 100vw, 108px\" \/><\/a><\/p>\n<div>\n<p><strong>Ich hab mir erlaubt <a href=\"http:\/\/brotdoc.com\/2013\/10\/29\/blogger-fur-backen-mit-zeit-und-geschmack\/\">Bj\u00f6rns<\/a> Artikel hier wiederzugeben.<\/strong><\/p>\n<p>Lutz\u00a0<a href=\"http:\/\/www.ploetzblog.de\/2013\/10\/21\/geflasht-aufgeklappte-messer-und-ein-skandal-auf-der-baeckermesse-suedback-in-stuttgart\/\">Artikel \u00fcber die Back-Messe \u201cS\u00fcdback\u201d in Stuttgart<\/a>\u00a0und vor allem die Diskussion, die dar\u00fcber entbrannt ist, hat es mal wieder ans Tageslicht gebracht:<br \/>\nIn unserem Land, das sich zu Recht auf seine lange Tradition im Brotbacken beruft, sieht es inzwischen d\u00fcster aus, was die handwerkliche Herstellung von Backwaren angeht. Der Markt wird beherrscht von B\u00e4ckereiketten, Backshops, die lediglich noch vorgefertigte Backmischungen anr\u00fchren oder Fertig-Teiglinge abbacken.<br \/>\nDamit das m\u00f6glich ist, werden die Mischungen und Teiglinge mit allerlei chemischen Zaubereien versehen, die lange Lagerung, gute G\u00e4rstabilit\u00e4t erm\u00f6glichen. Die noch existierenden handwerklichen B\u00e4ckereien befinden sich im W\u00fcrgegriff der Backwaren-Industrie und in einem vermeintlich nicht l\u00f6sbaren Spannungsfeld zwischen dem Kundenanspruch und der Realisierbarkeit dieser Anspr\u00fcche.<\/p>\n<p><strong>Wir Brot-Blogger betrachten dies mit gro\u00dfer Sorge. Gerade das Grundnahrungsmittel \u201cBrot\u201d, eines der urspr\u00fcnglichsten N\u00e4hrmittel \u00fcberhaupt, sollte nicht zum Spielball industrieller Interessen werden!<\/strong><\/p>\n<p>Bei mir kommt noch hinzu, da\u00df ich in meiner t\u00e4glichen Praxis immer mehr Menschen mit Verdauungsproblemen beraten mu\u00df. Die kommen doch nicht von ungef\u00e4hr, mir kann keiner erz\u00e4hlen, da\u00df pl\u00f6tzlich so viele Menschen eine Getreidesorte (Weizen) nicht mehr vertragen sollen. Das kann und mu\u00df daran liegen, wie und mit welchen Zusatzstoffen heute das Grundnahrungsmittel Brot hergestellt wird, denn vor 20-30 Jahren gab es diese Probleme noch kaum.<br \/>\nNun ist es so, da\u00df eine zunehmende Zahl an B\u00e4ckern, die dieses Irrsinns \u00fcberdr\u00fcssig sind, wieder zu traditioneller Herstellung zur\u00fcck kehren. Sie haben den\u00a0<a href=\"http:\/\/xn--die-bcker-z2a.org\/informationen\/ziele-unseres-vereins\">Verein \u201cDie B\u00e4cker\u201d<\/a>\u00a0gegr\u00fcndet, der ihre Interessen vertritt.<br \/>\nYushka hat sich ein Herz genommen, und\u00a0<a href=\"http:\/\/www.sugarprincess-juschka.blogspot.de\/2013\/10\/blogger-fur-backen-mit-zeit-und.html\">einen Button erstellt<\/a>, mit dem f\u00fcr die Unterst\u00fctzung dieses Vereins geworben wird. Dies finde ich toll und daher ziert dieser Button seit ein paar Tagen auch meinen Blog.<br \/>\nWenn Sie nicht sowieso selbst backen, nehmen Sie Sich doch ein paar Minuten Zeit und sehen sich den\u00a0<a href=\"http:\/\/xn--die-bcker-z2a.org\/informationen\/ziele-unseres-vereins\">Verein \u201cDie B\u00e4cker\u201d<\/a>\u00a0einmal an. Auf der Seite finden Sie Angaben, wo sich einer der angeschlossenen B\u00e4cker in Ihrer N\u00e4he befindet. Kaufen Sie bitte ihr Brot in Zukunft dort ein und unterst\u00fctzen Sie die traditionelle Herstellung von Broten! Sie werden es nicht nur am viel besseren Geschmack merken, sondern auch etwas f\u00fcr Ihre Gesundheit tun. Erwarten Sie nicht zu jeder Tageszeit immer volle Brotregale und frisch gebackenes Brot, das kann kein traditionell-handwerklicher B\u00e4cker ohne massivste Selbstausbeutung schaffen. Betrachten Sie Brot wieder als etwas richtig Wertvolles, das mit Genu\u00df und Wertsch\u00e4tzung gegessen werden mu\u00df.<br \/>\nNur so k\u00f6nnen wir alle verhindern, da\u00df auch noch die letzte handwerklich-traditionelle B\u00e4ckerei in den n\u00e4chsten Jahren aufgeben mu\u00df.<\/p>\n<p>Quelle: <a href=\"http:\/\/brotdoc.com\/2013\/10\/29\/blogger-fur-backen-mit-zeit-und-geschmack\/\">Der Brotdoc<\/a><\/p>\n<div id=\"jp-post-flair\"><\/div>\n<\/div>\n","protected":false},"excerpt":{"rendered":"<p>Ich hab mir erlaubt Bj\u00f6rns Artikel hier wiederzugeben. Lutz\u00a0Artikel \u00fcber die Back-Messe \u201cS\u00fcdback\u201d in Stuttgart\u00a0und vor allem die Diskussion, die dar\u00fcber entbrannt ist, hat es mal wieder ans Tageslicht gebracht: In unserem Land, das sich zu Recht auf seine lange Tradition im Brotbacken beruft, sieht es inzwischen d\u00fcster aus, was die handwerkliche Herstellung von Backwaren angeht. Der Markt wird beherrscht &hellip;<\/p>\n","protected":false},"author":1,"featured_media":0,"comment_status":"open","ping_status":"open","sticky":false,"template":"","format":"standard","meta":{"_mi_skip_tracking":false,"_exactmetrics_sitenote_active":false,"_exactmetrics_sitenote_note":"","_exactmetrics_sitenote_category":0,"ngg_post_thumbnail":0,"jetpack_post_was_ever_published":false,"_jetpack_newsletter_access":"","footnotes":"","jetpack_publicize_message":"","jetpack_is_tweetstorm":false,"jetpack_publicize_feature_enabled":true,"jetpack_social_post_already_shared":true,"jetpack_social_options":{"image_generator_settings":{"template":"highway","enabled":false}}},"categories":[1],"tags":[],"jetpack_publicize_connections":[],"jetpack_featured_media_url":"","jetpack_sharing_enabled":true,"jetpack_shortlink":"https:\/\/wp.me\/p41IW0-4E","_links":{"self":[{"href":"https:\/\/www.samskitchen.at\/index.php?rest_route=\/wp\/v2\/posts\/288"}],"collection":[{"href":"https:\/\/www.samskitchen.at\/index.php?rest_route=\/wp\/v2\/posts"}],"about":[{"href":"https:\/\/www.samskitchen.at\/index.php?rest_route=\/wp\/v2\/types\/post"}],"author":[{"embeddable":true,"href":"https:\/\/www.samskitchen.at\/index.php?rest_route=\/wp\/v2\/users\/1"}],"replies":[{"embeddable":true,"href":"https:\/\/www.samskitchen.at\/index.php?rest_route=%2Fwp%2Fv2%2Fcomments&post=288"}],"version-history":[{"count":4,"href":"https:\/\/www.samskitchen.at\/index.php?rest_route=\/wp\/v2\/posts\/288\/revisions"}],"predecessor-version":[{"id":292,"href":"https:\/\/www.samskitchen.at\/index.php?rest_route=\/wp\/v2\/posts\/288\/revisions\/292"}],"wp:attachment":[{"href":"https:\/\/www.samskitchen.at\/index.php?rest_route=%2Fwp%2Fv2%2Fmedia&parent=288"}],"wp:term":[{"taxonomy":"category","embeddable":true,"href":"https:\/\/www.samskitchen.at\/index.php?rest_route=%2Fwp%2Fv2%2Fcategories&post=288"},{"taxonomy":"post_tag","embeddable":true,"href":"https:\/\/www.samskitchen.at\/index.php?rest_route=%2Fwp%2Fv2%2Ftags&post=288"}],"curies":[{"name":"wp","href":"https:\/\/api.w.org\/{rel}","templated":true}]}}