{"id":2863,"date":"2017-02-03T09:57:34","date_gmt":"2017-02-03T08:57:34","guid":{"rendered":"http:\/\/www.samskitchen.at\/?p=2863"},"modified":"2017-02-05T15:43:22","modified_gmt":"2017-02-05T14:43:22","slug":"fruehstueckskoerberl-salz-hefe-verfahren","status":"publish","type":"post","link":"https:\/\/www.samskitchen.at\/?p=2863","title":{"rendered":"Fr\u00fchst\u00fccksk\u00f6rberl (Salz-Hefe Verfahren)"},"content":{"rendered":"<h5><a href=\"http:\/\/www.samskitchen.at\/?attachment_id=2888\" rel=\"attachment wp-att-2888\"><img decoding=\"async\" loading=\"lazy\" class=\"alignnone size-full wp-image-2888\" src=\"http:\/\/www.samskitchen.at\/wp-content\/uploads\/2017\/02\/2017-02-02-21.20.47-1.jpg\" alt=\"\" width=\"1200\" height=\"900\" srcset=\"https:\/\/www.samskitchen.at\/wp-content\/uploads\/2017\/02\/2017-02-02-21.20.47-1.jpg 1200w, https:\/\/www.samskitchen.at\/wp-content\/uploads\/2017\/02\/2017-02-02-21.20.47-1-300x225.jpg 300w, https:\/\/www.samskitchen.at\/wp-content\/uploads\/2017\/02\/2017-02-02-21.20.47-1-768x576.jpg 768w, https:\/\/www.samskitchen.at\/wp-content\/uploads\/2017\/02\/2017-02-02-21.20.47-1-510x383.jpg 510w, https:\/\/www.samskitchen.at\/wp-content\/uploads\/2017\/02\/2017-02-02-21.20.47-1-125x94.jpg 125w\" sizes=\"(max-width: 1200px) 100vw, 1200px\" \/><\/a><\/h5>\n<h5>Zu Beginn meiner Bloggerei hab ich ein Fr\u00fchst\u00fccksk\u00f6rberl gebacken, gleicher Teig lediglich die Aufarbeitung ist unterschiedlich. Angeblich \u00e4ndert sich auch der Geschmack beim unterschiedlichen wirken und formen. Das Auge isst auch mit und die Einbildung nicht zu vergessen. Irgendwann hab ich gedacht, mit dem Salz-Hefe Verfahren m\u00fcsste ich das Fr\u00fchst\u00fccksk\u00f6rberl neu aufrollen. Es ist hiermit soweit. Nach dem Motto: Schau ma mal &#8211; dann werden wir schon sehen. Also ran an den Kneter! Ich mach immer mehr und dann friere ich den Rest ein. Kurz in den Ofen und schmeckt fast wie frisch. So hat man immer was zum Fr\u00fchst\u00fcck oder wenn unerwartet G\u00e4ste kommen. Immer noch besser als schnell was vom Backshop.<\/h5>\n<h2><b style=\"font-family: ArialMT, serif;\">Rezept:<\/b><\/h2>\n<p><span style=\"color: #1a1a1a;\"><span style=\"font-family: ArialMT, serif;\"><span style=\"font-size: large;\"><strong>Salz-Hefe-Mischung:<\/strong><br \/>\n<\/span><\/span><\/span><span style=\"color: #1a1a1a;\"><span style=\"font-family: ArialMT, serif;\"><span style=\"font-size: large;\">45<\/span><\/span><\/span><span style=\"color: #1a1a1a;\"><span style=\"font-family: ArialMT, serif;\"><span style=\"font-size: large;\"> g Frischgerm<br \/>\n<\/span><\/span><\/span><span style=\"color: #1a1a1a;\"><span style=\"font-family: ArialMT, serif;\"><span style=\"font-size: large;\">35<\/span><\/span><\/span><span style=\"color: #1a1a1a;\"><span style=\"font-family: ArialMT, serif;\"><span style=\"font-size: large;\">&nbsp;g Salz<br \/>\n<\/span><\/span><\/span><span style=\"color: #1a1a1a;\"><span style=\"font-family: ArialMT, serif;\"><span style=\"font-size: large;\">350<\/span><\/span><\/span><span style=\"color: #1a1a1a;\"><span style=\"font-family: ArialMT, serif;\"><span style=\"font-size: large;\"> g Wasser<\/span><\/span><\/span><\/p>\n<p><strong><span style=\"color: #1a1a1a;\"><span style=\"font-family: ArialMT, serif;\"><span style=\"font-size: large;\">Hauptteig:<br \/>\n<\/span><\/span><\/span><\/strong><span style=\"color: #1a1a1a;\"><span style=\"font-family: ArialMT, serif;\"><span style=\"font-size: large;\">Salz-Hefe-Mischung<br \/>\n<\/span><\/span><\/span><span style=\"color: #1a1a1a;\"><span style=\"font-family: ArialMT, serif;\"><span style=\"font-size: large;\">1620<\/span><\/span><\/span><span style=\"color: #1a1a1a;\"><span style=\"font-family: ArialMT, serif;\"><span style=\"font-size: large;\"> g Weizenmehl W700<br \/>\n<\/span><\/span><\/span><span style=\"color: #1a1a1a;\"><span style=\"font-family: ArialMT, serif;\"><span style=\"font-size: large;\">650 g Wasser<br \/>\n<\/span><\/span><\/span><span style=\"color: #1a1a1a;\"><span style=\"font-family: ArialMT, serif;\"><span style=\"font-size: large;\">90<\/span><\/span><\/span><span style=\"color: #1a1a1a;\"><span style=\"font-family: ArialMT, serif;\"><span style=\"font-size: large;\"> g Milch<br \/>\n<\/span><\/span><\/span><span style=\"color: #1a1a1a;\"><span style=\"font-family: ArialMT, serif;\"><span style=\"font-size: large;\">35<\/span><\/span><\/span><span style=\"color: #1a1a1a;\"><span style=\"font-family: ArialMT, serif;\"><span style=\"font-size: large;\">&nbsp;g Backmalz<br \/>\n<\/span><\/span><\/span><span style=\"color: #1a1a1a;\"><span style=\"font-family: ArialMT, serif;\"><span style=\"font-size: large;\">90<\/span><\/span><\/span><span style=\"color: #1a1a1a;\"><span style=\"font-family: ArialMT, serif;\"><span style=\"font-size: large;\"> g Butter<\/span><\/span><\/span><\/p>\n<h5><span style=\"color: #1a1a1a;\"><span style=\"font-family: ArialMT, serif;\"><span style=\"font-size: large;\">Bei der Herstellung der Salz-Hefe-Mischung, Hefe, Salz und Wasser vermischen und \u00fcber Nacht in den K\u00fchlschrank stellen.<br \/>\n<\/span><\/span><\/span><\/h5>\n<h5>Durch die Salzl\u00f6sung wird Zellfl\u00fcssigkeit aus den Hefen abgezogen \u2013 es kommt zur Plasmolyse, d.h. einer Zellhautsch\u00e4digung durch Abl\u00f6sen (schrumpfen). Dadurch wird die Zellhaut durchl\u00e4ssig, und die Hefeenzyme treten aus. Die Hefezellen sterben dabei ab. Die im Zellsaft enthaltenen G\u00e4rungsenzyme bleiben jedoch wirksam und gelangen \u00fcber die Salzl\u00f6sung in den Teig..<\/h5>\n<h5>Vorteile der Salz-Hefel\u00f6sung:<\/h5>\n<h5>plastische Teige (weniger z\u00e4h)<br \/>\nl\u00e4nger frisch bleibende Teige (junge Teige)<br \/>\nbessere Teigstabilit\u00e4t<br \/>\nrelativ gro\u00dfe G\u00e4rtoleranz<br \/>\nVerarbeitung gro\u00dfer Teigmengen<\/h5>\n<h5>Von dieser Salz-Hefe-L\u00f6sung kann man ein bis zwei Tage lang zur Herstellung s\u00e4mtlicher Brot-und Kleingeb\u00e4ckteige die jeweils ben\u00f6tige Menge entnehmen; gegebenenfalls kann man dem Teig noch Hefe zusetzten. Dies ist aber kaum notwendig, da die Teige sehr schnell die volle Teigreife erreichen.<\/h5>\n<p><span style=\"color: #1a1a1a;\"><span style=\"font-family: ArialMT, serif;\"><span style=\"font-size: large;\">F\u00fcr den Hauptteig alle Zutaten au\u00dfer der Butter &nbsp;5 Minuten auf kleinster Stufe der Knetmaschine vermengen, dann weitere 10 Minuten auf der zweiten Stufe.Anschlie\u00dfend die Butter dazugeben und 10 Minuten weiter kneten bis sich der Teig vom Sch\u00fcsselboden l\u00f6st.<br \/>\n<\/span><\/span><\/span><\/p>\n<p><span style=\"color: #1a1a1a;\"><span style=\"font-family: ArialMT, serif;\"><span style=\"font-size: large;\">Dann den Teig ca. 90 Minuten bei 24 Grad gehen lasen. (Sch\u00fcssel in einen Plastiksack stecken und luftdicht verschliessen)<\/span><\/span><\/span><\/p>\n<p><span style=\"color: #1a1a1a;\"><span style=\"font-family: ArialMT, serif;\"><span style=\"font-size: large;\">Danach sollte der aufgegangene Teig kr\u00e4ftig ausgestossen werden um das Kohlenstoffdioxid herauszudr\u00fccken.<\/span><\/span><\/span><\/p>\n<p><span style=\"color: #1a1a1a;\"><span style=\"font-family: ArialMT, serif;\"><span style=\"font-size: large;\">Teiglinge zu je 70g auswiegen und rund schleifen<\/span><\/span><\/span><span style=\"color: #1a1a1a;\"><span style=\"font-family: ArialMT, serif;\"><span style=\"font-size: large;\">. <\/span><\/span><\/span><span style=\"color: #1a1a1a;\"><span style=\"font-family: ArialMT, serif;\"><span style=\"font-size: large;\">Diese brauchen dann eine kurze Verschnaufpause um sich entspannen zu k\u00f6nnen<\/span><\/span><\/span><span style=\"color: #1a1a1a;\"><span style=\"font-family: ArialMT, serif;\"><span style=\"font-size: large;\">(ca. 15 Min.).<\/span><\/span><\/span><\/p>\n<p><span style=\"color: #1a1a1a;\"><span style=\"font-family: ArialMT, serif;\"><span style=\"font-size: large;\">Nach der Ruhepause die gew\u00fcnschten Semmerl, Stangerln oder Mohnfleserln wirken, mit Plastik abdecken und bei ca 30 Grad sch\u00f6n aufgehen lassen.<\/span><\/span><\/span><\/p>\n<p><span style=\"color: #1a1a1a;\"><span style=\"font-family: ArialMT, serif;\"><span style=\"font-size: large;\">Dann im vorgeheizten Backofen bei 2<\/span><\/span><\/span><span style=\"color: #1a1a1a;\"><span style=\"font-family: ArialMT, serif;\"><span style=\"font-size: large;\">50<\/span><\/span><\/span><span style=\"color: #1a1a1a;\"><span style=\"font-family: ArialMT, serif;\"><span style=\"font-size: large;\"> Grad <\/span><\/span><\/span><span style=\"color: #1a1a1a;\"><span style=\"font-family: ArialMT, serif;\"><span style=\"font-size: large;\">so ca. 15 Minuten<\/span><\/span><\/span><span style=\"color: #1a1a1a;\"><span style=\"font-family: ArialMT, serif;\"><span style=\"font-size: large;\"> mit Schwaden backen.<\/span><\/span><\/span><span style=\"color: #1a1a1a;\"><span style=\"font-family: ArialMT, serif;\"><span style=\"font-size: large;\"> Aber nehmt mich mit der Zeit bitte nicht beim Wort \u2013 immer die Backwaren beobachten.<\/span><\/span><\/span> <span style=\"color: #1a1a1a;\"><span style=\"font-family: ArialMT, serif;\"><span style=\"font-size: large;\">Nach ca. 10 Minuten den Schwaden ablassen<\/span><\/span><\/span><span style=\"color: #1a1a1a;\"><span style=\"font-family: ArialMT, serif;\"><span style=\"font-size: large;\">. <\/span><\/span><\/span><span style=\"color: #1a1a1a;\"><span style=\"font-family: ArialMT, serif;\"><span style=\"font-size: large;\">Nach Backende die Backwaren sofort mit Wasser bespr\u00fchen und ausk\u00fchlen lassen.<\/span><\/span><\/span><\/p>\n<p>Fazit:&nbsp;<br \/>\nDieses Verfahren bietet sich an, wenn gr\u00f6ssere Teigmengen zu verarbeiten sind, die der normale Ofen nicht auf einmal fassen kann. Bei meinem Versuch hab ich den Ofen drei mal beschickt und konnte keine Unterschiede im Ofentrieb oder Volumen feststellen. Also ideal wenn man im Haushaltsofen gr\u00f6ssere Mengen backen will. Der Teig ist aber relativ weich und klebt mehr. Beim schlagen der Semmel sollte man mehr Staubmehl verwenden damit die Laugen nicht verkleben. Geschmacklich ok, Krume sch\u00f6n gleichmassig und feinporig.&nbsp;<\/p>\n<p><a href=\"http:\/\/www.samskitchen.at\/?attachment_id=2889\" rel=\"attachment wp-att-2889\"><img decoding=\"async\" loading=\"lazy\" class=\"alignnone size-full wp-image-2889\" src=\"http:\/\/www.samskitchen.at\/wp-content\/uploads\/2017\/02\/2017-02-02-21.20.53-1.jpg\" alt=\"\" width=\"1200\" height=\"900\" srcset=\"https:\/\/www.samskitchen.at\/wp-content\/uploads\/2017\/02\/2017-02-02-21.20.53-1.jpg 1200w, https:\/\/www.samskitchen.at\/wp-content\/uploads\/2017\/02\/2017-02-02-21.20.53-1-300x225.jpg 300w, https:\/\/www.samskitchen.at\/wp-content\/uploads\/2017\/02\/2017-02-02-21.20.53-1-768x576.jpg 768w, https:\/\/www.samskitchen.at\/wp-content\/uploads\/2017\/02\/2017-02-02-21.20.53-1-510x383.jpg 510w, https:\/\/www.samskitchen.at\/wp-content\/uploads\/2017\/02\/2017-02-02-21.20.53-1-125x94.jpg 125w\" sizes=\"(max-width: 1200px) 100vw, 1200px\" \/><\/a> <a href=\"http:\/\/www.samskitchen.at\/?attachment_id=2888\" rel=\"attachment wp-att-2888\"><img decoding=\"async\" loading=\"lazy\" class=\"alignnone size-full wp-image-2888\" src=\"http:\/\/www.samskitchen.at\/wp-content\/uploads\/2017\/02\/2017-02-02-21.20.47-1.jpg\" alt=\"\" width=\"1200\" height=\"900\" srcset=\"https:\/\/www.samskitchen.at\/wp-content\/uploads\/2017\/02\/2017-02-02-21.20.47-1.jpg 1200w, https:\/\/www.samskitchen.at\/wp-content\/uploads\/2017\/02\/2017-02-02-21.20.47-1-300x225.jpg 300w, https:\/\/www.samskitchen.at\/wp-content\/uploads\/2017\/02\/2017-02-02-21.20.47-1-768x576.jpg 768w, https:\/\/www.samskitchen.at\/wp-content\/uploads\/2017\/02\/2017-02-02-21.20.47-1-510x383.jpg 510w, https:\/\/www.samskitchen.at\/wp-content\/uploads\/2017\/02\/2017-02-02-21.20.47-1-125x94.jpg 125w\" sizes=\"(max-width: 1200px) 100vw, 1200px\" \/><\/a> <a href=\"http:\/\/www.samskitchen.at\/?attachment_id=2887\" rel=\"attachment wp-att-2887\"><img decoding=\"async\" loading=\"lazy\" class=\"alignnone size-full wp-image-2887\" src=\"http:\/\/www.samskitchen.at\/wp-content\/uploads\/2017\/02\/2017-02-02-21.20.38-1.jpg\" alt=\"\" width=\"1200\" height=\"900\" srcset=\"https:\/\/www.samskitchen.at\/wp-content\/uploads\/2017\/02\/2017-02-02-21.20.38-1.jpg 1200w, https:\/\/www.samskitchen.at\/wp-content\/uploads\/2017\/02\/2017-02-02-21.20.38-1-300x225.jpg 300w, https:\/\/www.samskitchen.at\/wp-content\/uploads\/2017\/02\/2017-02-02-21.20.38-1-768x576.jpg 768w, https:\/\/www.samskitchen.at\/wp-content\/uploads\/2017\/02\/2017-02-02-21.20.38-1-510x383.jpg 510w, https:\/\/www.samskitchen.at\/wp-content\/uploads\/2017\/02\/2017-02-02-21.20.38-1-125x94.jpg 125w\" sizes=\"(max-width: 1200px) 100vw, 1200px\" \/><\/a> <a href=\"http:\/\/www.samskitchen.at\/?attachment_id=2886\" rel=\"attachment wp-att-2886\"><img decoding=\"async\" loading=\"lazy\" class=\"alignnone size-full wp-image-2886\" src=\"http:\/\/www.samskitchen.at\/wp-content\/uploads\/2017\/02\/2017-02-02-20.53.01-2.jpg\" alt=\"\" width=\"1200\" height=\"900\" srcset=\"https:\/\/www.samskitchen.at\/wp-content\/uploads\/2017\/02\/2017-02-02-20.53.01-2.jpg 1200w, https:\/\/www.samskitchen.at\/wp-content\/uploads\/2017\/02\/2017-02-02-20.53.01-2-300x225.jpg 300w, https:\/\/www.samskitchen.at\/wp-content\/uploads\/2017\/02\/2017-02-02-20.53.01-2-768x576.jpg 768w, https:\/\/www.samskitchen.at\/wp-content\/uploads\/2017\/02\/2017-02-02-20.53.01-2-510x383.jpg 510w, https:\/\/www.samskitchen.at\/wp-content\/uploads\/2017\/02\/2017-02-02-20.53.01-2-125x94.jpg 125w\" sizes=\"(max-width: 1200px) 100vw, 1200px\" \/><\/a> <a href=\"http:\/\/www.samskitchen.at\/?attachment_id=2885\" rel=\"attachment wp-att-2885\"><img decoding=\"async\" loading=\"lazy\" class=\"alignnone size-full wp-image-2885\" src=\"http:\/\/www.samskitchen.at\/wp-content\/uploads\/2017\/02\/2017-02-02-20.52.53-2.jpg\" alt=\"\" width=\"1200\" height=\"900\" srcset=\"https:\/\/www.samskitchen.at\/wp-content\/uploads\/2017\/02\/2017-02-02-20.52.53-2.jpg 1200w, https:\/\/www.samskitchen.at\/wp-content\/uploads\/2017\/02\/2017-02-02-20.52.53-2-300x225.jpg 300w, https:\/\/www.samskitchen.at\/wp-content\/uploads\/2017\/02\/2017-02-02-20.52.53-2-768x576.jpg 768w, https:\/\/www.samskitchen.at\/wp-content\/uploads\/2017\/02\/2017-02-02-20.52.53-2-510x383.jpg 510w, https:\/\/www.samskitchen.at\/wp-content\/uploads\/2017\/02\/2017-02-02-20.52.53-2-125x94.jpg 125w\" sizes=\"(max-width: 1200px) 100vw, 1200px\" \/><\/a> <a href=\"http:\/\/www.samskitchen.at\/?attachment_id=2884\" rel=\"attachment wp-att-2884\"><img decoding=\"async\" loading=\"lazy\" class=\"alignnone size-full wp-image-2884\" src=\"http:\/\/www.samskitchen.at\/wp-content\/uploads\/2017\/02\/2017-02-02-20.52.09-2.jpg\" alt=\"\" width=\"1200\" height=\"900\" srcset=\"https:\/\/www.samskitchen.at\/wp-content\/uploads\/2017\/02\/2017-02-02-20.52.09-2.jpg 1200w, https:\/\/www.samskitchen.at\/wp-content\/uploads\/2017\/02\/2017-02-02-20.52.09-2-300x225.jpg 300w, https:\/\/www.samskitchen.at\/wp-content\/uploads\/2017\/02\/2017-02-02-20.52.09-2-768x576.jpg 768w, https:\/\/www.samskitchen.at\/wp-content\/uploads\/2017\/02\/2017-02-02-20.52.09-2-510x383.jpg 510w, https:\/\/www.samskitchen.at\/wp-content\/uploads\/2017\/02\/2017-02-02-20.52.09-2-125x94.jpg 125w\" sizes=\"(max-width: 1200px) 100vw, 1200px\" \/><\/a> <a href=\"http:\/\/www.samskitchen.at\/?attachment_id=2890\" rel=\"attachment wp-att-2890\"><img decoding=\"async\" loading=\"lazy\" class=\"alignnone size-full wp-image-2890\" src=\"http:\/\/www.samskitchen.at\/wp-content\/uploads\/2017\/02\/2017-02-02-21.32.16-1.jpg\" alt=\"\" width=\"1200\" height=\"900\" srcset=\"https:\/\/www.samskitchen.at\/wp-content\/uploads\/2017\/02\/2017-02-02-21.32.16-1.jpg 1200w, https:\/\/www.samskitchen.at\/wp-content\/uploads\/2017\/02\/2017-02-02-21.32.16-1-300x225.jpg 300w, https:\/\/www.samskitchen.at\/wp-content\/uploads\/2017\/02\/2017-02-02-21.32.16-1-768x576.jpg 768w, https:\/\/www.samskitchen.at\/wp-content\/uploads\/2017\/02\/2017-02-02-21.32.16-1-510x383.jpg 510w, https:\/\/www.samskitchen.at\/wp-content\/uploads\/2017\/02\/2017-02-02-21.32.16-1-125x94.jpg 125w\" sizes=\"(max-width: 1200px) 100vw, 1200px\" \/><\/a> <a href=\"http:\/\/www.samskitchen.at\/?attachment_id=2891\" rel=\"attachment wp-att-2891\"><img decoding=\"async\" loading=\"lazy\" class=\"alignnone size-full wp-image-2891\" src=\"http:\/\/www.samskitchen.at\/wp-content\/uploads\/2017\/02\/2017-02-02-21.32.26-2.jpg\" alt=\"\" width=\"1000\" height=\"750\" srcset=\"https:\/\/www.samskitchen.at\/wp-content\/uploads\/2017\/02\/2017-02-02-21.32.26-2.jpg 1000w, https:\/\/www.samskitchen.at\/wp-content\/uploads\/2017\/02\/2017-02-02-21.32.26-2-300x225.jpg 300w, https:\/\/www.samskitchen.at\/wp-content\/uploads\/2017\/02\/2017-02-02-21.32.26-2-768x576.jpg 768w, https:\/\/www.samskitchen.at\/wp-content\/uploads\/2017\/02\/2017-02-02-21.32.26-2-510x383.jpg 510w, https:\/\/www.samskitchen.at\/wp-content\/uploads\/2017\/02\/2017-02-02-21.32.26-2-125x94.jpg 125w\" sizes=\"(max-width: 1000px) 100vw, 1000px\" \/><\/a><\/p>\n<p>eingereicht bei: <a href=\"http:\/\/www.wildyeastblog.com\/yeastspotting\/\">Yeastspotting<\/a><\/p>\n","protected":false},"excerpt":{"rendered":"<p>Zu Beginn meiner Bloggerei hab ich ein Fr\u00fchst\u00fccksk\u00f6rberl gebacken, gleicher Teig lediglich die Aufarbeitung ist unterschiedlich. Angeblich \u00e4ndert sich auch der Geschmack beim unterschiedlichen wirken und formen. Das Auge isst auch mit und die Einbildung nicht zu vergessen. Irgendwann hab ich gedacht, mit dem Salz-Hefe Verfahren m\u00fcsste ich das Fr\u00fchst\u00fccksk\u00f6rberl neu aufrollen. Es ist hiermit soweit. Nach dem Motto: Schau &hellip;<\/p>\n","protected":false},"author":1,"featured_media":2888,"comment_status":"open","ping_status":"open","sticky":false,"template":"","format":"standard","meta":{"_mi_skip_tracking":false,"_exactmetrics_sitenote_active":false,"_exactmetrics_sitenote_note":"","_exactmetrics_sitenote_category":0,"ngg_post_thumbnail":0,"jetpack_post_was_ever_published":false,"_jetpack_newsletter_access":"","footnotes":"","jetpack_publicize_message":"","jetpack_is_tweetstorm":false,"jetpack_publicize_feature_enabled":true,"jetpack_social_post_already_shared":true,"jetpack_social_options":{"image_generator_settings":{"template":"highway","enabled":false}}},"categories":[2],"tags":[26,74,191],"jetpack_publicize_connections":[],"jetpack_featured_media_url":"https:\/\/www.samskitchen.at\/wp-content\/uploads\/2017\/02\/2017-02-02-21.20.47-1.jpg","jetpack_sharing_enabled":true,"jetpack_shortlink":"https:\/\/wp.me\/p41IW0-Kb","_links":{"self":[{"href":"https:\/\/www.samskitchen.at\/index.php?rest_route=\/wp\/v2\/posts\/2863"}],"collection":[{"href":"https:\/\/www.samskitchen.at\/index.php?rest_route=\/wp\/v2\/posts"}],"about":[{"href":"https:\/\/www.samskitchen.at\/index.php?rest_route=\/wp\/v2\/types\/post"}],"author":[{"embeddable":true,"href":"https:\/\/www.samskitchen.at\/index.php?rest_route=\/wp\/v2\/users\/1"}],"replies":[{"embeddable":true,"href":"https:\/\/www.samskitchen.at\/index.php?rest_route=%2Fwp%2Fv2%2Fcomments&post=2863"}],"version-history":[{"count":9,"href":"https:\/\/www.samskitchen.at\/index.php?rest_route=\/wp\/v2\/posts\/2863\/revisions"}],"predecessor-version":[{"id":2899,"href":"https:\/\/www.samskitchen.at\/index.php?rest_route=\/wp\/v2\/posts\/2863\/revisions\/2899"}],"wp:featuredmedia":[{"embeddable":true,"href":"https:\/\/www.samskitchen.at\/index.php?rest_route=\/wp\/v2\/media\/2888"}],"wp:attachment":[{"href":"https:\/\/www.samskitchen.at\/index.php?rest_route=%2Fwp%2Fv2%2Fmedia&parent=2863"}],"wp:term":[{"taxonomy":"category","embeddable":true,"href":"https:\/\/www.samskitchen.at\/index.php?rest_route=%2Fwp%2Fv2%2Fcategories&post=2863"},{"taxonomy":"post_tag","embeddable":true,"href":"https:\/\/www.samskitchen.at\/index.php?rest_route=%2Fwp%2Fv2%2Ftags&post=2863"}],"curies":[{"name":"wp","href":"https:\/\/api.w.org\/{rel}","templated":true}]}}