{"id":281,"date":"2013-10-27T21:37:46","date_gmt":"2013-10-27T19:37:46","guid":{"rendered":"http:\/\/www.samskitchen.at\/?p=281"},"modified":"2013-10-30T16:35:43","modified_gmt":"2013-10-30T14:35:43","slug":"buchteln","status":"publish","type":"post","link":"https:\/\/www.samskitchen.at\/?p=281","title":{"rendered":"Buchteln"},"content":{"rendered":"<h1><\/h1>\n<div id=\"attachment_283\" style=\"width: 310px\" class=\"wp-caption aligncenter\"><a href=\"http:\/\/www.samskitchen.at\/wp-content\/uploads\/2013\/10\/2013-10-27-13.56.33.jpg\"><img aria-describedby=\"caption-attachment-283\" decoding=\"async\" loading=\"lazy\" class=\"size-medium wp-image-283\" alt=\"Buchteln\" src=\"http:\/\/www.samskitchen.at\/wp-content\/uploads\/2013\/10\/2013-10-27-13.56.33-300x224.jpg\" width=\"300\" height=\"224\" srcset=\"https:\/\/www.samskitchen.at\/wp-content\/uploads\/2013\/10\/2013-10-27-13.56.33-300x224.jpg 300w, https:\/\/www.samskitchen.at\/wp-content\/uploads\/2013\/10\/2013-10-27-13.56.33-510x382.jpg 510w, https:\/\/www.samskitchen.at\/wp-content\/uploads\/2013\/10\/2013-10-27-13.56.33-530x397.jpg 530w\" sizes=\"(max-width: 300px) 100vw, 300px\" \/><\/a><p id=\"caption-attachment-283\" class=\"wp-caption-text\">Buchteln<\/p><\/div>\n<p>Buchteln oder auch Wuchteln sind aus der \u00f6sterreichischen Mehlspeisk\u00fcche nicht wegzudenken.Alle m\u00f6glichen Variationen und Formen werden angeboten. Der Fantasie des B\u00e4ckers sind keine Grenzen gesetzt. In der \u00f6sterreichischen und b\u00f6hmischen Variante werden Buchteln h\u00e4ufig mit Powidl, Mohn, Topfen oder Marillenmarmelade gef\u00fcllt, in Bayern auch oft mit Rosinen, Powidl oder frischen, ganzen Zwetschgen. Als Wiener Spezialit\u00e4t werden vor dem Backen jeweils f\u00fcnf St\u00fcck zu einem Kreis mit einer Kugel in der Mitte zusammengef\u00fcgt. Nach dem Backen werden sie mit Staubzucker (Puderzucker) best\u00e4ubt und warm gegessen.<\/p>\n<p>Hier die Variante von Franz Maier-Bruck: Das gro\u00dfe Sacher Kochbuch, ISBN 3-7796-5070-3:<\/p>\n<p><strong>Rezept:<br \/>\n<\/strong><em>(f\u00fcr 25 St\u00fcck)<br \/>\n<\/em>500 g Weizenmehl W480 Universal<br \/>\n80 g Kristallzucker<br \/>\n80 g Butter<br \/>\n20 g Hefe<br \/>\n185 ml Milch<br \/>\n2-4 Eidotter<br \/>\n5g Salz<br \/>\nZitronenschale<br \/>\nVanille<br \/>\nMarillenmarmelade<br \/>\nStaubzucker<br \/>\nButter<\/p>\n<p>Aus 60 ml der lauwarmen Milch, Germ, ein wenig Mehl und einer Prise Zucker ein &#8222;Dampfl&#8220; ansetzen. \u00a0Die restliche Milch mit ein wenig Butter, Salz, Vanille und Zucker auf ca. 30 Grad erw\u00e4rmen, zum Mehl und Dampfl geben, geriebene Zitronenschale und Eidotter dazugeben (eine erh\u00f6hte Eidottermenge ergibt noch feinere Buchten). Zum Aufgehen den Teig warm stellen. Einmal zusammensto\u00dfen.<br \/>\nDen Germteig (ca 30 x 30 cm ) ausrollen. In f\u00fcnf mal f\u00fcnf Teile schneiden, Marillenmarmelade in die Mitte geben und die vier Ecken der Teigst\u00fccke \u00fcbereinanderschlagen und zusammendr\u00fccken. Jede einzelne Buchtel mit zerlassener Butter bestreichen, mit dem Schluss nach unten in eine Form dicht aneinander einschlichten. Auchgehen lassen und ca 45 Minuten bei 160 Grad backen. Eventuell am Ende der Backzeit abdecken.<br \/>\nAusk\u00fchlen lassen und mit Staubzucker bestreuen.<\/p>\n<p>&nbsp;<\/p>\n","protected":false},"excerpt":{"rendered":"<p>Buchteln oder auch Wuchteln sind aus der \u00f6sterreichischen Mehlspeisk\u00fcche nicht wegzudenken.Alle m\u00f6glichen Variationen und Formen werden angeboten. Der Fantasie des B\u00e4ckers sind keine Grenzen gesetzt. In der \u00f6sterreichischen und b\u00f6hmischen Variante werden Buchteln h\u00e4ufig mit Powidl, Mohn, Topfen oder Marillenmarmelade gef\u00fcllt, in Bayern auch oft mit Rosinen, Powidl oder frischen, ganzen Zwetschgen. Als Wiener Spezialit\u00e4t werden vor dem Backen jeweils &hellip;<\/p>\n","protected":false},"author":1,"featured_media":282,"comment_status":"open","ping_status":"open","sticky":false,"template":"","format":"standard","meta":{"_mi_skip_tracking":false,"_exactmetrics_sitenote_active":false,"_exactmetrics_sitenote_note":"","_exactmetrics_sitenote_category":0,"ngg_post_thumbnail":0,"jetpack_post_was_ever_published":false,"_jetpack_newsletter_access":"","footnotes":"","jetpack_publicize_message":"","jetpack_is_tweetstorm":false,"jetpack_publicize_feature_enabled":true,"jetpack_social_post_already_shared":true,"jetpack_social_options":{"image_generator_settings":{"template":"highway","enabled":false}}},"categories":[2],"tags":[36,38,40,39],"jetpack_publicize_connections":[],"jetpack_featured_media_url":"https:\/\/www.samskitchen.at\/wp-content\/uploads\/2013\/10\/2013-10-27-13.55.53.jpg","jetpack_sharing_enabled":true,"jetpack_shortlink":"https:\/\/wp.me\/s41IW0-buchteln","_links":{"self":[{"href":"https:\/\/www.samskitchen.at\/index.php?rest_route=\/wp\/v2\/posts\/281"}],"collection":[{"href":"https:\/\/www.samskitchen.at\/index.php?rest_route=\/wp\/v2\/posts"}],"about":[{"href":"https:\/\/www.samskitchen.at\/index.php?rest_route=\/wp\/v2\/types\/post"}],"author":[{"embeddable":true,"href":"https:\/\/www.samskitchen.at\/index.php?rest_route=\/wp\/v2\/users\/1"}],"replies":[{"embeddable":true,"href":"https:\/\/www.samskitchen.at\/index.php?rest_route=%2Fwp%2Fv2%2Fcomments&post=281"}],"version-history":[{"count":9,"href":"https:\/\/www.samskitchen.at\/index.php?rest_route=\/wp\/v2\/posts\/281\/revisions"}],"predecessor-version":[{"id":299,"href":"https:\/\/www.samskitchen.at\/index.php?rest_route=\/wp\/v2\/posts\/281\/revisions\/299"}],"wp:featuredmedia":[{"embeddable":true,"href":"https:\/\/www.samskitchen.at\/index.php?rest_route=\/wp\/v2\/media\/282"}],"wp:attachment":[{"href":"https:\/\/www.samskitchen.at\/index.php?rest_route=%2Fwp%2Fv2%2Fmedia&parent=281"}],"wp:term":[{"taxonomy":"category","embeddable":true,"href":"https:\/\/www.samskitchen.at\/index.php?rest_route=%2Fwp%2Fv2%2Fcategories&post=281"},{"taxonomy":"post_tag","embeddable":true,"href":"https:\/\/www.samskitchen.at\/index.php?rest_route=%2Fwp%2Fv2%2Ftags&post=281"}],"curies":[{"name":"wp","href":"https:\/\/api.w.org\/{rel}","templated":true}]}}