{"id":2766,"date":"2016-11-24T16:22:32","date_gmt":"2016-11-24T15:22:32","guid":{"rendered":"http:\/\/www.samskitchen.at\/?p=2766"},"modified":"2017-01-09T18:17:06","modified_gmt":"2017-01-09T17:17:06","slug":"panini-dell-harrys-bar","status":"publish","type":"post","link":"https:\/\/www.samskitchen.at\/?p=2766","title":{"rendered":"Panini dell&#8216; Harry&#8217;s Bar"},"content":{"rendered":"<p><a href=\"http:\/\/www.samskitchen.at\/?attachment_id=2773#main\" rel=\"attachment wp-att-2773\"><img decoding=\"async\" loading=\"lazy\" class=\"alignnone wp-image-2773 size-large\" src=\"http:\/\/www.samskitchen.at\/wp-content\/uploads\/2016\/11\/2016-11-24-15.21.05-510x383.jpg\" alt=\"2016-11-24-15-21-05\" width=\"510\" height=\"383\" srcset=\"https:\/\/www.samskitchen.at\/wp-content\/uploads\/2016\/11\/2016-11-24-15.21.05-510x383.jpg 510w, https:\/\/www.samskitchen.at\/wp-content\/uploads\/2016\/11\/2016-11-24-15.21.05-300x225.jpg 300w, https:\/\/www.samskitchen.at\/wp-content\/uploads\/2016\/11\/2016-11-24-15.21.05-768x576.jpg 768w, https:\/\/www.samskitchen.at\/wp-content\/uploads\/2016\/11\/2016-11-24-15.21.05-330x248.jpg 330w, https:\/\/www.samskitchen.at\/wp-content\/uploads\/2016\/11\/2016-11-24-15.21.05-530x398.jpg 530w, https:\/\/www.samskitchen.at\/wp-content\/uploads\/2016\/11\/2016-11-24-15.21.05.jpg 1000w\" sizes=\"(max-width: 510px) 100vw, 510px\" \/><\/a><\/p>\n<p>Die &#8222;Harry&#8217;s Bar in Venedig &nbsp;&#8211; eine Bar die seit 1931 Reisende aus aller Herren L\u00e4nder anzieht.<\/p>\n<p>Sie liegt westlich vom Markusplatz in der Calle Vallaresso 1323.<\/p>\n<p>Harry\u2019s Bar wurde am 13. Mai 1931 von dem Italiener Giuseppe Arrigo Cipriani und seinem US-amerikanischen Freund und Geldgeber Harry Pickering er\u00f6ffnet, der auch Namensgeber war.<\/p>\n<p>Schon bald wurde die Bar f\u00fcr viele kleine Speisen ber\u00fchmt, zum Beispiel f\u00fcr ihre Huhn-Sandwiches. Vor allem bekannt sein d\u00fcrfte der \u201eBellini\u201c, ein Cocktail aus trockenem Prosecco und Pfirsichmark. Der Name geht zur\u00fcck auf den Maler Giovanni Bellini. Das \u201eCarpaccio\u201c hat Cipriani nach dem ber\u00fchmten Renaissancemaler Vittore Carpaccio benannt. Der Legende nach erfand er es f\u00fcr seine Stammkundin Contessa Amalia Nani Mocenigo, die strenge Di\u00e4t einhalten musste und keine gekochten Speisen essen durfte.<\/p>\n<p>In den 1950er Jahren wurde die Bar vom internationalen Jetset entdeckt und von literarischen und filmischen Gr\u00f6\u00dfen ber\u00fchmt gemacht. Nicht nur Orson Welles oder Truman Capote tranken hier ihre Drinks und waren Stammkunden, Ernest Hemingway verewigte die Bar sogar in seinem Roman \u00dcber den Fluss und in die W\u00e4lder.<\/p>\n<p>Diese ber\u00fchmte Bar in Venedig wird mittlerweile vom Sohn des Gr\u00fcnders gef\u00fchrt..<\/p>\n<p>So &#8211; das war ein kleiner Ausflug in die Geschichte dieser ber\u00fchmten Bar. Warum so eine lange Einleitung? Vieles in dieser Bar ist au\u00dfergew\u00f6hnlich und anders als in Venedig \u00fcblich. Einige Speisen und Getr\u00e4nke die mittlerweile Weltbekannt sind, hatten ihren Ursprung in dieser Bar.<\/p>\n<p>Ich m\u00f6chte Euch eine Spezialit\u00e4t aus diesem Hause vorstellen: Panini dell&#8216; Harry&#8217;s Bar<\/p>\n<p><strong>Vorteig:<\/strong><\/p>\n<p>150 g Weizenmehl&nbsp;Tipo 00<br \/>\n150 g Wasser<br \/>\n1 g Frischhefe<\/p>\n<p>Gut verr\u00fchren und 12 Stunden reifen lassen.<\/p>\n<p><strong>Hauptteig<\/strong><\/p>\n<p>Vorteig<br \/>\n400 g&nbsp;Tipo 00<br \/>\n135 g kalte Milch<br \/>\n14 g Frischhefe<br \/>\n15 g Zucker<br \/>\n40 g S\u00fc\u00dfrahmbutter<br \/>\n11 gr. Salz<\/p>\n<p>Alle Zutaten bis auf das Salz und die Butter gut verkneten, bis der Teig beginnt, elastisch zu werden. Dann die Butter in kleinen St\u00fccken und das Salz unterkneten. Der Teig sollte fest aber elastisch und dehnbar sein, ggf. einen Fenstertest machen. Auf \u00dcberknetung achten, das kann bei festen Teigen schnell passieren! Dann den Teig in einem Beh\u00e4ltnis f\u00fcr 60-90 Minuten im K\u00fchlschrank kalt stellen.<\/p>\n<p>Butterplatte<\/p>\n<p>250 g S\u00fc\u00dfrahmbutter<\/p>\n<p>Die Butter in gleich dicke Scheiben schneiden und auf einer lang ausgezogenen Frischhaltefolie aneinander auslegen. Eine weitere Frischhaltefolie dar\u00fcber legen und mit dem Rollholz die Butter gleichm\u00e4\u00dfig zu einer Platte von etwa 0,5-0,7 cm Dicke ausrollen. Mit der &nbsp;Folie in den K\u00fchlschrank geben. Die Butterplatte sollte ca. 25 x 20 cm gro\u00df sein.<\/p>\n<p>Tourieren (Einarbeiten der Butter zwischen den Teig):<\/p>\n<p>Den gut durchgek\u00fchlten Teig aus dem K\u00fchlschrank nehmen und auf der bemehlten Arbeitsfl\u00e4che etwa mehr als doppelt so gro\u00df ausrollen wie die Butterplatte. Die Butterplatte aus der Folie befreien und auf eine Seite der Teigplatte legen.<\/p>\n<p>Die andere Seite der Teigplatte dar\u00fcber schlagen und die R\u00e4nder gut andr\u00fccken.<\/p>\n<p>Dann die erste Tour geben: Die Teigplatte mit der inenliegenden Butterplatte wie einen Gesch\u00e4ftsbrief zwei mal umfalten.<\/p>\n<p>Dann wieder etwa doppelt so gro\u00df ausrollen und gleich die zweite Tour geben: erneut wie einen Gesch\u00e4ftsbrief einschlagen und die Teigplatte dann abgedeckt in den K\u00fchlschrank geben f\u00fcr 45-60 Minuten. Wieder herausnehmen und auf der kalten Arbeitsplatte erneut 2-3 x so gro\u00df so gro\u00df ausrollen. Dann die dritte Toure geben: den Teig wieder wie einen Gesch\u00e4ftsbrief falten und erneut f\u00fcr 45-60 Minuten in den K\u00fchlschrank geben.<br \/>\nNun wird der Teig zu einem 1\/2 cm dicken Rechteck ausgerollt und l\u00e4ngs halbiert. Zuerst die eine H\u00e4lfte mit kaltem Wasser bestreichen und der L\u00e4nge nach zu einer langen Rolle aufrollen. Das Gleiche auch mit der zweiten H\u00e4lfte. Jede Rolle dann in ca. 4 cm breite St\u00fccke schneiden. Mit der Schnittfl\u00e4che nach oben auf ein mit Backtrennpapier ausgelegtes Blech setzen. Abdecken und sch\u00f6n aufgehen lassen. Die Panini werden dann bei 230\u00b0 mit etwas Schwaden etwa 15-18 Minuten hellbraun ausgebacken. Kurz abk\u00fchlen lassen und am besten noch warm servieren. Man kann sie auch gut einfrieren und bei Bedarf umaufgetaut bei 200\u00b0 5-10 Minuten aufgebacken.<a href=\"http:\/\/www.samskitchen.at\/?attachment_id=2769#main\" rel=\"attachment wp-att-2769\"><img decoding=\"async\" loading=\"lazy\" class=\"alignnone wp-image-2769 size-large\" src=\"http:\/\/www.samskitchen.at\/wp-content\/uploads\/2016\/11\/2016-11-24-13.55.57-510x383.jpg\" alt=\"2016-11-24-13-55-57\" width=\"510\" height=\"383\" srcset=\"https:\/\/www.samskitchen.at\/wp-content\/uploads\/2016\/11\/2016-11-24-13.55.57-510x383.jpg 510w, https:\/\/www.samskitchen.at\/wp-content\/uploads\/2016\/11\/2016-11-24-13.55.57-300x225.jpg 300w, https:\/\/www.samskitchen.at\/wp-content\/uploads\/2016\/11\/2016-11-24-13.55.57-768x576.jpg 768w, https:\/\/www.samskitchen.at\/wp-content\/uploads\/2016\/11\/2016-11-24-13.55.57-330x248.jpg 330w, https:\/\/www.samskitchen.at\/wp-content\/uploads\/2016\/11\/2016-11-24-13.55.57-530x398.jpg 530w, https:\/\/www.samskitchen.at\/wp-content\/uploads\/2016\/11\/2016-11-24-13.55.57.jpg 1000w\" sizes=\"(max-width: 510px) 100vw, 510px\" \/><\/a><a href=\"http:\/\/www.samskitchen.at\/?attachment_id=2771#main\" rel=\"attachment wp-att-2771\"><img decoding=\"async\" loading=\"lazy\" class=\"alignnone wp-image-2771 size-large\" src=\"http:\/\/www.samskitchen.at\/wp-content\/uploads\/2016\/11\/2016-11-24-15.20.46-510x383.jpg\" alt=\"2016-11-24-15-20-46\" width=\"510\" height=\"383\" srcset=\"https:\/\/www.samskitchen.at\/wp-content\/uploads\/2016\/11\/2016-11-24-15.20.46-510x383.jpg 510w, https:\/\/www.samskitchen.at\/wp-content\/uploads\/2016\/11\/2016-11-24-15.20.46-300x225.jpg 300w, https:\/\/www.samskitchen.at\/wp-content\/uploads\/2016\/11\/2016-11-24-15.20.46-768x576.jpg 768w, https:\/\/www.samskitchen.at\/wp-content\/uploads\/2016\/11\/2016-11-24-15.20.46-330x248.jpg 330w, https:\/\/www.samskitchen.at\/wp-content\/uploads\/2016\/11\/2016-11-24-15.20.46-530x398.jpg 530w, https:\/\/www.samskitchen.at\/wp-content\/uploads\/2016\/11\/2016-11-24-15.20.46.jpg 1000w\" sizes=\"(max-width: 510px) 100vw, 510px\" \/><\/a><a href=\"http:\/\/www.samskitchen.at\/?attachment_id=2770#main\" rel=\"attachment wp-att-2770\"><img decoding=\"async\" loading=\"lazy\" class=\"alignnone wp-image-2770 size-large\" src=\"http:\/\/www.samskitchen.at\/wp-content\/uploads\/2016\/11\/2016-11-24-15.20.42-510x383.jpg\" alt=\"2016-11-24-15-20-42\" width=\"510\" height=\"383\" srcset=\"https:\/\/www.samskitchen.at\/wp-content\/uploads\/2016\/11\/2016-11-24-15.20.42-510x383.jpg 510w, https:\/\/www.samskitchen.at\/wp-content\/uploads\/2016\/11\/2016-11-24-15.20.42-300x225.jpg 300w, https:\/\/www.samskitchen.at\/wp-content\/uploads\/2016\/11\/2016-11-24-15.20.42-768x576.jpg 768w, https:\/\/www.samskitchen.at\/wp-content\/uploads\/2016\/11\/2016-11-24-15.20.42-330x248.jpg 330w, https:\/\/www.samskitchen.at\/wp-content\/uploads\/2016\/11\/2016-11-24-15.20.42-530x398.jpg 530w, https:\/\/www.samskitchen.at\/wp-content\/uploads\/2016\/11\/2016-11-24-15.20.42.jpg 1000w\" sizes=\"(max-width: 510px) 100vw, 510px\" \/><\/a><\/p>\n<p>eingereicht bei: <a href=\"http:\/\/www.wildyeastblog.com\/yeastspotting\/\">Yeastspotting<\/a><\/p>\n","protected":false},"excerpt":{"rendered":"<p>Die &#8222;Harry&#8217;s Bar in Venedig &nbsp;&#8211; eine Bar die seit 1931 Reisende aus aller Herren L\u00e4nder anzieht. Sie liegt westlich vom Markusplatz in der Calle Vallaresso 1323. Harry\u2019s Bar wurde am 13. Mai 1931 von dem Italiener Giuseppe Arrigo Cipriani und seinem US-amerikanischen Freund und Geldgeber Harry Pickering er\u00f6ffnet, der auch Namensgeber war. Schon bald wurde die Bar f\u00fcr viele &hellip;<\/p>\n","protected":false},"author":1,"featured_media":2772,"comment_status":"open","ping_status":"open","sticky":false,"template":"","format":"standard","meta":{"_mi_skip_tracking":false,"_exactmetrics_sitenote_active":false,"_exactmetrics_sitenote_note":"","_exactmetrics_sitenote_category":0,"ngg_post_thumbnail":0,"jetpack_post_was_ever_published":false,"_jetpack_newsletter_access":"","footnotes":"","jetpack_publicize_message":"","jetpack_is_tweetstorm":false,"jetpack_publicize_feature_enabled":true,"jetpack_social_post_already_shared":true,"jetpack_social_options":{"image_generator_settings":{"template":"highway","enabled":false}}},"categories":[2],"tags":[304,101,76,305],"jetpack_publicize_connections":[],"jetpack_featured_media_url":"https:\/\/www.samskitchen.at\/wp-content\/uploads\/2016\/11\/2016-11-24-15.20.58.jpg","jetpack_sharing_enabled":true,"jetpack_shortlink":"https:\/\/wp.me\/p41IW0-IC","_links":{"self":[{"href":"https:\/\/www.samskitchen.at\/index.php?rest_route=\/wp\/v2\/posts\/2766"}],"collection":[{"href":"https:\/\/www.samskitchen.at\/index.php?rest_route=\/wp\/v2\/posts"}],"about":[{"href":"https:\/\/www.samskitchen.at\/index.php?rest_route=\/wp\/v2\/types\/post"}],"author":[{"embeddable":true,"href":"https:\/\/www.samskitchen.at\/index.php?rest_route=\/wp\/v2\/users\/1"}],"replies":[{"embeddable":true,"href":"https:\/\/www.samskitchen.at\/index.php?rest_route=%2Fwp%2Fv2%2Fcomments&post=2766"}],"version-history":[{"count":5,"href":"https:\/\/www.samskitchen.at\/index.php?rest_route=\/wp\/v2\/posts\/2766\/revisions"}],"predecessor-version":[{"id":2826,"href":"https:\/\/www.samskitchen.at\/index.php?rest_route=\/wp\/v2\/posts\/2766\/revisions\/2826"}],"wp:featuredmedia":[{"embeddable":true,"href":"https:\/\/www.samskitchen.at\/index.php?rest_route=\/wp\/v2\/media\/2772"}],"wp:attachment":[{"href":"https:\/\/www.samskitchen.at\/index.php?rest_route=%2Fwp%2Fv2%2Fmedia&parent=2766"}],"wp:term":[{"taxonomy":"category","embeddable":true,"href":"https:\/\/www.samskitchen.at\/index.php?rest_route=%2Fwp%2Fv2%2Fcategories&post=2766"},{"taxonomy":"post_tag","embeddable":true,"href":"https:\/\/www.samskitchen.at\/index.php?rest_route=%2Fwp%2Fv2%2Ftags&post=2766"}],"curies":[{"name":"wp","href":"https:\/\/api.w.org\/{rel}","templated":true}]}}