{"id":2738,"date":"2016-11-09T12:45:49","date_gmt":"2016-11-09T11:45:49","guid":{"rendered":"http:\/\/www.samskitchen.at\/?p=2738"},"modified":"2016-11-09T12:55:42","modified_gmt":"2016-11-09T11:55:42","slug":"koerndlbrot-vollkorn","status":"publish","type":"post","link":"https:\/\/www.samskitchen.at\/?p=2738","title":{"rendered":"K\u00f6rndlbrot (Vollkorn)"},"content":{"rendered":"<p><a href=\"http:\/\/www.samskitchen.at\/?attachment_id=2740#main\" rel=\"attachment wp-att-2740\"><img decoding=\"async\" loading=\"lazy\" class=\"alignnone wp-image-2740 size-large\" src=\"http:\/\/www.samskitchen.at\/wp-content\/uploads\/2016\/11\/2016-11-09-12.16.59-510x312.jpg\" alt=\"2016-11-09-12-16-59\" width=\"510\" height=\"312\" srcset=\"https:\/\/www.samskitchen.at\/wp-content\/uploads\/2016\/11\/2016-11-09-12.16.59-510x312.jpg 510w, https:\/\/www.samskitchen.at\/wp-content\/uploads\/2016\/11\/2016-11-09-12.16.59-300x184.jpg 300w, https:\/\/www.samskitchen.at\/wp-content\/uploads\/2016\/11\/2016-11-09-12.16.59-768x471.jpg 768w, https:\/\/www.samskitchen.at\/wp-content\/uploads\/2016\/11\/2016-11-09-12.16.59-330x202.jpg 330w, https:\/\/www.samskitchen.at\/wp-content\/uploads\/2016\/11\/2016-11-09-12.16.59-530x325.jpg 530w\" sizes=\"(max-width: 510px) 100vw, 510px\" \/><\/a><\/p>\n<p>Mein allzeit beliebtes K\u00f6ndlbrot ist um eine Variante reicher geworden. Ich habs mit selbst gemahlenem Roggenvollkornmehl versucht und was soll ich sagen &#8211; besser geht fast nicht. Ich hab lediglich das Mehl durch Vollkornmehl ersetzt. \u00a0Bein Wasser sollte man halt je nach Bedarf mehr oder weniger zusch\u00fctten. Also ev. etwas zur\u00fcckbehalten und sp\u00e4ter nach Bedarf beigeben. Dieses Mal hab ich keine Metallform genommen &#8211; ich hatte noch einige Holzformen \u00fcbrig. Schaut auch nicht so schlecht aus.<\/p>\n<p>Rezept:<\/p>\n<p>Sauerteig<\/p>\n<p>325 g Roggmehl (Vollkorn)<br \/>\n265 g Wasser ca. 45 Grad<br \/>\n33 g Roggen-Anstellgut<\/p>\n<p>Alles gut vermischen und ca. 16 Stunden bei Raumtemperatur reifen lassen.<\/p>\n<p>Br\u00fchst\u00fcck:<\/p>\n<p>310 g Roggenschrot mittel<br \/>\n250 g kochendes Wasser<br \/>\n30 g Salz<\/p>\n<p>Quellst\u00fcck:<\/p>\n<p>200 g Sonnenblumenkerne<br \/>\n100 g Leinsamen<br \/>\n100 g getrocknetes aufgeriebenes Altbrot<br \/>\n420 g warmes Wasser ca. 45 Grad<\/p>\n<p>Die Zutaten f\u00fcr Br\u00fch- und Duellst\u00fcck ebenfalls vermengen und f\u00fcr ca. 16 Stunden bei Raumtemperatur reifen lassen.<\/p>\n<p>Hauptteig:<\/p>\n<p>Sauerteig<br \/>\nBr\u00fchst\u00fcck<br \/>\nQuellst\u00fcck<br \/>\n430 g Roggenmehl\u00a0(Vollkorn)<br \/>\n170 g Wasser<br \/>\n50 g fl\u00fcssiges Malz<br \/>\n4 g frische Hefe (bei sehr aktivem Sauerteig, kann auf Hefe verzichtet werden)<\/p>\n<p>S\u00e4mtliche Zutaten bei langsamer Geschwindigkeit ca. 25 Minuten kneten. Immer wieder den Teig vom Sch\u00fcsselrand in die Mitte bef\u00f6rdern. Diese Masse neigt dazu am Schl\u00fcsselrand festzukleben. Nachdem der Teig gut durchgeknetet wurde, g\u00f6nnen wir Ihm ein Teigruhe vom 45 Minuten. (zugedeckt in der Teilsch\u00fcssel). Dann auf der gut bemehlten Arbeitsplatte nochmals kurz durchkneten und in eine Kastenform dr\u00fccken und die Oberfl\u00e4che sch\u00f6n glattstreichen. Der Teig reift dann bei Raumtemperatur bis er an Volumen sichtlich zugenommen hat. \u00a0Ofen rechtzeitig auf 260 Grad aufheizen. Fallend auf 220 Grad ca. 50 Minuten backen. Vor dem Anschneiden mindestens 24 Stunden warten. (Aber ehrlich \u2013 wer kann solange warten)<\/p>\n<p><a href=\"http:\/\/www.samskitchen.at\/?attachment_id=2743#main\" rel=\"attachment wp-att-2743\"><img decoding=\"async\" loading=\"lazy\" class=\"alignnone wp-image-2743 size-large\" src=\"http:\/\/www.samskitchen.at\/wp-content\/uploads\/2016\/11\/2016-11-09-12.18.55-510x383.jpg\" alt=\"2016-11-09-12-18-55\" width=\"510\" height=\"383\" srcset=\"https:\/\/www.samskitchen.at\/wp-content\/uploads\/2016\/11\/2016-11-09-12.18.55-510x383.jpg 510w, https:\/\/www.samskitchen.at\/wp-content\/uploads\/2016\/11\/2016-11-09-12.18.55-300x225.jpg 300w, https:\/\/www.samskitchen.at\/wp-content\/uploads\/2016\/11\/2016-11-09-12.18.55-330x248.jpg 330w, https:\/\/www.samskitchen.at\/wp-content\/uploads\/2016\/11\/2016-11-09-12.18.55-530x398.jpg 530w, https:\/\/www.samskitchen.at\/wp-content\/uploads\/2016\/11\/2016-11-09-12.18.55.jpg 700w\" sizes=\"(max-width: 510px) 100vw, 510px\" \/><\/a> <a href=\"http:\/\/www.samskitchen.at\/?attachment_id=2742#main\" rel=\"attachment wp-att-2742\"><img decoding=\"async\" loading=\"lazy\" class=\"alignnone wp-image-2742 size-large\" src=\"http:\/\/www.samskitchen.at\/wp-content\/uploads\/2016\/11\/2016-11-09-12.18.35-510x383.jpg\" alt=\"2016-11-09-12-18-35\" width=\"510\" height=\"383\" srcset=\"https:\/\/www.samskitchen.at\/wp-content\/uploads\/2016\/11\/2016-11-09-12.18.35-510x383.jpg 510w, https:\/\/www.samskitchen.at\/wp-content\/uploads\/2016\/11\/2016-11-09-12.18.35-300x225.jpg 300w, https:\/\/www.samskitchen.at\/wp-content\/uploads\/2016\/11\/2016-11-09-12.18.35-330x248.jpg 330w, https:\/\/www.samskitchen.at\/wp-content\/uploads\/2016\/11\/2016-11-09-12.18.35-530x398.jpg 530w, https:\/\/www.samskitchen.at\/wp-content\/uploads\/2016\/11\/2016-11-09-12.18.35.jpg 700w\" sizes=\"(max-width: 510px) 100vw, 510px\" \/><\/a> <a href=\"http:\/\/www.samskitchen.at\/?attachment_id=2741#main\" rel=\"attachment wp-att-2741\"><img decoding=\"async\" loading=\"lazy\" class=\"alignnone wp-image-2741 size-large\" src=\"http:\/\/www.samskitchen.at\/wp-content\/uploads\/2016\/11\/2016-11-09-12.17.24-510x383.jpg\" alt=\"2016-11-09-12-17-24\" width=\"510\" height=\"383\" srcset=\"https:\/\/www.samskitchen.at\/wp-content\/uploads\/2016\/11\/2016-11-09-12.17.24-510x383.jpg 510w, https:\/\/www.samskitchen.at\/wp-content\/uploads\/2016\/11\/2016-11-09-12.17.24-300x225.jpg 300w, https:\/\/www.samskitchen.at\/wp-content\/uploads\/2016\/11\/2016-11-09-12.17.24-330x248.jpg 330w, https:\/\/www.samskitchen.at\/wp-content\/uploads\/2016\/11\/2016-11-09-12.17.24-530x398.jpg 530w, https:\/\/www.samskitchen.at\/wp-content\/uploads\/2016\/11\/2016-11-09-12.17.24.jpg 700w\" sizes=\"(max-width: 510px) 100vw, 510px\" \/><\/a><\/p>\n<p>Eingereicht bei <a href=\"http:\/\/www.wildyeastblog.com\/yeastspotting\/\">Yeastspotting<\/a><\/p>\n","protected":false},"excerpt":{"rendered":"<p>Mein allzeit beliebtes K\u00f6ndlbrot ist um eine Variante reicher geworden. Ich habs mit selbst gemahlenem Roggenvollkornmehl versucht und was soll ich sagen &#8211; besser geht fast nicht. Ich hab lediglich das Mehl durch Vollkornmehl ersetzt. \u00a0Bein Wasser sollte man halt je nach Bedarf mehr oder weniger zusch\u00fctten. Also ev. etwas zur\u00fcckbehalten und sp\u00e4ter nach Bedarf beigeben. Dieses Mal hab ich &hellip;<\/p>\n","protected":false},"author":1,"featured_media":2740,"comment_status":"open","ping_status":"open","sticky":false,"template":"","format":"standard","meta":{"_mi_skip_tracking":false,"_exactmetrics_sitenote_active":false,"_exactmetrics_sitenote_note":"","_exactmetrics_sitenote_category":0,"ngg_post_thumbnail":0,"jetpack_post_was_ever_published":false,"_jetpack_newsletter_access":"","footnotes":"","jetpack_publicize_message":"","jetpack_is_tweetstorm":false,"jetpack_publicize_feature_enabled":true,"jetpack_social_post_already_shared":true,"jetpack_social_options":{"image_generator_settings":{"template":"highway","enabled":false}}},"categories":[2],"tags":[300,35,216],"jetpack_publicize_connections":[],"jetpack_featured_media_url":"https:\/\/www.samskitchen.at\/wp-content\/uploads\/2016\/11\/2016-11-09-12.16.59.jpg","jetpack_sharing_enabled":true,"jetpack_shortlink":"https:\/\/wp.me\/p41IW0-Ia","_links":{"self":[{"href":"https:\/\/www.samskitchen.at\/index.php?rest_route=\/wp\/v2\/posts\/2738"}],"collection":[{"href":"https:\/\/www.samskitchen.at\/index.php?rest_route=\/wp\/v2\/posts"}],"about":[{"href":"https:\/\/www.samskitchen.at\/index.php?rest_route=\/wp\/v2\/types\/post"}],"author":[{"embeddable":true,"href":"https:\/\/www.samskitchen.at\/index.php?rest_route=\/wp\/v2\/users\/1"}],"replies":[{"embeddable":true,"href":"https:\/\/www.samskitchen.at\/index.php?rest_route=%2Fwp%2Fv2%2Fcomments&post=2738"}],"version-history":[{"count":3,"href":"https:\/\/www.samskitchen.at\/index.php?rest_route=\/wp\/v2\/posts\/2738\/revisions"}],"predecessor-version":[{"id":2745,"href":"https:\/\/www.samskitchen.at\/index.php?rest_route=\/wp\/v2\/posts\/2738\/revisions\/2745"}],"wp:featuredmedia":[{"embeddable":true,"href":"https:\/\/www.samskitchen.at\/index.php?rest_route=\/wp\/v2\/media\/2740"}],"wp:attachment":[{"href":"https:\/\/www.samskitchen.at\/index.php?rest_route=%2Fwp%2Fv2%2Fmedia&parent=2738"}],"wp:term":[{"taxonomy":"category","embeddable":true,"href":"https:\/\/www.samskitchen.at\/index.php?rest_route=%2Fwp%2Fv2%2Fcategories&post=2738"},{"taxonomy":"post_tag","embeddable":true,"href":"https:\/\/www.samskitchen.at\/index.php?rest_route=%2Fwp%2Fv2%2Ftags&post=2738"}],"curies":[{"name":"wp","href":"https:\/\/api.w.org\/{rel}","templated":true}]}}