{"id":2735,"date":"2016-11-11T14:29:25","date_gmt":"2016-11-11T13:29:25","guid":{"rendered":"http:\/\/www.samskitchen.at\/?p=2735"},"modified":"2017-10-30T09:19:49","modified_gmt":"2017-10-30T08:19:49","slug":"maronibrot","status":"publish","type":"post","link":"https:\/\/www.samskitchen.at\/?p=2735","title":{"rendered":"Maronibrot"},"content":{"rendered":"<p><a href=\"http:\/\/www.samskitchen.at\/?attachment_id=2750#main\" rel=\"attachment wp-att-2750\"><img decoding=\"async\" loading=\"lazy\" class=\"alignnone wp-image-2750 size-large\" src=\"http:\/\/www.samskitchen.at\/wp-content\/uploads\/2016\/11\/2016-11-11-14.08.18-510x383.jpg\" alt=\"2016-11-11-14-08-18\" width=\"510\" height=\"383\" srcset=\"https:\/\/www.samskitchen.at\/wp-content\/uploads\/2016\/11\/2016-11-11-14.08.18-510x383.jpg 510w, https:\/\/www.samskitchen.at\/wp-content\/uploads\/2016\/11\/2016-11-11-14.08.18-300x225.jpg 300w, https:\/\/www.samskitchen.at\/wp-content\/uploads\/2016\/11\/2016-11-11-14.08.18-330x248.jpg 330w, https:\/\/www.samskitchen.at\/wp-content\/uploads\/2016\/11\/2016-11-11-14.08.18-530x398.jpg 530w, https:\/\/www.samskitchen.at\/wp-content\/uploads\/2016\/11\/2016-11-11-14.08.18.jpg 700w\" sizes=\"(max-width: 510px) 100vw, 510px\" \/><\/a><\/p>\n<p>Wenn der Herbst kommt geh\u00f6rt die Kastanie einfach dazu. Gerade erst reif geworden brutzelt sie schon am Grill und wird am besten mit Sturm verzehrt und da ist wiederum der Schliche-Sturm mein Favorit. Sturm und Maroni \u00fcber offenem Feuer ger\u00f6stet &nbsp;&#8211; eingewickelt in ein Zeitungsstarnitzel &#8211; die H\u00e4nde schwarz von den ger\u00f6steten Maroni. Und erst der Geruch der &nbsp;einem schon beim vorbeifahren bei den Buschensch\u00e4nken den Mund w\u00e4ssrig macht. Nur Heuer gibts &#8222;kann gescheiten Sturm&#8220; und auch die &#8222;Kesten&#8220; wie die Maroni in der Steiermark genannt werden sind wegen des sp\u00e4ten und sehr starken Frostes rar bezw. ausgefallen. Aber zum Gl\u00fcck ist Italien nicht weit und kann diesen Mangel ausgleichen. Wer Maroni braten will, sollte dies \u00fcber offenem Feuer tun oder es vergessen. Ich machs nur mehr im Garten \u00fcber einem Feuerkorb.<br \/>\nAber eigentlich wollte ich ein Maronibrot backen. Ein Mischbrot mit Roggen- und Weizensauerteig mit einer sch\u00f6nen aufgerissenen Kruste mit sch\u00f6nen R\u00f6staromen. Ein Teil der Maroni wird zu einem P\u00fcree gemixt oder zerstampft der andere Teil der &#8222;Kesten&#8220; wird in gr\u00f6bere St\u00fccke gehackt.<\/p>\n<p>Weizensauerteig:<\/p>\n<p>120g Weizenmehl W 1600<br \/>\n120g Wasser<br \/>\n12g Anstellgut<br \/>\nTT: 28\u00b0C TA: 200 RZ: 15-18 Stunden<\/p>\n<p>Roggensauerteig:<\/p>\n<p>225g&nbsp;Roggenvollkornmehl<br \/>\n225g Wasser 35-40\u00b0C<br \/>\n50g Anstellgut<br \/>\nTT: 26-28\u00b0C TA 200 RZ: 18-24 Stunden<\/p>\n<p>Hauptteig:<\/p>\n<p>250g reifer Weizensauerteig<br \/>\n500g reifer Roggensauerteig<br \/>\n125g Maronip\u00fcree<br \/>\n125g gekochte Maroni in kleine St\u00fccke gehackt<br \/>\n750g&nbsp;W&nbsp;700<br \/>\n375g Roggenvollkornmehl<br \/>\n625g Wasser (warm)<br \/>\n38g Meersalz<br \/>\n7g Hefe<br \/>\nTA: 166 TT: 32-34\u00b0C<\/p>\n<p>Alle Zutaten werden am langsamen Gang 7 Minuten gemischt. Um etwas Luft unter den Teig zu bringen sollte der Teig noch eine weitere Minute am schnellen Gang geknetet werden (NICHT l\u00e4nger). Nach dem Kneten reift der Teig f\u00fcr weitere 30 Minuten zugedeckt im Kessel.<\/p>\n<p>Nun kann der Teig nach belieben geteilt und geformt werden \u2013 entweder in einem ganzen St\u00fcck oder geteilt zu runden Laiben oder Striezeln.<\/p>\n<p>Die St\u00fcckgare sollte so ca. 30-45 Minuten betragen, je nach Raumtemperatur &#8211; also 3\/4 Gare in etwa.<\/p>\n<p>Gebacken wird das Maronibrot bei 255\u00b0C fallend 200\u00b0C mit Schwaden. Schwaden nach 3 Minuten ablassen und je nach Wunsch&nbsp;Backen.<a href=\"http:\/\/www.samskitchen.at\/?attachment_id=2753#main\" rel=\"attachment wp-att-2753\"><img decoding=\"async\" loading=\"lazy\" class=\"alignnone wp-image-2753 size-large\" src=\"http:\/\/www.samskitchen.at\/wp-content\/uploads\/2016\/11\/2016-11-11-14.07.17-510x383.jpg\" alt=\"2016-11-11-14-07-17\" width=\"510\" height=\"383\" srcset=\"https:\/\/www.samskitchen.at\/wp-content\/uploads\/2016\/11\/2016-11-11-14.07.17-510x383.jpg 510w, https:\/\/www.samskitchen.at\/wp-content\/uploads\/2016\/11\/2016-11-11-14.07.17-300x225.jpg 300w, https:\/\/www.samskitchen.at\/wp-content\/uploads\/2016\/11\/2016-11-11-14.07.17-330x248.jpg 330w, https:\/\/www.samskitchen.at\/wp-content\/uploads\/2016\/11\/2016-11-11-14.07.17-530x398.jpg 530w, https:\/\/www.samskitchen.at\/wp-content\/uploads\/2016\/11\/2016-11-11-14.07.17.jpg 700w\" sizes=\"(max-width: 510px) 100vw, 510px\" \/><\/a> <a href=\"http:\/\/www.samskitchen.at\/?attachment_id=2752#main\" rel=\"attachment wp-att-2752\"><img decoding=\"async\" loading=\"lazy\" class=\"alignnone wp-image-2752 size-large\" src=\"http:\/\/www.samskitchen.at\/wp-content\/uploads\/2016\/11\/2016-11-11-14.07.11-510x383.jpg\" alt=\"2016-11-11-14-07-11\" width=\"510\" height=\"383\" srcset=\"https:\/\/www.samskitchen.at\/wp-content\/uploads\/2016\/11\/2016-11-11-14.07.11-510x383.jpg 510w, https:\/\/www.samskitchen.at\/wp-content\/uploads\/2016\/11\/2016-11-11-14.07.11-300x225.jpg 300w, https:\/\/www.samskitchen.at\/wp-content\/uploads\/2016\/11\/2016-11-11-14.07.11-330x248.jpg 330w, https:\/\/www.samskitchen.at\/wp-content\/uploads\/2016\/11\/2016-11-11-14.07.11-530x398.jpg 530w, https:\/\/www.samskitchen.at\/wp-content\/uploads\/2016\/11\/2016-11-11-14.07.11.jpg 700w\" sizes=\"(max-width: 510px) 100vw, 510px\" \/><\/a> <a href=\"http:\/\/www.samskitchen.at\/?attachment_id=2751#main\" rel=\"attachment wp-att-2751\"><img decoding=\"async\" loading=\"lazy\" class=\"alignnone wp-image-2751 size-large\" src=\"http:\/\/www.samskitchen.at\/wp-content\/uploads\/2016\/11\/2016-11-11-14.07.04-510x383.jpg\" alt=\"2016-11-11-14-07-04\" width=\"510\" height=\"383\" srcset=\"https:\/\/www.samskitchen.at\/wp-content\/uploads\/2016\/11\/2016-11-11-14.07.04-510x383.jpg 510w, https:\/\/www.samskitchen.at\/wp-content\/uploads\/2016\/11\/2016-11-11-14.07.04-300x225.jpg 300w, https:\/\/www.samskitchen.at\/wp-content\/uploads\/2016\/11\/2016-11-11-14.07.04-330x248.jpg 330w, https:\/\/www.samskitchen.at\/wp-content\/uploads\/2016\/11\/2016-11-11-14.07.04-530x398.jpg 530w, https:\/\/www.samskitchen.at\/wp-content\/uploads\/2016\/11\/2016-11-11-14.07.04.jpg 700w\" sizes=\"(max-width: 510px) 100vw, 510px\" \/><\/a><\/p>\n<p>&nbsp;<\/p>\n<p>Quelle: <a href=\"http:\/\/www.homebaking.at\">Homebaking.at<\/a><\/p>\n<p>eingereicht bei: <a href=\"http:\/\/www.wildyeastblog.com\/yeastspotting\/\">Yeastspotting<\/a><\/p>\n<p>&nbsp;<\/p>\n<p>&nbsp;<\/p>\n<p>&nbsp;<\/p>\n","protected":false},"excerpt":{"rendered":"<p>Wenn der Herbst kommt geh\u00f6rt die Kastanie einfach dazu. Gerade erst reif geworden brutzelt sie schon am Grill und wird am besten mit Sturm verzehrt und da ist wiederum der Schliche-Sturm mein Favorit. Sturm und Maroni \u00fcber offenem Feuer ger\u00f6stet &nbsp;&#8211; eingewickelt in ein Zeitungsstarnitzel &#8211; die H\u00e4nde schwarz von den ger\u00f6steten Maroni. Und erst der Geruch der &nbsp;einem schon &hellip;<\/p>\n","protected":false},"author":1,"featured_media":2750,"comment_status":"open","ping_status":"open","sticky":false,"template":"","format":"standard","meta":{"_mi_skip_tracking":false,"_exactmetrics_sitenote_active":false,"_exactmetrics_sitenote_note":"","_exactmetrics_sitenote_category":0,"ngg_post_thumbnail":0,"jetpack_post_was_ever_published":false,"_jetpack_newsletter_access":"","footnotes":"","jetpack_publicize_message":"","jetpack_is_tweetstorm":false,"jetpack_publicize_feature_enabled":true,"jetpack_social_post_already_shared":true,"jetpack_social_options":{"image_generator_settings":{"template":"highway","enabled":false}}},"categories":[2],"tags":[299,12,130],"jetpack_publicize_connections":[],"jetpack_featured_media_url":"https:\/\/www.samskitchen.at\/wp-content\/uploads\/2016\/11\/2016-11-11-14.08.18.jpg","jetpack_sharing_enabled":true,"jetpack_shortlink":"https:\/\/wp.me\/p41IW0-I7","_links":{"self":[{"href":"https:\/\/www.samskitchen.at\/index.php?rest_route=\/wp\/v2\/posts\/2735"}],"collection":[{"href":"https:\/\/www.samskitchen.at\/index.php?rest_route=\/wp\/v2\/posts"}],"about":[{"href":"https:\/\/www.samskitchen.at\/index.php?rest_route=\/wp\/v2\/types\/post"}],"author":[{"embeddable":true,"href":"https:\/\/www.samskitchen.at\/index.php?rest_route=\/wp\/v2\/users\/1"}],"replies":[{"embeddable":true,"href":"https:\/\/www.samskitchen.at\/index.php?rest_route=%2Fwp%2Fv2%2Fcomments&post=2735"}],"version-history":[{"count":8,"href":"https:\/\/www.samskitchen.at\/index.php?rest_route=\/wp\/v2\/posts\/2735\/revisions"}],"predecessor-version":[{"id":3317,"href":"https:\/\/www.samskitchen.at\/index.php?rest_route=\/wp\/v2\/posts\/2735\/revisions\/3317"}],"wp:featuredmedia":[{"embeddable":true,"href":"https:\/\/www.samskitchen.at\/index.php?rest_route=\/wp\/v2\/media\/2750"}],"wp:attachment":[{"href":"https:\/\/www.samskitchen.at\/index.php?rest_route=%2Fwp%2Fv2%2Fmedia&parent=2735"}],"wp:term":[{"taxonomy":"category","embeddable":true,"href":"https:\/\/www.samskitchen.at\/index.php?rest_route=%2Fwp%2Fv2%2Fcategories&post=2735"},{"taxonomy":"post_tag","embeddable":true,"href":"https:\/\/www.samskitchen.at\/index.php?rest_route=%2Fwp%2Fv2%2Ftags&post=2735"}],"curies":[{"name":"wp","href":"https:\/\/api.w.org\/{rel}","templated":true}]}}