{"id":2716,"date":"2016-10-14T13:12:50","date_gmt":"2016-10-14T11:12:50","guid":{"rendered":"http:\/\/www.samskitchen.at\/?p=2716"},"modified":"2016-10-14T13:12:50","modified_gmt":"2016-10-14T11:12:50","slug":"pain-polka","status":"publish","type":"post","link":"https:\/\/www.samskitchen.at\/?p=2716","title":{"rendered":"Pain polka"},"content":{"rendered":"<p><a href=\"http:\/\/www.samskitchen.at\/?attachment_id=2720#main\" rel=\"attachment wp-att-2720\"><img decoding=\"async\" loading=\"lazy\" class=\"alignnone size-full wp-image-2720\" src=\"http:\/\/www.samskitchen.at\/wp-content\/uploads\/2016\/10\/Foto-14.10.16-12-42-28.jpg\" alt=\"foto-14-10-16-12-42-28\" width=\"650\" height=\"488\" srcset=\"https:\/\/www.samskitchen.at\/wp-content\/uploads\/2016\/10\/Foto-14.10.16-12-42-28.jpg 650w, https:\/\/www.samskitchen.at\/wp-content\/uploads\/2016\/10\/Foto-14.10.16-12-42-28-300x225.jpg 300w, https:\/\/www.samskitchen.at\/wp-content\/uploads\/2016\/10\/Foto-14.10.16-12-42-28-510x383.jpg 510w, https:\/\/www.samskitchen.at\/wp-content\/uploads\/2016\/10\/Foto-14.10.16-12-42-28-330x248.jpg 330w, https:\/\/www.samskitchen.at\/wp-content\/uploads\/2016\/10\/Foto-14.10.16-12-42-28-530x398.jpg 530w\" sizes=\"(max-width: 650px) 100vw, 650px\" \/><\/a><\/p>\n<p>Ein Brot f\u00fcr Krustenliebhaber.<br \/>\nVor einigen Jahren anl\u00e4sslich eines USA Aufenthalts besuchte ich eine der Eric Kayser B\u00e4ckereien. Ich durfte auch einen Blick in die Backstube werfen und die Produktion von Baguettes beobachten. Ich war ganz angetan von den wunderbaren Baguettes und anderen franz\u00f6sischen Broten. Damals wusste ich noch nicht wer Eric Kayser war. Einer der ber\u00fchmtesten B\u00e4cker Frankreichs, der B\u00e4ckereien in der ganzen Welt unterh\u00e4lt.<br \/>\nEin weiters aus seinem Brotbackbuch (Larousse das Buch vom Brot) will ich heute vorstellen. &#8222;Pain polka&#8220; ein l\u00e4nglicher flacher Wecken dessen Kruste rautenf\u00f6rmig eingeschnitten wird und dadurch sehr viel &#8222;Kruste&#8220; enth\u00e4lt.<\/p>\n<p><strong>Zutaten f\u00fcr 2 Wecken von je ca. 500g<br \/>\n<\/strong>550g Weizenmehl W700<br \/>\n350g Wasser 30\u00b0<br \/>\n100g Weizensauerteig\u00a0(aufgefrischt)<br \/>\n4g frische Hefe<br \/>\n12g Salz<\/p>\n<p>Mehl und Wasser gut vermengen, so dass keine Mehlnester im Teig sind und f\u00fcr eine Stunde zur Autolyse stellen.<br \/>\nAnschliessend das Anstellt, Salz und Hefe dazugeben und auf der ersten Stufe ca. 6 Minuten kneten, anschliessend einen Gang h\u00f6her schalten und sch\u00f6n auskneten bis sich der Teig von der Sch\u00fcssel trennt.<br \/>\nDen Teig zu einer Kugel formen und zugedeckt in einer einge\u00f6lten Sch\u00fcssel f\u00fcr 90 Minuten ruhen lassen. Das Volumen sollte sich deutlich vergr\u00f6ssert haben. Den Teig dann auf einer bemehlten Arbeitsfl\u00e4che teilen, einmal falten und vorsichtig etwas lang ziehen. Mit einem feuchten Tuch bedecken und 30 Minuten ruhen lassen. Dann nehmen wir ein Teigst\u00fcck dr\u00fccken es mit der Hand flach und rollen es ein so dass eine l\u00e4ngliche Wurst entsteht wobei dann das Teigende mit dem Handballen festgedr\u00fcckt wird. Klingt kompliziert ist es aber nicht. Den so entstandenen Wecken dann auf einer bemehlten Arbeitsfl\u00e4che mit den H\u00e4nden auf ca 50 cm. ausrollen wobei das Brot an den Enden spitz zulaufen sollte. Mit dem zweiten Teigst\u00fcck genauso verfahren.<br \/>\nDie so entstandenen Brote auf ein Backblech oder legen, mit einem d\u00fcnnen Brett flach dr\u00fccken und zugedeckt 90 Minuten bei Raumtemperatur gehen lassen. Anschliessend Rautenf\u00f6rmig einschneiden.<br \/>\nDen Backofen nicht vergessen rechtzeitig vorzuheizen.<br \/>\nDann bei 270\u00b0 fallend auf 250\u00b0 mit Schwaden f\u00fcr ca. 20 Minuten backen. Gegen Ende der Backzeit den Schwaden ablassen.<\/p>\n<p>Ausk\u00fchlen lassen und einen kr\u00e4ftigen Roten entkorken und mit franz\u00f6sischem K\u00e4se geniessen.<\/p>\n<p><a href=\"http:\/\/www.samskitchen.at\/?attachment_id=2722#main\" rel=\"attachment wp-att-2722\"><img decoding=\"async\" loading=\"lazy\" class=\"alignnone wp-image-2722 size-large\" src=\"http:\/\/www.samskitchen.at\/wp-content\/uploads\/2016\/10\/Foto-14.10.16-12-42-36-510x383.jpg\" alt=\"foto-14-10-16-12-42-36\" width=\"510\" height=\"383\" srcset=\"https:\/\/www.samskitchen.at\/wp-content\/uploads\/2016\/10\/Foto-14.10.16-12-42-36-510x383.jpg 510w, https:\/\/www.samskitchen.at\/wp-content\/uploads\/2016\/10\/Foto-14.10.16-12-42-36-300x225.jpg 300w, https:\/\/www.samskitchen.at\/wp-content\/uploads\/2016\/10\/Foto-14.10.16-12-42-36-768x576.jpg 768w, https:\/\/www.samskitchen.at\/wp-content\/uploads\/2016\/10\/Foto-14.10.16-12-42-36-330x248.jpg 330w, https:\/\/www.samskitchen.at\/wp-content\/uploads\/2016\/10\/Foto-14.10.16-12-42-36-530x398.jpg 530w, https:\/\/www.samskitchen.at\/wp-content\/uploads\/2016\/10\/Foto-14.10.16-12-42-36.jpg 1000w\" sizes=\"(max-width: 510px) 100vw, 510px\" \/><\/a> <a href=\"http:\/\/www.samskitchen.at\/?attachment_id=2728#main\" rel=\"attachment wp-att-2728\"><img decoding=\"async\" loading=\"lazy\" class=\"alignnone wp-image-2728 size-large\" src=\"http:\/\/www.samskitchen.at\/wp-content\/uploads\/2016\/10\/Foto-14.10.16-12-46-28-510x383.jpg\" alt=\"foto-14-10-16-12-46-28\" width=\"510\" height=\"383\" srcset=\"https:\/\/www.samskitchen.at\/wp-content\/uploads\/2016\/10\/Foto-14.10.16-12-46-28-510x383.jpg 510w, https:\/\/www.samskitchen.at\/wp-content\/uploads\/2016\/10\/Foto-14.10.16-12-46-28-300x225.jpg 300w, https:\/\/www.samskitchen.at\/wp-content\/uploads\/2016\/10\/Foto-14.10.16-12-46-28-768x576.jpg 768w, https:\/\/www.samskitchen.at\/wp-content\/uploads\/2016\/10\/Foto-14.10.16-12-46-28-330x248.jpg 330w, https:\/\/www.samskitchen.at\/wp-content\/uploads\/2016\/10\/Foto-14.10.16-12-46-28-530x398.jpg 530w, https:\/\/www.samskitchen.at\/wp-content\/uploads\/2016\/10\/Foto-14.10.16-12-46-28.jpg 1000w\" sizes=\"(max-width: 510px) 100vw, 510px\" \/><\/a> <a href=\"http:\/\/www.samskitchen.at\/?attachment_id=2727#main\" rel=\"attachment wp-att-2727\"><img decoding=\"async\" loading=\"lazy\" class=\"alignnone wp-image-2727 size-large\" src=\"http:\/\/www.samskitchen.at\/wp-content\/uploads\/2016\/10\/Foto-14.10.16-12-46-11-510x383.jpg\" alt=\"foto-14-10-16-12-46-11\" width=\"510\" height=\"383\" srcset=\"https:\/\/www.samskitchen.at\/wp-content\/uploads\/2016\/10\/Foto-14.10.16-12-46-11-510x383.jpg 510w, https:\/\/www.samskitchen.at\/wp-content\/uploads\/2016\/10\/Foto-14.10.16-12-46-11-300x225.jpg 300w, https:\/\/www.samskitchen.at\/wp-content\/uploads\/2016\/10\/Foto-14.10.16-12-46-11-768x576.jpg 768w, https:\/\/www.samskitchen.at\/wp-content\/uploads\/2016\/10\/Foto-14.10.16-12-46-11-330x248.jpg 330w, https:\/\/www.samskitchen.at\/wp-content\/uploads\/2016\/10\/Foto-14.10.16-12-46-11-530x398.jpg 530w, https:\/\/www.samskitchen.at\/wp-content\/uploads\/2016\/10\/Foto-14.10.16-12-46-11.jpg 1000w\" sizes=\"(max-width: 510px) 100vw, 510px\" \/><\/a> <a href=\"http:\/\/www.samskitchen.at\/?attachment_id=2726#main\" rel=\"attachment wp-att-2726\"><img decoding=\"async\" loading=\"lazy\" class=\"alignnone wp-image-2726 size-large\" src=\"http:\/\/www.samskitchen.at\/wp-content\/uploads\/2016\/10\/Foto-14.10.16-12-43-33-510x383.jpg\" alt=\"foto-14-10-16-12-43-33\" width=\"510\" height=\"383\" srcset=\"https:\/\/www.samskitchen.at\/wp-content\/uploads\/2016\/10\/Foto-14.10.16-12-43-33-510x383.jpg 510w, https:\/\/www.samskitchen.at\/wp-content\/uploads\/2016\/10\/Foto-14.10.16-12-43-33-300x225.jpg 300w, https:\/\/www.samskitchen.at\/wp-content\/uploads\/2016\/10\/Foto-14.10.16-12-43-33-768x576.jpg 768w, https:\/\/www.samskitchen.at\/wp-content\/uploads\/2016\/10\/Foto-14.10.16-12-43-33-330x248.jpg 330w, https:\/\/www.samskitchen.at\/wp-content\/uploads\/2016\/10\/Foto-14.10.16-12-43-33-530x398.jpg 530w, https:\/\/www.samskitchen.at\/wp-content\/uploads\/2016\/10\/Foto-14.10.16-12-43-33.jpg 1000w\" sizes=\"(max-width: 510px) 100vw, 510px\" \/><\/a> <a href=\"http:\/\/www.samskitchen.at\/?attachment_id=2725#main\" rel=\"attachment wp-att-2725\"><img decoding=\"async\" loading=\"lazy\" class=\"alignnone wp-image-2725 size-large\" src=\"http:\/\/www.samskitchen.at\/wp-content\/uploads\/2016\/10\/Foto-14.10.16-12-42-56-510x383.jpg\" alt=\"foto-14-10-16-12-42-56\" width=\"510\" height=\"383\" srcset=\"https:\/\/www.samskitchen.at\/wp-content\/uploads\/2016\/10\/Foto-14.10.16-12-42-56-510x383.jpg 510w, https:\/\/www.samskitchen.at\/wp-content\/uploads\/2016\/10\/Foto-14.10.16-12-42-56-300x225.jpg 300w, https:\/\/www.samskitchen.at\/wp-content\/uploads\/2016\/10\/Foto-14.10.16-12-42-56-768x576.jpg 768w, https:\/\/www.samskitchen.at\/wp-content\/uploads\/2016\/10\/Foto-14.10.16-12-42-56-330x248.jpg 330w, https:\/\/www.samskitchen.at\/wp-content\/uploads\/2016\/10\/Foto-14.10.16-12-42-56-530x398.jpg 530w, https:\/\/www.samskitchen.at\/wp-content\/uploads\/2016\/10\/Foto-14.10.16-12-42-56.jpg 1000w\" sizes=\"(max-width: 510px) 100vw, 510px\" \/><\/a> <a href=\"http:\/\/www.samskitchen.at\/?attachment_id=2724#main\" rel=\"attachment wp-att-2724\"><img decoding=\"async\" loading=\"lazy\" class=\"alignnone wp-image-2724 size-large\" src=\"http:\/\/www.samskitchen.at\/wp-content\/uploads\/2016\/10\/Foto-14.10.16-12-42-52-510x383.jpg\" alt=\"foto-14-10-16-12-42-52\" width=\"510\" height=\"383\" srcset=\"https:\/\/www.samskitchen.at\/wp-content\/uploads\/2016\/10\/Foto-14.10.16-12-42-52-510x383.jpg 510w, https:\/\/www.samskitchen.at\/wp-content\/uploads\/2016\/10\/Foto-14.10.16-12-42-52-300x225.jpg 300w, https:\/\/www.samskitchen.at\/wp-content\/uploads\/2016\/10\/Foto-14.10.16-12-42-52-768x576.jpg 768w, https:\/\/www.samskitchen.at\/wp-content\/uploads\/2016\/10\/Foto-14.10.16-12-42-52-330x248.jpg 330w, https:\/\/www.samskitchen.at\/wp-content\/uploads\/2016\/10\/Foto-14.10.16-12-42-52-530x398.jpg 530w, https:\/\/www.samskitchen.at\/wp-content\/uploads\/2016\/10\/Foto-14.10.16-12-42-52.jpg 1000w\" sizes=\"(max-width: 510px) 100vw, 510px\" \/><\/a> <a href=\"http:\/\/www.samskitchen.at\/?attachment_id=2723#main\" rel=\"attachment wp-att-2723\"><img decoding=\"async\" loading=\"lazy\" class=\"alignnone wp-image-2723 size-large\" src=\"http:\/\/www.samskitchen.at\/wp-content\/uploads\/2016\/10\/Foto-14.10.16-12-42-52-1-510x383.jpg\" alt=\"foto-14-10-16-12-42-52-1\" width=\"510\" height=\"383\" srcset=\"https:\/\/www.samskitchen.at\/wp-content\/uploads\/2016\/10\/Foto-14.10.16-12-42-52-1-510x383.jpg 510w, https:\/\/www.samskitchen.at\/wp-content\/uploads\/2016\/10\/Foto-14.10.16-12-42-52-1-300x225.jpg 300w, https:\/\/www.samskitchen.at\/wp-content\/uploads\/2016\/10\/Foto-14.10.16-12-42-52-1-768x576.jpg 768w, https:\/\/www.samskitchen.at\/wp-content\/uploads\/2016\/10\/Foto-14.10.16-12-42-52-1-330x248.jpg 330w, https:\/\/www.samskitchen.at\/wp-content\/uploads\/2016\/10\/Foto-14.10.16-12-42-52-1-530x398.jpg 530w, https:\/\/www.samskitchen.at\/wp-content\/uploads\/2016\/10\/Foto-14.10.16-12-42-52-1.jpg 1000w\" sizes=\"(max-width: 510px) 100vw, 510px\" \/><\/a><\/p>\n<p>Eingereicht bei <a href=\"http:\/\/www.wildyeastblog.com\/yeastspotting\/\">Yeastspotting<\/a><\/p>\n","protected":false},"excerpt":{"rendered":"<p>Ein Brot f\u00fcr Krustenliebhaber. Vor einigen Jahren anl\u00e4sslich eines USA Aufenthalts besuchte ich eine der Eric Kayser B\u00e4ckereien. Ich durfte auch einen Blick in die Backstube werfen und die Produktion von Baguettes beobachten. Ich war ganz angetan von den wunderbaren Baguettes und anderen franz\u00f6sischen Broten. Damals wusste ich noch nicht wer Eric Kayser war. Einer der ber\u00fchmtesten B\u00e4cker Frankreichs, der &hellip;<\/p>\n","protected":false},"author":1,"featured_media":2720,"comment_status":"open","ping_status":"open","sticky":false,"template":"","format":"standard","meta":{"_mi_skip_tracking":false,"_exactmetrics_sitenote_active":false,"_exactmetrics_sitenote_note":"","_exactmetrics_sitenote_category":0,"ngg_post_thumbnail":0,"jetpack_post_was_ever_published":false,"_jetpack_newsletter_access":"","footnotes":"","jetpack_publicize_message":"","jetpack_is_tweetstorm":false,"jetpack_publicize_feature_enabled":true,"jetpack_social_post_already_shared":true,"jetpack_social_options":{"image_generator_settings":{"template":"highway","enabled":false}}},"categories":[2],"tags":[132,298,297,35],"jetpack_publicize_connections":[],"jetpack_featured_media_url":"https:\/\/www.samskitchen.at\/wp-content\/uploads\/2016\/10\/Foto-14.10.16-12-42-28.jpg","jetpack_sharing_enabled":true,"jetpack_shortlink":"https:\/\/wp.me\/p41IW0-HO","_links":{"self":[{"href":"https:\/\/www.samskitchen.at\/index.php?rest_route=\/wp\/v2\/posts\/2716"}],"collection":[{"href":"https:\/\/www.samskitchen.at\/index.php?rest_route=\/wp\/v2\/posts"}],"about":[{"href":"https:\/\/www.samskitchen.at\/index.php?rest_route=\/wp\/v2\/types\/post"}],"author":[{"embeddable":true,"href":"https:\/\/www.samskitchen.at\/index.php?rest_route=\/wp\/v2\/users\/1"}],"replies":[{"embeddable":true,"href":"https:\/\/www.samskitchen.at\/index.php?rest_route=%2Fwp%2Fv2%2Fcomments&post=2716"}],"version-history":[{"count":4,"href":"https:\/\/www.samskitchen.at\/index.php?rest_route=\/wp\/v2\/posts\/2716\/revisions"}],"predecessor-version":[{"id":2729,"href":"https:\/\/www.samskitchen.at\/index.php?rest_route=\/wp\/v2\/posts\/2716\/revisions\/2729"}],"wp:featuredmedia":[{"embeddable":true,"href":"https:\/\/www.samskitchen.at\/index.php?rest_route=\/wp\/v2\/media\/2720"}],"wp:attachment":[{"href":"https:\/\/www.samskitchen.at\/index.php?rest_route=%2Fwp%2Fv2%2Fmedia&parent=2716"}],"wp:term":[{"taxonomy":"category","embeddable":true,"href":"https:\/\/www.samskitchen.at\/index.php?rest_route=%2Fwp%2Fv2%2Fcategories&post=2716"},{"taxonomy":"post_tag","embeddable":true,"href":"https:\/\/www.samskitchen.at\/index.php?rest_route=%2Fwp%2Fv2%2Ftags&post=2716"}],"curies":[{"name":"wp","href":"https:\/\/api.w.org\/{rel}","templated":true}]}}