{"id":2662,"date":"2016-06-16T08:28:46","date_gmt":"2016-06-16T06:28:46","guid":{"rendered":"http:\/\/www.samskitchen.at\/?p=2662"},"modified":"2016-06-16T08:28:46","modified_gmt":"2016-06-16T06:28:46","slug":"speck-kaese-stangerln","status":"publish","type":"post","link":"https:\/\/www.samskitchen.at\/?p=2662","title":{"rendered":"Speck-K\u00e4se Stangerln"},"content":{"rendered":"<p><a href=\"http:\/\/www.samskitchen.at\/?attachment_id=2663#main\" rel=\"attachment wp-att-2663\"><img decoding=\"async\" loading=\"lazy\" class=\"alignnone size-full wp-image-2663\" src=\"http:\/\/www.samskitchen.at\/wp-content\/uploads\/2016\/06\/2016-06-14-14.55.31.jpg\" alt=\"2016-06-14 14.55.31\" width=\"700\" height=\"765\" srcset=\"https:\/\/www.samskitchen.at\/wp-content\/uploads\/2016\/06\/2016-06-14-14.55.31.jpg 700w, https:\/\/www.samskitchen.at\/wp-content\/uploads\/2016\/06\/2016-06-14-14.55.31-275x300.jpg 275w, https:\/\/www.samskitchen.at\/wp-content\/uploads\/2016\/06\/2016-06-14-14.55.31-510x557.jpg 510w, https:\/\/www.samskitchen.at\/wp-content\/uploads\/2016\/06\/2016-06-14-14.55.31-330x361.jpg 330w, https:\/\/www.samskitchen.at\/wp-content\/uploads\/2016\/06\/2016-06-14-14.55.31-530x579.jpg 530w\" sizes=\"(max-width: 700px) 100vw, 700px\" \/><\/a>Nachdem sich meine &#8222;Steirischen K\u00fcrbissen-Stangerln&#8220; zu einem Renner entwickelt haben, dachte ich &#8211; mach ma welche mit Speck. Gesagt getan und ran an den Teigkneter. Rezept hab ich ein relativ schnelles genommen, da der w\u00fcrzige K\u00e4se und der intensive Speckgeschmack vorherrscht. Diese Stangerln kann man ganz ohne Beilage oder wer will kann noch was\u00a0Deftiges oder Saures dazu essen.<\/p>\n<p><strong>Rezept f\u00fcr 20 \u00a0Stangerln:<\/strong><\/p>\n<p>730\u00a0g \u00a0Weizenmehl TypeW700<br \/>\n140 g \u00a0Milch<br \/>\n275 g Wasser<br \/>\n16 g \u00a0Hefe<br \/>\n16 g \u00a0Backmalz<br \/>\n8 g \u00a0Fett<br \/>\n16 g \u00a0Salz<\/p>\n<p>Teigtemperatur: 25 \u00b0C<\/p>\n<p>Zubereitung:<\/p>\n<p>Hefe, Salz, Backmalz und evtl. andere Zutaten, wie z.B. Butter oder Margarine werden beim Mischen des Teiges fein aufgerieben und gleichm\u00e4\u00dfig verteilt. Auf diese Weise k\u00f6nnen sie ihre backtechnischen Funktionen aus\u00fcben und geben sp\u00e4ter den Stangerln\u00a0ihre spezielle Note.<\/p>\n<p>Alle Zutaten 3 Minuten langsam kneten und anschlie\u00dfend weitere 4 Minuten auf der n\u00e4chsten Stufe.<\/p>\n<p>Die Teigruhe betr\u00e4gt insgesamt etwa 2 Stunden, um den Teig zu lockern. Dazwischen wird der Teig 3-4 mal zusammengesto\u00dfen.<\/p>\n<p>Anschlie\u00dfend wird der Teig sofort ausgewogen und geschliffen. (= Formen des Teiges zu Teiglingen bis glatte Oberfl\u00e4che entsteht). Das Teiggewicht eines Standerls\u00a0\u00a0betr\u00e4gt rund 60 g. Die geschliffenen St\u00fccke werden mit Mehl \u00fcberstaubt, mit beiden H\u00e4nden gut hin- und hergerollt und dann zusammengezogen. Sie werden zugedeckt und bekommen eine kurze Ruhezeit, die sich nach Raumtemperatur richtet und zwischen 15 und 20 Minuten dauert.<\/p>\n<p>Zum Formen\u00a0ist es vorteilhaft helles Roggenmehl zu nehmen: Die geschliffenen Teiglinge werden oval ausgerollt. Auf die Mitte der Teigflecken \u00a0kommt dann eine Mischung aus geriebenem K\u00e4se und kleinen Speckw\u00fcrfeln. Die Teigflecken werden dann l\u00e4ngs aufgerollt und mit Schluss nach unten zur Gare gestellt.<\/p>\n<p>Nachdem die Stangerln sch\u00f6n aufgegangen sind &#8211; so ca. nach 45 Minuten \u00a0auf ein Backblech mit Schluss oben legen, mit Wasser bespr\u00fchen und ab \u00a0in den bereits vorgeheizten Ofen.<\/p>\n<p>&nbsp;<\/p>\n<p>Bei ca 220 Grad fallend auf 200 Grad ca.17 Minuten mit Schwaden backen bis sie sch\u00f6n Goldgelb sind. Nach 10 Minuten Schwaden ablassen. Herausnehmen und sofort mit Wasser bespr\u00fchen.<\/p>\n<p><a href=\"http:\/\/www.samskitchen.at\/?attachment_id=2667#main\" rel=\"attachment wp-att-2667\"><img decoding=\"async\" loading=\"lazy\" class=\"alignnone wp-image-2667 size-large\" src=\"http:\/\/www.samskitchen.at\/wp-content\/uploads\/2016\/06\/2016-06-14-14.57.23-510x383.jpg\" alt=\"2016-06-14 14.57.23\" width=\"510\" height=\"383\" srcset=\"https:\/\/www.samskitchen.at\/wp-content\/uploads\/2016\/06\/2016-06-14-14.57.23-510x383.jpg 510w, https:\/\/www.samskitchen.at\/wp-content\/uploads\/2016\/06\/2016-06-14-14.57.23-300x225.jpg 300w, https:\/\/www.samskitchen.at\/wp-content\/uploads\/2016\/06\/2016-06-14-14.57.23-768x576.jpg 768w, https:\/\/www.samskitchen.at\/wp-content\/uploads\/2016\/06\/2016-06-14-14.57.23-330x248.jpg 330w, https:\/\/www.samskitchen.at\/wp-content\/uploads\/2016\/06\/2016-06-14-14.57.23-530x398.jpg 530w, https:\/\/www.samskitchen.at\/wp-content\/uploads\/2016\/06\/2016-06-14-14.57.23.jpg 1000w\" sizes=\"(max-width: 510px) 100vw, 510px\" \/><\/a> <a href=\"http:\/\/www.samskitchen.at\/?attachment_id=2666#main\" rel=\"attachment wp-att-2666\"><img decoding=\"async\" loading=\"lazy\" class=\"alignnone wp-image-2666 size-large\" src=\"http:\/\/www.samskitchen.at\/wp-content\/uploads\/2016\/06\/2016-06-14-14.55.53-510x383.jpg\" alt=\"2016-06-14 14.55.53\" width=\"510\" height=\"383\" srcset=\"https:\/\/www.samskitchen.at\/wp-content\/uploads\/2016\/06\/2016-06-14-14.55.53-510x383.jpg 510w, https:\/\/www.samskitchen.at\/wp-content\/uploads\/2016\/06\/2016-06-14-14.55.53-300x225.jpg 300w, https:\/\/www.samskitchen.at\/wp-content\/uploads\/2016\/06\/2016-06-14-14.55.53-768x576.jpg 768w, https:\/\/www.samskitchen.at\/wp-content\/uploads\/2016\/06\/2016-06-14-14.55.53-330x248.jpg 330w, https:\/\/www.samskitchen.at\/wp-content\/uploads\/2016\/06\/2016-06-14-14.55.53-530x398.jpg 530w, https:\/\/www.samskitchen.at\/wp-content\/uploads\/2016\/06\/2016-06-14-14.55.53.jpg 1000w\" sizes=\"(max-width: 510px) 100vw, 510px\" \/><\/a> <a href=\"http:\/\/www.samskitchen.at\/?attachment_id=2665#main\" rel=\"attachment wp-att-2665\"><img decoding=\"async\" loading=\"lazy\" class=\"alignnone wp-image-2665 size-large\" src=\"http:\/\/www.samskitchen.at\/wp-content\/uploads\/2016\/06\/2016-06-14-14.55.45-510x383.jpg\" alt=\"2016-06-14 14.55.45\" width=\"510\" height=\"383\" srcset=\"https:\/\/www.samskitchen.at\/wp-content\/uploads\/2016\/06\/2016-06-14-14.55.45-510x383.jpg 510w, https:\/\/www.samskitchen.at\/wp-content\/uploads\/2016\/06\/2016-06-14-14.55.45-300x225.jpg 300w, https:\/\/www.samskitchen.at\/wp-content\/uploads\/2016\/06\/2016-06-14-14.55.45-768x576.jpg 768w, https:\/\/www.samskitchen.at\/wp-content\/uploads\/2016\/06\/2016-06-14-14.55.45-330x248.jpg 330w, https:\/\/www.samskitchen.at\/wp-content\/uploads\/2016\/06\/2016-06-14-14.55.45-530x398.jpg 530w, https:\/\/www.samskitchen.at\/wp-content\/uploads\/2016\/06\/2016-06-14-14.55.45.jpg 1000w\" sizes=\"(max-width: 510px) 100vw, 510px\" \/><\/a> <a href=\"http:\/\/www.samskitchen.at\/?attachment_id=2664#main\" rel=\"attachment wp-att-2664\"><img decoding=\"async\" loading=\"lazy\" class=\"alignnone wp-image-2664 size-large\" src=\"http:\/\/www.samskitchen.at\/wp-content\/uploads\/2016\/06\/2016-06-14-14.55.43-510x383.jpg\" alt=\"2016-06-14 14.55.43\" width=\"510\" height=\"383\" srcset=\"https:\/\/www.samskitchen.at\/wp-content\/uploads\/2016\/06\/2016-06-14-14.55.43-510x383.jpg 510w, https:\/\/www.samskitchen.at\/wp-content\/uploads\/2016\/06\/2016-06-14-14.55.43-300x225.jpg 300w, https:\/\/www.samskitchen.at\/wp-content\/uploads\/2016\/06\/2016-06-14-14.55.43-768x576.jpg 768w, https:\/\/www.samskitchen.at\/wp-content\/uploads\/2016\/06\/2016-06-14-14.55.43-330x248.jpg 330w, https:\/\/www.samskitchen.at\/wp-content\/uploads\/2016\/06\/2016-06-14-14.55.43-530x398.jpg 530w, https:\/\/www.samskitchen.at\/wp-content\/uploads\/2016\/06\/2016-06-14-14.55.43.jpg 1000w\" sizes=\"(max-width: 510px) 100vw, 510px\" \/><\/a><\/p>\n<p>eingereicht bei: <a href=\"http:\/\/www.wildyeastblog.com\/yeastspotting-submission\/\">Yeastspotting<\/a><\/p>\n","protected":false},"excerpt":{"rendered":"<p>Nachdem sich meine &#8222;Steirischen K\u00fcrbissen-Stangerln&#8220; zu einem Renner entwickelt haben, dachte ich &#8211; mach ma welche mit Speck. Gesagt getan und ran an den Teigkneter. Rezept hab ich ein relativ schnelles genommen, da der w\u00fcrzige K\u00e4se und der intensive Speckgeschmack vorherrscht. Diese Stangerln kann man ganz ohne Beilage oder wer will kann noch was\u00a0Deftiges oder Saures dazu essen. Rezept f\u00fcr &hellip;<\/p>\n","protected":false},"author":1,"featured_media":2663,"comment_status":"open","ping_status":"open","sticky":false,"template":"","format":"standard","meta":{"_mi_skip_tracking":false,"_exactmetrics_sitenote_active":false,"_exactmetrics_sitenote_note":"","_exactmetrics_sitenote_category":0,"ngg_post_thumbnail":0,"jetpack_post_was_ever_published":false,"_jetpack_newsletter_access":"","footnotes":"","jetpack_publicize_message":"","jetpack_is_tweetstorm":false,"jetpack_publicize_feature_enabled":true,"jetpack_social_post_already_shared":true,"jetpack_social_options":{"image_generator_settings":{"template":"highway","enabled":false}}},"categories":[2],"tags":[290,289,291],"jetpack_publicize_connections":[],"jetpack_featured_media_url":"https:\/\/www.samskitchen.at\/wp-content\/uploads\/2016\/06\/2016-06-14-14.55.31.jpg","jetpack_sharing_enabled":true,"jetpack_shortlink":"https:\/\/wp.me\/p41IW0-GW","_links":{"self":[{"href":"https:\/\/www.samskitchen.at\/index.php?rest_route=\/wp\/v2\/posts\/2662"}],"collection":[{"href":"https:\/\/www.samskitchen.at\/index.php?rest_route=\/wp\/v2\/posts"}],"about":[{"href":"https:\/\/www.samskitchen.at\/index.php?rest_route=\/wp\/v2\/types\/post"}],"author":[{"embeddable":true,"href":"https:\/\/www.samskitchen.at\/index.php?rest_route=\/wp\/v2\/users\/1"}],"replies":[{"embeddable":true,"href":"https:\/\/www.samskitchen.at\/index.php?rest_route=%2Fwp%2Fv2%2Fcomments&post=2662"}],"version-history":[{"count":1,"href":"https:\/\/www.samskitchen.at\/index.php?rest_route=\/wp\/v2\/posts\/2662\/revisions"}],"predecessor-version":[{"id":2668,"href":"https:\/\/www.samskitchen.at\/index.php?rest_route=\/wp\/v2\/posts\/2662\/revisions\/2668"}],"wp:featuredmedia":[{"embeddable":true,"href":"https:\/\/www.samskitchen.at\/index.php?rest_route=\/wp\/v2\/media\/2663"}],"wp:attachment":[{"href":"https:\/\/www.samskitchen.at\/index.php?rest_route=%2Fwp%2Fv2%2Fmedia&parent=2662"}],"wp:term":[{"taxonomy":"category","embeddable":true,"href":"https:\/\/www.samskitchen.at\/index.php?rest_route=%2Fwp%2Fv2%2Fcategories&post=2662"},{"taxonomy":"post_tag","embeddable":true,"href":"https:\/\/www.samskitchen.at\/index.php?rest_route=%2Fwp%2Fv2%2Ftags&post=2662"}],"curies":[{"name":"wp","href":"https:\/\/api.w.org\/{rel}","templated":true}]}}