{"id":2645,"date":"2016-06-07T08:50:04","date_gmt":"2016-06-07T06:50:04","guid":{"rendered":"http:\/\/www.samskitchen.at\/?p=2645"},"modified":"2018-02-27T10:30:06","modified_gmt":"2018-02-27T09:30:06","slug":"steirische-kaesestangerln-ohne-hefe","status":"publish","type":"post","link":"https:\/\/www.samskitchen.at\/?p=2645","title":{"rendered":"Steirische K\u00e4sestangerln (ohne Hefe)"},"content":{"rendered":"<p><a href=\"http:\/\/www.samskitchen.at\/?attachment_id=2648#main\" rel=\"attachment wp-att-2648\"><img decoding=\"async\" loading=\"lazy\" class=\"alignnone size-full wp-image-2648\" src=\"http:\/\/www.samskitchen.at\/wp-content\/uploads\/2016\/06\/2016-06-04-12.48.42.jpg\" alt=\"2016-06-04 12.48.42\" width=\"650\" height=\"466\" srcset=\"https:\/\/www.samskitchen.at\/wp-content\/uploads\/2016\/06\/2016-06-04-12.48.42.jpg 650w, https:\/\/www.samskitchen.at\/wp-content\/uploads\/2016\/06\/2016-06-04-12.48.42-300x215.jpg 300w, https:\/\/www.samskitchen.at\/wp-content\/uploads\/2016\/06\/2016-06-04-12.48.42-510x366.jpg 510w, https:\/\/www.samskitchen.at\/wp-content\/uploads\/2016\/06\/2016-06-04-12.48.42-330x237.jpg 330w, https:\/\/www.samskitchen.at\/wp-content\/uploads\/2016\/06\/2016-06-04-12.48.42-530x380.jpg 530w\" sizes=\"(max-width: 650px) 100vw, 650px\" \/><\/a>Ein weiterer Versuch ohne gekaufte Backhefe auszukommen. Da anscheinend immer mehr Menschen keine Backhefe vertragen oder wollen &#8211; gibts wieder was ohne Hefe &#8211; nur mit Lievito Madre gebacken. Inspiriert dazu hat mich <a href=\"http:\/\/www.homebaking.at\">Dietmar Kappl<\/a> mit seinen <a href=\"http:\/\/www.homebaking.at\/steirische-kaesestangerl\/\">Steirischen K\u00e4sestangerln<\/a>. Ich glaub ich kann mich erinnern vor einem Jahr bei ihn im Betrieb so was gesehen zu haben. Ganze Berge K\u00e4se-K\u00fcrbiskernmischungen t\u00fcrmten sich am Tisch und wir dr\u00fcckten die gewickelten Stangerln in diese Mischung. Heute wird selbst gebacken.<\/p>\n<p><strong>Vorteig:<\/strong><\/p>\n<p>50g Lievito Marde (sollte sehr aktiv sein)<br \/>\n100g Weizenmehl W700<br \/>\n100g Wasser<\/p>\n<p>gut vermischen und bei Raumtemperatur ca. 12 Stunden reifen lassen.<\/p>\n<p><strong>Hauptteig:<\/strong><\/p>\n<p>250g Vorteig<br \/>\n340&nbsp;g Weizenmehl Type 700<br \/>\n70 g Milch<br \/>\n130 g Wasser<br \/>\n8 g Backmalz<br \/>\n4 g Fett<br \/>\n10&nbsp;g Salz<\/p>\n<p>&nbsp;<\/p>\n<p>Alle Zutaten ca. 5&nbsp;Minuten langsam &nbsp;und ca. 3 Minuten schnell kneten, der Teig sollte sich vom Schl\u00fcsselrand l\u00f6sen. Dann folgt einen Gare von ca. 3 Stunden bei 30\u00b0. Anschliessend in St\u00fccke zu je 70g teilen, rundwirken und abgedeckt 30 Minuten gehen lassen. Dann werden die Teiglinge oval ausgerollt und straff zu Stangerln (so wie bei den Salzstangerln) aufgerollt, mit Wasser bespr\u00fcht und in eine Mischung aus geriebenem Emmentaler und gehackten K\u00fcrbiskernen gedr\u00fcckt. An einem warmen Ort sch\u00f6n aufgehen lassen und ev. noch mit groben Salz bestehen. Den Backofen rechtzeitig aufheizen und mit Schwaden bei 250\u00b0 fallend auf 240\u00b0 15 Minuten backen. Ausk\u00fchlen lassen und geniessen.<\/p>\n<p><a href=\"http:\/\/www.samskitchen.at\/?attachment_id=2656#main\" rel=\"attachment wp-att-2656\"><img decoding=\"async\" loading=\"lazy\" class=\"alignnone wp-image-2656 size-large\" src=\"http:\/\/www.samskitchen.at\/wp-content\/uploads\/2016\/06\/2016-06-04-12.56.03-510x310.jpg\" alt=\"2016-06-04 12.56.03\" width=\"510\" height=\"310\" srcset=\"https:\/\/www.samskitchen.at\/wp-content\/uploads\/2016\/06\/2016-06-04-12.56.03-510x310.jpg 510w, https:\/\/www.samskitchen.at\/wp-content\/uploads\/2016\/06\/2016-06-04-12.56.03-300x182.jpg 300w, https:\/\/www.samskitchen.at\/wp-content\/uploads\/2016\/06\/2016-06-04-12.56.03-768x467.jpg 768w, https:\/\/www.samskitchen.at\/wp-content\/uploads\/2016\/06\/2016-06-04-12.56.03-330x201.jpg 330w, https:\/\/www.samskitchen.at\/wp-content\/uploads\/2016\/06\/2016-06-04-12.56.03-530x322.jpg 530w, https:\/\/www.samskitchen.at\/wp-content\/uploads\/2016\/06\/2016-06-04-12.56.03.jpg 1000w\" sizes=\"(max-width: 510px) 100vw, 510px\" \/><\/a> <a href=\"http:\/\/www.samskitchen.at\/?attachment_id=2655#main\" rel=\"attachment wp-att-2655\"><img decoding=\"async\" loading=\"lazy\" class=\"alignnone wp-image-2655 size-large\" src=\"http:\/\/www.samskitchen.at\/wp-content\/uploads\/2016\/06\/2016-06-04-12.51.47-510x301.jpg\" alt=\"2016-06-04 12.51.47\" width=\"510\" height=\"301\" srcset=\"https:\/\/www.samskitchen.at\/wp-content\/uploads\/2016\/06\/2016-06-04-12.51.47-510x301.jpg 510w, https:\/\/www.samskitchen.at\/wp-content\/uploads\/2016\/06\/2016-06-04-12.51.47-300x177.jpg 300w, https:\/\/www.samskitchen.at\/wp-content\/uploads\/2016\/06\/2016-06-04-12.51.47-768x454.jpg 768w, https:\/\/www.samskitchen.at\/wp-content\/uploads\/2016\/06\/2016-06-04-12.51.47-330x195.jpg 330w, https:\/\/www.samskitchen.at\/wp-content\/uploads\/2016\/06\/2016-06-04-12.51.47-530x313.jpg 530w, https:\/\/www.samskitchen.at\/wp-content\/uploads\/2016\/06\/2016-06-04-12.51.47.jpg 1000w\" sizes=\"(max-width: 510px) 100vw, 510px\" \/><\/a> <a href=\"http:\/\/www.samskitchen.at\/?attachment_id=2654#main\" rel=\"attachment wp-att-2654\"><img decoding=\"async\" loading=\"lazy\" class=\"alignnone wp-image-2654 size-large\" src=\"http:\/\/www.samskitchen.at\/wp-content\/uploads\/2016\/06\/2016-06-04-12.50.19-510x341.jpg\" alt=\"2016-06-04 12.50.19\" width=\"510\" height=\"341\" srcset=\"https:\/\/www.samskitchen.at\/wp-content\/uploads\/2016\/06\/2016-06-04-12.50.19-510x341.jpg 510w, https:\/\/www.samskitchen.at\/wp-content\/uploads\/2016\/06\/2016-06-04-12.50.19-300x201.jpg 300w, https:\/\/www.samskitchen.at\/wp-content\/uploads\/2016\/06\/2016-06-04-12.50.19-768x514.jpg 768w, https:\/\/www.samskitchen.at\/wp-content\/uploads\/2016\/06\/2016-06-04-12.50.19-330x221.jpg 330w, https:\/\/www.samskitchen.at\/wp-content\/uploads\/2016\/06\/2016-06-04-12.50.19-530x355.jpg 530w, https:\/\/www.samskitchen.at\/wp-content\/uploads\/2016\/06\/2016-06-04-12.50.19.jpg 900w\" sizes=\"(max-width: 510px) 100vw, 510px\" \/><\/a> <a href=\"http:\/\/www.samskitchen.at\/?attachment_id=2653#main\" rel=\"attachment wp-att-2653\"><img decoding=\"async\" loading=\"lazy\" class=\"alignnone wp-image-2653 size-large\" src=\"http:\/\/www.samskitchen.at\/wp-content\/uploads\/2016\/06\/2016-06-04-12.48.59-510x383.jpg\" alt=\"2016-06-04 12.48.59\" width=\"510\" height=\"383\" srcset=\"https:\/\/www.samskitchen.at\/wp-content\/uploads\/2016\/06\/2016-06-04-12.48.59-510x383.jpg 510w, https:\/\/www.samskitchen.at\/wp-content\/uploads\/2016\/06\/2016-06-04-12.48.59-300x225.jpg 300w, https:\/\/www.samskitchen.at\/wp-content\/uploads\/2016\/06\/2016-06-04-12.48.59-768x576.jpg 768w, https:\/\/www.samskitchen.at\/wp-content\/uploads\/2016\/06\/2016-06-04-12.48.59-330x248.jpg 330w, https:\/\/www.samskitchen.at\/wp-content\/uploads\/2016\/06\/2016-06-04-12.48.59-530x398.jpg 530w, https:\/\/www.samskitchen.at\/wp-content\/uploads\/2016\/06\/2016-06-04-12.48.59.jpg 800w\" sizes=\"(max-width: 510px) 100vw, 510px\" \/><\/a> <a href=\"http:\/\/www.samskitchen.at\/?attachment_id=2652#main\" rel=\"attachment wp-att-2652\"><img decoding=\"async\" loading=\"lazy\" class=\"alignnone wp-image-2652 size-large\" src=\"http:\/\/www.samskitchen.at\/wp-content\/uploads\/2016\/06\/2016-06-04-12.48.58-510x383.jpg\" alt=\"2016-06-04 12.48.58\" width=\"510\" height=\"383\" srcset=\"https:\/\/www.samskitchen.at\/wp-content\/uploads\/2016\/06\/2016-06-04-12.48.58-510x383.jpg 510w, https:\/\/www.samskitchen.at\/wp-content\/uploads\/2016\/06\/2016-06-04-12.48.58-300x225.jpg 300w, https:\/\/www.samskitchen.at\/wp-content\/uploads\/2016\/06\/2016-06-04-12.48.58-330x248.jpg 330w, https:\/\/www.samskitchen.at\/wp-content\/uploads\/2016\/06\/2016-06-04-12.48.58-530x398.jpg 530w, https:\/\/www.samskitchen.at\/wp-content\/uploads\/2016\/06\/2016-06-04-12.48.58.jpg 700w\" sizes=\"(max-width: 510px) 100vw, 510px\" \/><\/a> <a href=\"http:\/\/www.samskitchen.at\/?attachment_id=2651#main\" rel=\"attachment wp-att-2651\"><img decoding=\"async\" loading=\"lazy\" class=\"alignnone wp-image-2651 size-large\" src=\"http:\/\/www.samskitchen.at\/wp-content\/uploads\/2016\/06\/2016-06-04-12.48.55-510x459.jpg\" alt=\"2016-06-04 12.48.55\" width=\"510\" height=\"459\" srcset=\"https:\/\/www.samskitchen.at\/wp-content\/uploads\/2016\/06\/2016-06-04-12.48.55-510x459.jpg 510w, https:\/\/www.samskitchen.at\/wp-content\/uploads\/2016\/06\/2016-06-04-12.48.55-300x270.jpg 300w, https:\/\/www.samskitchen.at\/wp-content\/uploads\/2016\/06\/2016-06-04-12.48.55-768x691.jpg 768w, https:\/\/www.samskitchen.at\/wp-content\/uploads\/2016\/06\/2016-06-04-12.48.55-330x297.jpg 330w, https:\/\/www.samskitchen.at\/wp-content\/uploads\/2016\/06\/2016-06-04-12.48.55-530x477.jpg 530w, https:\/\/www.samskitchen.at\/wp-content\/uploads\/2016\/06\/2016-06-04-12.48.55.jpg 800w\" sizes=\"(max-width: 510px) 100vw, 510px\" \/><\/a><\/p>\n<p>Eingereicht bei: <a href=\"http:\/\/www.wildyeastblog.com\/yeastspotting\/\">Yeastspotting<\/a><\/p>\n<p>&nbsp;<\/p>\n<p>&nbsp;<\/p>\n","protected":false},"excerpt":{"rendered":"<p>Ein weiterer Versuch ohne gekaufte Backhefe auszukommen. Da anscheinend immer mehr Menschen keine Backhefe vertragen oder wollen &#8211; gibts wieder was ohne Hefe &#8211; nur mit Lievito Madre gebacken. Inspiriert dazu hat mich Dietmar Kappl mit seinen Steirischen K\u00e4sestangerln. Ich glaub ich kann mich erinnern vor einem Jahr bei ihn im Betrieb so was gesehen zu haben. Ganze Berge K\u00e4se-K\u00fcrbiskernmischungen &hellip;<\/p>\n","protected":false},"author":1,"featured_media":2648,"comment_status":"open","ping_status":"open","sticky":false,"template":"","format":"standard","meta":{"_mi_skip_tracking":false,"_exactmetrics_sitenote_active":false,"_exactmetrics_sitenote_note":"","_exactmetrics_sitenote_category":0,"ngg_post_thumbnail":0,"jetpack_post_was_ever_published":false,"_jetpack_newsletter_access":"","footnotes":"","jetpack_publicize_message":"","jetpack_is_tweetstorm":false,"jetpack_publicize_feature_enabled":true,"jetpack_social_post_already_shared":true,"jetpack_social_options":{"image_generator_settings":{"template":"highway","enabled":false}}},"categories":[2],"tags":[288,169,20],"jetpack_publicize_connections":[],"jetpack_featured_media_url":"https:\/\/www.samskitchen.at\/wp-content\/uploads\/2016\/06\/2016-06-04-12.48.42.jpg","jetpack_sharing_enabled":true,"jetpack_shortlink":"https:\/\/wp.me\/p41IW0-GF","_links":{"self":[{"href":"https:\/\/www.samskitchen.at\/index.php?rest_route=\/wp\/v2\/posts\/2645"}],"collection":[{"href":"https:\/\/www.samskitchen.at\/index.php?rest_route=\/wp\/v2\/posts"}],"about":[{"href":"https:\/\/www.samskitchen.at\/index.php?rest_route=\/wp\/v2\/types\/post"}],"author":[{"embeddable":true,"href":"https:\/\/www.samskitchen.at\/index.php?rest_route=\/wp\/v2\/users\/1"}],"replies":[{"embeddable":true,"href":"https:\/\/www.samskitchen.at\/index.php?rest_route=%2Fwp%2Fv2%2Fcomments&post=2645"}],"version-history":[{"count":3,"href":"https:\/\/www.samskitchen.at\/index.php?rest_route=\/wp\/v2\/posts\/2645\/revisions"}],"predecessor-version":[{"id":3413,"href":"https:\/\/www.samskitchen.at\/index.php?rest_route=\/wp\/v2\/posts\/2645\/revisions\/3413"}],"wp:featuredmedia":[{"embeddable":true,"href":"https:\/\/www.samskitchen.at\/index.php?rest_route=\/wp\/v2\/media\/2648"}],"wp:attachment":[{"href":"https:\/\/www.samskitchen.at\/index.php?rest_route=%2Fwp%2Fv2%2Fmedia&parent=2645"}],"wp:term":[{"taxonomy":"category","embeddable":true,"href":"https:\/\/www.samskitchen.at\/index.php?rest_route=%2Fwp%2Fv2%2Fcategories&post=2645"},{"taxonomy":"post_tag","embeddable":true,"href":"https:\/\/www.samskitchen.at\/index.php?rest_route=%2Fwp%2Fv2%2Ftags&post=2645"}],"curies":[{"name":"wp","href":"https:\/\/api.w.org\/{rel}","templated":true}]}}