{"id":2632,"date":"2016-05-30T09:33:22","date_gmt":"2016-05-30T07:33:22","guid":{"rendered":"http:\/\/www.samskitchen.at\/?p=2632"},"modified":"2016-05-30T09:33:22","modified_gmt":"2016-05-30T07:33:22","slug":"grillbrot-ohne-hefe","status":"publish","type":"post","link":"https:\/\/www.samskitchen.at\/?p=2632","title":{"rendered":"Grillbrot ohne Hefe"},"content":{"rendered":"<p><a href=\"http:\/\/www.samskitchen.at\/?attachment_id=2642#main\" rel=\"attachment wp-att-2642\"><img decoding=\"async\" loading=\"lazy\" class=\"alignnone wp-image-2642 size-large\" src=\"http:\/\/www.samskitchen.at\/wp-content\/uploads\/2016\/05\/2016-05-28-17.53.45-510x680.jpg\" alt=\"2016-05-28 17.53.45\" width=\"510\" height=\"680\" srcset=\"https:\/\/www.samskitchen.at\/wp-content\/uploads\/2016\/05\/2016-05-28-17.53.45-510x680.jpg 510w, https:\/\/www.samskitchen.at\/wp-content\/uploads\/2016\/05\/2016-05-28-17.53.45-225x300.jpg 225w, https:\/\/www.samskitchen.at\/wp-content\/uploads\/2016\/05\/2016-05-28-17.53.45-330x440.jpg 330w, https:\/\/www.samskitchen.at\/wp-content\/uploads\/2016\/05\/2016-05-28-17.53.45-530x706.jpg 530w, https:\/\/www.samskitchen.at\/wp-content\/uploads\/2016\/05\/2016-05-28-17.53.45.jpg 550w\" sizes=\"(max-width: 510px) 100vw, 510px\" \/><\/a>Die n\u00e4chste Grillerei ist angesagt &#8211; also mal \u00fcberlegen &#8211; was f\u00fcr ein Brot passt dazu? Nat\u00fcrlich Weissbrot &#8211; aber dieses Mal sollte keine Hefe dabei sein. Auch kein Problem, hab ja schon des \u00d6fteren was ohne Hefe gebacken. Man brauch halt einen recht munteren Sauerteig oder Lievito Madre. Den hab ich! Also ran ans \u00dcberlegen &#8211; ich mach wieder mal was aus dem \u00c4rmel &#8211; nach dem Motto &#8211; Schau ma mal &#8211; dann werden wir schon sehen.<\/p>\n<p>Das folgende Rezept kam dabei raus:<\/p>\n<p><strong>Rezept f\u00fcr 4 Brote\u00a0<\/strong><\/p>\n<p>1.Sauerteigstufe<br \/>\n100g Weizenmehl (T700)<br \/>\n100g Wasser<br \/>\n50g Anstellgut (Weizen)<\/p>\n<p>TA: 200, TT: 25\u00b0 fallend auf Raumtemperatur , \u00a0RZ 12 Stunden<\/p>\n<p>2.Sauerteigstufe<br \/>\n250g 1.Sauerteigstufe<br \/>\n250g Weizenmel (T700)<br \/>\n250g Wasser 30\u00b0<\/p>\n<p>TA:200, TT: 28\u00b0, \u00a0RZ: 5 Stunden<\/p>\n<p>Hauptteig:<br \/>\n750g 2.Sauerteigstufe<br \/>\n250g Weizenmehl T80<br \/>\n500g Weizenmehl W 700<br \/>\n30g Salz<br \/>\n300g Wasser 45\u00b0<\/p>\n<p>TA:160, TT: 30\u00b0, RZ: 2 Stunden, St\u00fcckgare ca. 40 Minuten bei ca. 25\u00b0<\/p>\n<p>Die Zutaten des Hauptteiges vermischen und so lange kneten bis ein sch\u00f6nen glatter Teig entsteht, der sich vom Schl\u00fcsselrand l\u00e4sst. \u00a0Dann kommt die Kesselgare von ca. 120 Minuten. Vier Mal strecken und falten. Dann in vier Teile teilen und rund wirken. Die Teiglinge f\u00fcr 20 Minuten entspannen lassen und anschliessend zu l\u00e4nglichen Wecken formen. Diese in einem bemehlten Leinentuch mit Schluss oben bei Raumtemperatur ca. 40 Minuten reden lassen. Umdrehen &#8211; einschneiden &#8211; und ab in den bereits vorgeheizten Ofen.<\/p>\n<p>Bei 270\u00b0 fallend auf 250\u00b0 mit Schwaden sch\u00f6n r\u00f6sch ausbacken.<\/p>\n<p>Meine Brote waren wunderbar aromatisch mit einer leichten Sauerteignote, der Vorteil \u00a0&#8211; an n\u00e4chsten Tag schmecken sie noch genauso gut.<\/p>\n<p>Werden sicher wieder gebacken!<\/p>\n<p>Gutes Gelingen<\/p>\n<p><a href=\"http:\/\/www.samskitchen.at\/?attachment_id=2633#main\" rel=\"attachment wp-att-2633\"><img decoding=\"async\" loading=\"lazy\" class=\"alignnone wp-image-2633 size-large\" src=\"http:\/\/www.samskitchen.at\/wp-content\/uploads\/2016\/05\/2016-05-28-17.44.16-510x237.jpg\" alt=\"2016-05-28 17.44.16\" width=\"510\" height=\"237\" srcset=\"https:\/\/www.samskitchen.at\/wp-content\/uploads\/2016\/05\/2016-05-28-17.44.16-510x237.jpg 510w, https:\/\/www.samskitchen.at\/wp-content\/uploads\/2016\/05\/2016-05-28-17.44.16-300x139.jpg 300w, https:\/\/www.samskitchen.at\/wp-content\/uploads\/2016\/05\/2016-05-28-17.44.16-768x356.jpg 768w, https:\/\/www.samskitchen.at\/wp-content\/uploads\/2016\/05\/2016-05-28-17.44.16-330x153.jpg 330w, https:\/\/www.samskitchen.at\/wp-content\/uploads\/2016\/05\/2016-05-28-17.44.16-530x246.jpg 530w, https:\/\/www.samskitchen.at\/wp-content\/uploads\/2016\/05\/2016-05-28-17.44.16.jpg 1000w\" sizes=\"(max-width: 510px) 100vw, 510px\" \/><\/a> <a href=\"http:\/\/www.samskitchen.at\/?attachment_id=2637#main\" rel=\"attachment wp-att-2637\"><img decoding=\"async\" loading=\"lazy\" class=\"alignnone wp-image-2637 size-large\" src=\"http:\/\/www.samskitchen.at\/wp-content\/uploads\/2016\/05\/2016-05-28-17.45.36-510x383.jpg\" alt=\"2016-05-28 17.45.36\" width=\"510\" height=\"383\" srcset=\"https:\/\/www.samskitchen.at\/wp-content\/uploads\/2016\/05\/2016-05-28-17.45.36-510x383.jpg 510w, https:\/\/www.samskitchen.at\/wp-content\/uploads\/2016\/05\/2016-05-28-17.45.36-300x225.jpg 300w, https:\/\/www.samskitchen.at\/wp-content\/uploads\/2016\/05\/2016-05-28-17.45.36-330x248.jpg 330w, https:\/\/www.samskitchen.at\/wp-content\/uploads\/2016\/05\/2016-05-28-17.45.36-530x398.jpg 530w, https:\/\/www.samskitchen.at\/wp-content\/uploads\/2016\/05\/2016-05-28-17.45.36.jpg 700w\" sizes=\"(max-width: 510px) 100vw, 510px\" \/><\/a> <a href=\"http:\/\/www.samskitchen.at\/?attachment_id=2636#main\" rel=\"attachment wp-att-2636\"><img decoding=\"async\" loading=\"lazy\" class=\"alignnone wp-image-2636 size-large\" src=\"http:\/\/www.samskitchen.at\/wp-content\/uploads\/2016\/05\/2016-05-28-17.44.39-510x383.jpg\" alt=\"2016-05-28 17.44.39\" width=\"510\" height=\"383\" srcset=\"https:\/\/www.samskitchen.at\/wp-content\/uploads\/2016\/05\/2016-05-28-17.44.39-510x383.jpg 510w, https:\/\/www.samskitchen.at\/wp-content\/uploads\/2016\/05\/2016-05-28-17.44.39-300x225.jpg 300w, https:\/\/www.samskitchen.at\/wp-content\/uploads\/2016\/05\/2016-05-28-17.44.39-768x576.jpg 768w, https:\/\/www.samskitchen.at\/wp-content\/uploads\/2016\/05\/2016-05-28-17.44.39-330x248.jpg 330w, https:\/\/www.samskitchen.at\/wp-content\/uploads\/2016\/05\/2016-05-28-17.44.39-530x398.jpg 530w, https:\/\/www.samskitchen.at\/wp-content\/uploads\/2016\/05\/2016-05-28-17.44.39.jpg 1000w\" sizes=\"(max-width: 510px) 100vw, 510px\" \/><\/a> <a href=\"http:\/\/www.samskitchen.at\/?attachment_id=2635#main\" rel=\"attachment wp-att-2635\"><img decoding=\"async\" loading=\"lazy\" class=\"alignnone wp-image-2635 size-large\" src=\"http:\/\/www.samskitchen.at\/wp-content\/uploads\/2016\/05\/2016-05-28-17.44.37-510x383.jpg\" alt=\"2016-05-28 17.44.37\" width=\"510\" height=\"383\" srcset=\"https:\/\/www.samskitchen.at\/wp-content\/uploads\/2016\/05\/2016-05-28-17.44.37-510x383.jpg 510w, https:\/\/www.samskitchen.at\/wp-content\/uploads\/2016\/05\/2016-05-28-17.44.37-300x225.jpg 300w, https:\/\/www.samskitchen.at\/wp-content\/uploads\/2016\/05\/2016-05-28-17.44.37-768x576.jpg 768w, https:\/\/www.samskitchen.at\/wp-content\/uploads\/2016\/05\/2016-05-28-17.44.37-330x248.jpg 330w, https:\/\/www.samskitchen.at\/wp-content\/uploads\/2016\/05\/2016-05-28-17.44.37-530x398.jpg 530w, https:\/\/www.samskitchen.at\/wp-content\/uploads\/2016\/05\/2016-05-28-17.44.37.jpg 1000w\" sizes=\"(max-width: 510px) 100vw, 510px\" \/><\/a> <a href=\"http:\/\/www.samskitchen.at\/?attachment_id=2634#main\" rel=\"attachment wp-att-2634\"><img decoding=\"async\" loading=\"lazy\" class=\"alignnone wp-image-2634 size-large\" src=\"http:\/\/www.samskitchen.at\/wp-content\/uploads\/2016\/05\/2016-05-28-17.44.24-510x383.jpg\" alt=\"2016-05-28 17.44.24\" width=\"510\" height=\"383\" srcset=\"https:\/\/www.samskitchen.at\/wp-content\/uploads\/2016\/05\/2016-05-28-17.44.24-510x383.jpg 510w, https:\/\/www.samskitchen.at\/wp-content\/uploads\/2016\/05\/2016-05-28-17.44.24-300x225.jpg 300w, https:\/\/www.samskitchen.at\/wp-content\/uploads\/2016\/05\/2016-05-28-17.44.24-768x576.jpg 768w, https:\/\/www.samskitchen.at\/wp-content\/uploads\/2016\/05\/2016-05-28-17.44.24-330x248.jpg 330w, https:\/\/www.samskitchen.at\/wp-content\/uploads\/2016\/05\/2016-05-28-17.44.24-530x398.jpg 530w, https:\/\/www.samskitchen.at\/wp-content\/uploads\/2016\/05\/2016-05-28-17.44.24.jpg 1000w\" sizes=\"(max-width: 510px) 100vw, 510px\" \/><\/a> <a href=\"http:\/\/www.samskitchen.at\/?attachment_id=2638#main\" rel=\"attachment wp-att-2638\"><img decoding=\"async\" loading=\"lazy\" class=\"alignnone wp-image-2638 size-large\" src=\"http:\/\/www.samskitchen.at\/wp-content\/uploads\/2016\/05\/2016-05-28-17.45.43-510x383.jpg\" alt=\"2016-05-28 17.45.43\" width=\"510\" height=\"383\" srcset=\"https:\/\/www.samskitchen.at\/wp-content\/uploads\/2016\/05\/2016-05-28-17.45.43-510x383.jpg 510w, https:\/\/www.samskitchen.at\/wp-content\/uploads\/2016\/05\/2016-05-28-17.45.43-300x225.jpg 300w, https:\/\/www.samskitchen.at\/wp-content\/uploads\/2016\/05\/2016-05-28-17.45.43-330x248.jpg 330w, https:\/\/www.samskitchen.at\/wp-content\/uploads\/2016\/05\/2016-05-28-17.45.43-530x398.jpg 530w, https:\/\/www.samskitchen.at\/wp-content\/uploads\/2016\/05\/2016-05-28-17.45.43.jpg 700w\" sizes=\"(max-width: 510px) 100vw, 510px\" \/><\/a><a href=\"http:\/\/www.samskitchen.at\/?attachment_id=2641#main\" rel=\"attachment wp-att-2641\"><img decoding=\"async\" loading=\"lazy\" class=\"alignnone wp-image-2641 size-large\" src=\"http:\/\/www.samskitchen.at\/wp-content\/uploads\/2016\/05\/2016-05-28-17.50.25-510x383.jpg\" alt=\"2016-05-28 17.50.25\" width=\"510\" height=\"383\" srcset=\"https:\/\/www.samskitchen.at\/wp-content\/uploads\/2016\/05\/2016-05-28-17.50.25-510x383.jpg 510w, https:\/\/www.samskitchen.at\/wp-content\/uploads\/2016\/05\/2016-05-28-17.50.25-300x225.jpg 300w, https:\/\/www.samskitchen.at\/wp-content\/uploads\/2016\/05\/2016-05-28-17.50.25-768x576.jpg 768w, https:\/\/www.samskitchen.at\/wp-content\/uploads\/2016\/05\/2016-05-28-17.50.25-330x248.jpg 330w, https:\/\/www.samskitchen.at\/wp-content\/uploads\/2016\/05\/2016-05-28-17.50.25-530x398.jpg 530w\" sizes=\"(max-width: 510px) 100vw, 510px\" \/><\/a><a href=\"http:\/\/www.samskitchen.at\/?attachment_id=2640#main\" rel=\"attachment wp-att-2640\"><img decoding=\"async\" loading=\"lazy\" class=\"alignnone wp-image-2640 size-large\" src=\"http:\/\/www.samskitchen.at\/wp-content\/uploads\/2016\/05\/2016-05-28-17.50.20-510x383.jpg\" alt=\"2016-05-28 17.50.20\" width=\"510\" height=\"383\" srcset=\"https:\/\/www.samskitchen.at\/wp-content\/uploads\/2016\/05\/2016-05-28-17.50.20-510x383.jpg 510w, https:\/\/www.samskitchen.at\/wp-content\/uploads\/2016\/05\/2016-05-28-17.50.20-300x225.jpg 300w, https:\/\/www.samskitchen.at\/wp-content\/uploads\/2016\/05\/2016-05-28-17.50.20-768x576.jpg 768w, https:\/\/www.samskitchen.at\/wp-content\/uploads\/2016\/05\/2016-05-28-17.50.20-330x248.jpg 330w, https:\/\/www.samskitchen.at\/wp-content\/uploads\/2016\/05\/2016-05-28-17.50.20-530x398.jpg 530w, https:\/\/www.samskitchen.at\/wp-content\/uploads\/2016\/05\/2016-05-28-17.50.20.jpg 1000w\" sizes=\"(max-width: 510px) 100vw, 510px\" \/><\/a><\/p>\n<p>eingereicht bei<a href=\"http:\/\/www.wildyeastblog.com\/yeastspotting\/\"> Yeastspotting<\/a><\/p>\n<p>&nbsp;<\/p>\n<p>&nbsp;<\/p>\n","protected":false},"excerpt":{"rendered":"<p>Die n\u00e4chste Grillerei ist angesagt &#8211; also mal \u00fcberlegen &#8211; was f\u00fcr ein Brot passt dazu? Nat\u00fcrlich Weissbrot &#8211; aber dieses Mal sollte keine Hefe dabei sein. Auch kein Problem, hab ja schon des \u00d6fteren was ohne Hefe gebacken. Man brauch halt einen recht munteren Sauerteig oder Lievito Madre. Den hab ich! Also ran ans \u00dcberlegen &#8211; ich mach wieder &hellip;<\/p>\n","protected":false},"author":1,"featured_media":2642,"comment_status":"open","ping_status":"open","sticky":false,"template":"","format":"standard","meta":{"_mi_skip_tracking":false,"_exactmetrics_sitenote_active":false,"_exactmetrics_sitenote_note":"","_exactmetrics_sitenote_category":0,"ngg_post_thumbnail":0,"jetpack_post_was_ever_published":false,"_jetpack_newsletter_access":"","footnotes":"","jetpack_publicize_message":"","jetpack_is_tweetstorm":false,"jetpack_publicize_feature_enabled":true,"jetpack_social_post_already_shared":true,"jetpack_social_options":{"image_generator_settings":{"template":"highway","enabled":false}}},"categories":[2],"tags":[287,169,20,35,149],"jetpack_publicize_connections":[],"jetpack_featured_media_url":"https:\/\/www.samskitchen.at\/wp-content\/uploads\/2016\/05\/2016-05-28-17.53.45.jpg","jetpack_sharing_enabled":true,"jetpack_shortlink":"https:\/\/wp.me\/p41IW0-Gs","_links":{"self":[{"href":"https:\/\/www.samskitchen.at\/index.php?rest_route=\/wp\/v2\/posts\/2632"}],"collection":[{"href":"https:\/\/www.samskitchen.at\/index.php?rest_route=\/wp\/v2\/posts"}],"about":[{"href":"https:\/\/www.samskitchen.at\/index.php?rest_route=\/wp\/v2\/types\/post"}],"author":[{"embeddable":true,"href":"https:\/\/www.samskitchen.at\/index.php?rest_route=\/wp\/v2\/users\/1"}],"replies":[{"embeddable":true,"href":"https:\/\/www.samskitchen.at\/index.php?rest_route=%2Fwp%2Fv2%2Fcomments&post=2632"}],"version-history":[{"count":2,"href":"https:\/\/www.samskitchen.at\/index.php?rest_route=\/wp\/v2\/posts\/2632\/revisions"}],"predecessor-version":[{"id":2644,"href":"https:\/\/www.samskitchen.at\/index.php?rest_route=\/wp\/v2\/posts\/2632\/revisions\/2644"}],"wp:featuredmedia":[{"embeddable":true,"href":"https:\/\/www.samskitchen.at\/index.php?rest_route=\/wp\/v2\/media\/2642"}],"wp:attachment":[{"href":"https:\/\/www.samskitchen.at\/index.php?rest_route=%2Fwp%2Fv2%2Fmedia&parent=2632"}],"wp:term":[{"taxonomy":"category","embeddable":true,"href":"https:\/\/www.samskitchen.at\/index.php?rest_route=%2Fwp%2Fv2%2Fcategories&post=2632"},{"taxonomy":"post_tag","embeddable":true,"href":"https:\/\/www.samskitchen.at\/index.php?rest_route=%2Fwp%2Fv2%2Ftags&post=2632"}],"curies":[{"name":"wp","href":"https:\/\/api.w.org\/{rel}","templated":true}]}}