{"id":2587,"date":"2016-04-25T08:43:03","date_gmt":"2016-04-25T06:43:03","guid":{"rendered":"http:\/\/www.samskitchen.at\/?p=2587"},"modified":"2017-03-27T09:00:40","modified_gmt":"2017-03-27T07:00:40","slug":"dinkelbrot-aus-dem-holzbackofen","status":"publish","type":"post","link":"https:\/\/www.samskitchen.at\/?p=2587","title":{"rendered":"Dinkelbrot aus dem Holzbackofen"},"content":{"rendered":"<p><a href=\"http:\/\/www.samskitchen.at\/?attachment_id=2596#main\" rel=\"attachment wp-att-2596\"><img decoding=\"async\" loading=\"lazy\" class=\"alignnone wp-image-2596 size-large\" src=\"http:\/\/www.samskitchen.at\/wp-content\/uploads\/2016\/04\/2016-04-23-19.30.18-510x383.jpg\" alt=\"2016-04-23 19.30.18\" width=\"510\" height=\"383\" srcset=\"https:\/\/www.samskitchen.at\/wp-content\/uploads\/2016\/04\/2016-04-23-19.30.18-510x383.jpg 510w, https:\/\/www.samskitchen.at\/wp-content\/uploads\/2016\/04\/2016-04-23-19.30.18-300x225.jpg 300w, https:\/\/www.samskitchen.at\/wp-content\/uploads\/2016\/04\/2016-04-23-19.30.18-330x248.jpg 330w, https:\/\/www.samskitchen.at\/wp-content\/uploads\/2016\/04\/2016-04-23-19.30.18-530x398.jpg 530w, https:\/\/www.samskitchen.at\/wp-content\/uploads\/2016\/04\/2016-04-23-19.30.18.jpg 700w\" sizes=\"(max-width: 510px) 100vw, 510px\" \/><\/a>Meinen Holzbackofen bekomme ich so sch\u00f6n langsam in den Griff. Nach anf\u00e4nglichen Misserfolgen oder zumindest Teilerfolgen wird&#8217;s immer besser. Das Abstimmen bzw. Timing zwischen richtiger Ofentemperatur und optimaler Teigreife kann ganz sch\u00f6n Stress erzeugen. Aber ich glaub ich hab jetzt den &#8222;Dredh&#8220; so einigermassen raus.<\/p>\n<p>Ein sehr lockeres, saftiges Brot mit kr\u00e4ftig ausgebackener Kruste, das ganz ohne Hefe auskommt und daher f\u00fcr Menschen die auf Hefe verzichten m\u00fcssen oder wollen bestens geeignet ist. Damit das Brot nicht zu trocken und br\u00f6selig wird, hab ich einen relativ trockene erste Sauerteigstufe versucht und auch ein Mehlkochst\u00fcck eingebaut.<\/p>\n<p>&nbsp;<\/p>\n<p><strong>Rezept &nbsp;f\u00fcr ein Brot mit 1.494 g:<\/strong><\/p>\n<p><strong>Sauerteigstufe 1:<\/strong><br \/>\n200 g Dinkelmehl T700<br \/>\n100 g Wasser<br \/>\n60 g Anstellgut (Dinkel oder Weizen)<br \/>\nalles gut verr\u00fchren und bei ca. 26-28 Grad f\u00fcr 12-16 Stunden reifen lassen.<\/p>\n<p><strong>Sauerteigstufe 2:<\/strong><br \/>\n360 g &nbsp;von der 1. Sauerteigstufe<br \/>\n200 g Dinkelmehl T700<br \/>\n200 g Wasser 45 Grad warm<br \/>\nebenfalls gut vermengen und bei ca. 30-32 Grad 3-4 Stunden reifen lassen.<br \/>\n<strong>Mehlkochst\u00fcck:<\/strong><br \/>\n50 g Dinkelmehl T700<br \/>\n250 g Wasser<br \/>\nAlles kl\u00fcmpchenfrei verr\u00fchren und unter st\u00e4ndigem R\u00fchren aufkochen lassen. Diese Masse sollte dann auf ca. 20 Grad abgek\u00fchlt werden. Das dauert so ca. 4 Stunden, also rechtzeitig aufkochen lassen.<br \/>\n<strong>Hauptteig:<\/strong><br \/>\n760 g gesamter Vorteig<br \/>\n300g gesamtes Mehlkochst\u00fcck<br \/>\n400g Dinkelmehl T700<br \/>\n19 g Salz<br \/>\n15 g Butter<\/p>\n<p>Alle Zutaten 8 Minuten langsam und 1 Minute schnell kneten. Dann im Teigkessel f\u00fcr 90 Minuten bei 24 Grad gehen &nbsp;lassen. Nach 45 Minuten dehnen und falten. Dann wie gew\u00fcnscht aufarbeiten und mit Schluss nach oben in ein gut bemehltes G\u00e4rk\u00f6rbchen legen und &nbsp;so ca. 90 Minuten bei 30 Grad gehen lassen.<br \/>\nNicht vergessen den Backofen rechtzeitig vorzuheizen.<br \/>\nNach der erfolgten St\u00fcckgare das Brot auf eine Backschaufel st\u00fcrzen und flach einschneiden. Bei 250 Grad fallend auf 200 Grad f\u00fcr ca. 50 Minuten backen. Am Anfang kr\u00e4ftig Schwaden und nach ca. 5 Minuten ablassen, also die Ofent\u00fcr einen Spalt aufmachen.<br \/>\nBeim backen im Holzbackofen erspare ich mit das Schwaden, weil durch das &#8222;aushudeln&#8220; eh schon genug Feuchtigkeit im Ofen ist.<br \/>\nHoffentlich schmeckt es!<br \/>\nEingereicht bei: <a href=\"http:\/\/www.wildyeastblog.com\/yeastspotting\/\">Yeastspotting<\/a><\/p>\n<p><a href=\"http:\/\/www.samskitchen.at\/?attachment_id=2598#main\" rel=\"attachment wp-att-2598\"><img decoding=\"async\" loading=\"lazy\" class=\"alignnone wp-image-2598 size-large\" src=\"http:\/\/www.samskitchen.at\/wp-content\/uploads\/2016\/04\/2016-04-23-19.46.19-1-510x388.jpg\" alt=\"2016-04-23 19.46.19\" width=\"510\" height=\"388\" srcset=\"https:\/\/www.samskitchen.at\/wp-content\/uploads\/2016\/04\/2016-04-23-19.46.19-1-510x388.jpg 510w, https:\/\/www.samskitchen.at\/wp-content\/uploads\/2016\/04\/2016-04-23-19.46.19-1-300x228.jpg 300w, https:\/\/www.samskitchen.at\/wp-content\/uploads\/2016\/04\/2016-04-23-19.46.19-1-768x584.jpg 768w, https:\/\/www.samskitchen.at\/wp-content\/uploads\/2016\/04\/2016-04-23-19.46.19-1-330x251.jpg 330w, https:\/\/www.samskitchen.at\/wp-content\/uploads\/2016\/04\/2016-04-23-19.46.19-1-530x403.jpg 530w, https:\/\/www.samskitchen.at\/wp-content\/uploads\/2016\/04\/2016-04-23-19.46.19-1.jpg 1000w\" sizes=\"(max-width: 510px) 100vw, 510px\" \/><\/a> <a href=\"http:\/\/www.samskitchen.at\/?attachment_id=2597#main\" rel=\"attachment wp-att-2597\"><img decoding=\"async\" loading=\"lazy\" class=\"alignnone wp-image-2597 size-large\" src=\"http:\/\/www.samskitchen.at\/wp-content\/uploads\/2016\/04\/2016-04-23-19.46.00-510x342.jpg\" alt=\"2016-04-23 19.46.00\" width=\"510\" height=\"342\" srcset=\"https:\/\/www.samskitchen.at\/wp-content\/uploads\/2016\/04\/2016-04-23-19.46.00-510x342.jpg 510w, https:\/\/www.samskitchen.at\/wp-content\/uploads\/2016\/04\/2016-04-23-19.46.00-300x201.jpg 300w, https:\/\/www.samskitchen.at\/wp-content\/uploads\/2016\/04\/2016-04-23-19.46.00-768x515.jpg 768w, https:\/\/www.samskitchen.at\/wp-content\/uploads\/2016\/04\/2016-04-23-19.46.00-330x221.jpg 330w, https:\/\/www.samskitchen.at\/wp-content\/uploads\/2016\/04\/2016-04-23-19.46.00-530x356.jpg 530w, https:\/\/www.samskitchen.at\/wp-content\/uploads\/2016\/04\/2016-04-23-19.46.00.jpg 1000w\" sizes=\"(max-width: 510px) 100vw, 510px\" \/><\/a> <a href=\"http:\/\/www.samskitchen.at\/?attachment_id=2594#main\" rel=\"attachment wp-att-2594\"><img decoding=\"async\" loading=\"lazy\" class=\"alignnone wp-image-2594 size-large\" src=\"http:\/\/www.samskitchen.at\/wp-content\/uploads\/2016\/04\/2016-04-23-19.30.10-510x383.jpg\" alt=\"2016-04-23 19.30.10\" width=\"510\" height=\"383\" srcset=\"https:\/\/www.samskitchen.at\/wp-content\/uploads\/2016\/04\/2016-04-23-19.30.10-510x383.jpg 510w, https:\/\/www.samskitchen.at\/wp-content\/uploads\/2016\/04\/2016-04-23-19.30.10-300x225.jpg 300w, https:\/\/www.samskitchen.at\/wp-content\/uploads\/2016\/04\/2016-04-23-19.30.10-768x576.jpg 768w, https:\/\/www.samskitchen.at\/wp-content\/uploads\/2016\/04\/2016-04-23-19.30.10-330x248.jpg 330w, https:\/\/www.samskitchen.at\/wp-content\/uploads\/2016\/04\/2016-04-23-19.30.10-530x398.jpg 530w, https:\/\/www.samskitchen.at\/wp-content\/uploads\/2016\/04\/2016-04-23-19.30.10.jpg 1000w\" sizes=\"(max-width: 510px) 100vw, 510px\" \/><\/a> <a href=\"http:\/\/www.samskitchen.at\/?attachment_id=2593#main\" rel=\"attachment wp-att-2593\"><img decoding=\"async\" loading=\"lazy\" class=\"alignnone wp-image-2593 size-large\" src=\"http:\/\/www.samskitchen.at\/wp-content\/uploads\/2016\/04\/2016-04-23-19.46.19-510x388.jpg\" alt=\"2016-04-23 19.46.19\" width=\"510\" height=\"388\" srcset=\"https:\/\/www.samskitchen.at\/wp-content\/uploads\/2016\/04\/2016-04-23-19.46.19-510x388.jpg 510w, https:\/\/www.samskitchen.at\/wp-content\/uploads\/2016\/04\/2016-04-23-19.46.19-300x228.jpg 300w, https:\/\/www.samskitchen.at\/wp-content\/uploads\/2016\/04\/2016-04-23-19.46.19-768x584.jpg 768w, https:\/\/www.samskitchen.at\/wp-content\/uploads\/2016\/04\/2016-04-23-19.46.19-330x251.jpg 330w, https:\/\/www.samskitchen.at\/wp-content\/uploads\/2016\/04\/2016-04-23-19.46.19-530x403.jpg 530w, https:\/\/www.samskitchen.at\/wp-content\/uploads\/2016\/04\/2016-04-23-19.46.19.jpg 1000w\" sizes=\"(max-width: 510px) 100vw, 510px\" \/><\/a> <a href=\"http:\/\/www.samskitchen.at\/?attachment_id=2592#main\" rel=\"attachment wp-att-2592\"><img decoding=\"async\" loading=\"lazy\" class=\"alignnone wp-image-2592 size-large\" src=\"http:\/\/www.samskitchen.at\/wp-content\/uploads\/2016\/04\/2016-04-23-19.37.03-510x383.jpg\" alt=\"2016-04-23 19.37.03\" width=\"510\" height=\"383\" srcset=\"https:\/\/www.samskitchen.at\/wp-content\/uploads\/2016\/04\/2016-04-23-19.37.03-510x383.jpg 510w, https:\/\/www.samskitchen.at\/wp-content\/uploads\/2016\/04\/2016-04-23-19.37.03-300x225.jpg 300w, https:\/\/www.samskitchen.at\/wp-content\/uploads\/2016\/04\/2016-04-23-19.37.03-768x576.jpg 768w, https:\/\/www.samskitchen.at\/wp-content\/uploads\/2016\/04\/2016-04-23-19.37.03-330x248.jpg 330w, https:\/\/www.samskitchen.at\/wp-content\/uploads\/2016\/04\/2016-04-23-19.37.03-530x398.jpg 530w, https:\/\/www.samskitchen.at\/wp-content\/uploads\/2016\/04\/2016-04-23-19.37.03.jpg 1000w\" sizes=\"(max-width: 510px) 100vw, 510px\" \/><\/a> <a href=\"http:\/\/www.samskitchen.at\/?attachment_id=2591#main\" rel=\"attachment wp-att-2591\"><img decoding=\"async\" loading=\"lazy\" class=\"alignnone wp-image-2591 size-large\" src=\"http:\/\/www.samskitchen.at\/wp-content\/uploads\/2016\/04\/2016-04-23-19.30.39-510x383.jpg\" alt=\"2016-04-23 19.30.39\" width=\"510\" height=\"383\" srcset=\"https:\/\/www.samskitchen.at\/wp-content\/uploads\/2016\/04\/2016-04-23-19.30.39-510x383.jpg 510w, https:\/\/www.samskitchen.at\/wp-content\/uploads\/2016\/04\/2016-04-23-19.30.39-300x225.jpg 300w, https:\/\/www.samskitchen.at\/wp-content\/uploads\/2016\/04\/2016-04-23-19.30.39-330x248.jpg 330w, https:\/\/www.samskitchen.at\/wp-content\/uploads\/2016\/04\/2016-04-23-19.30.39-530x398.jpg 530w, https:\/\/www.samskitchen.at\/wp-content\/uploads\/2016\/04\/2016-04-23-19.30.39.jpg 700w\" sizes=\"(max-width: 510px) 100vw, 510px\" \/><\/a><\/p>\n","protected":false},"excerpt":{"rendered":"<p>Meinen Holzbackofen bekomme ich so sch\u00f6n langsam in den Griff. Nach anf\u00e4nglichen Misserfolgen oder zumindest Teilerfolgen wird&#8217;s immer besser. Das Abstimmen bzw. Timing zwischen richtiger Ofentemperatur und optimaler Teigreife kann ganz sch\u00f6n Stress erzeugen. Aber ich glaub ich hab jetzt den &#8222;Dredh&#8220; so einigermassen raus. Ein sehr lockeres, saftiges Brot mit kr\u00e4ftig ausgebackener Kruste, das ganz ohne Hefe auskommt und &hellip;<\/p>\n","protected":false},"author":1,"featured_media":2595,"comment_status":"open","ping_status":"open","sticky":false,"template":"","format":"standard","meta":{"_mi_skip_tracking":false,"_exactmetrics_sitenote_active":false,"_exactmetrics_sitenote_note":"","_exactmetrics_sitenote_category":0,"ngg_post_thumbnail":0,"jetpack_post_was_ever_published":false,"_jetpack_newsletter_access":"","footnotes":"","jetpack_publicize_message":"","jetpack_is_tweetstorm":false,"jetpack_publicize_feature_enabled":true,"jetpack_social_post_already_shared":true,"jetpack_social_options":{"image_generator_settings":{"template":"highway","enabled":false}}},"categories":[2],"tags":[285,33,35],"jetpack_publicize_connections":[],"jetpack_featured_media_url":"https:\/\/www.samskitchen.at\/wp-content\/uploads\/2016\/04\/2016-04-23-19.30.15.jpg","jetpack_sharing_enabled":true,"jetpack_shortlink":"https:\/\/wp.me\/p41IW0-FJ","_links":{"self":[{"href":"https:\/\/www.samskitchen.at\/index.php?rest_route=\/wp\/v2\/posts\/2587"}],"collection":[{"href":"https:\/\/www.samskitchen.at\/index.php?rest_route=\/wp\/v2\/posts"}],"about":[{"href":"https:\/\/www.samskitchen.at\/index.php?rest_route=\/wp\/v2\/types\/post"}],"author":[{"embeddable":true,"href":"https:\/\/www.samskitchen.at\/index.php?rest_route=\/wp\/v2\/users\/1"}],"replies":[{"embeddable":true,"href":"https:\/\/www.samskitchen.at\/index.php?rest_route=%2Fwp%2Fv2%2Fcomments&post=2587"}],"version-history":[{"count":12,"href":"https:\/\/www.samskitchen.at\/index.php?rest_route=\/wp\/v2\/posts\/2587\/revisions"}],"predecessor-version":[{"id":3039,"href":"https:\/\/www.samskitchen.at\/index.php?rest_route=\/wp\/v2\/posts\/2587\/revisions\/3039"}],"wp:featuredmedia":[{"embeddable":true,"href":"https:\/\/www.samskitchen.at\/index.php?rest_route=\/wp\/v2\/media\/2595"}],"wp:attachment":[{"href":"https:\/\/www.samskitchen.at\/index.php?rest_route=%2Fwp%2Fv2%2Fmedia&parent=2587"}],"wp:term":[{"taxonomy":"category","embeddable":true,"href":"https:\/\/www.samskitchen.at\/index.php?rest_route=%2Fwp%2Fv2%2Fcategories&post=2587"},{"taxonomy":"post_tag","embeddable":true,"href":"https:\/\/www.samskitchen.at\/index.php?rest_route=%2Fwp%2Fv2%2Ftags&post=2587"}],"curies":[{"name":"wp","href":"https:\/\/api.w.org\/{rel}","templated":true}]}}