{"id":2582,"date":"2016-04-26T18:42:46","date_gmt":"2016-04-26T16:42:46","guid":{"rendered":"http:\/\/www.samskitchen.at\/?p=2582"},"modified":"2016-04-26T18:42:46","modified_gmt":"2016-04-26T16:42:46","slug":"wiener-kipferl-muerbes-kipferl","status":"publish","type":"post","link":"https:\/\/www.samskitchen.at\/?p=2582","title":{"rendered":"Wiener Kipferl (m\u00fcrbes Kipferl)"},"content":{"rendered":"<p><a href=\"http:\/\/www.samskitchen.at\/?attachment_id=2614#main\" rel=\"attachment wp-att-2614\"><img decoding=\"async\" loading=\"lazy\" class=\"alignnone wp-image-2614 size-large\" src=\"http:\/\/www.samskitchen.at\/wp-content\/uploads\/2016\/04\/2016-04-26-13.38.51-510x383.jpg\" alt=\"2016-04-26 13.38.51\" width=\"510\" height=\"383\" srcset=\"https:\/\/www.samskitchen.at\/wp-content\/uploads\/2016\/04\/2016-04-26-13.38.51-510x383.jpg 510w, https:\/\/www.samskitchen.at\/wp-content\/uploads\/2016\/04\/2016-04-26-13.38.51-300x225.jpg 300w, https:\/\/www.samskitchen.at\/wp-content\/uploads\/2016\/04\/2016-04-26-13.38.51-330x248.jpg 330w, https:\/\/www.samskitchen.at\/wp-content\/uploads\/2016\/04\/2016-04-26-13.38.51-530x398.jpg 530w, https:\/\/www.samskitchen.at\/wp-content\/uploads\/2016\/04\/2016-04-26-13.38.51.jpg 700w\" sizes=\"(max-width: 510px) 100vw, 510px\" \/><\/a>Arik Brauer (* 4. J\u00e4nner 1929 in Wien; b\u00fcrgerlich Erich Brauer) \u00a0ein \u00f6sterreichischer Maler, Grafiker, B\u00fchnenbildner, S\u00e4nger und Dichter, und einer der Hauptvertreter der Wiener Schule des Phantastischen Realismus hat ein Lied dem &#8222;Wiener Kipferl&#8220; gewidmet. Naja nicht wirklich dem Kipferl &#8211; aber w\u00e4hrend ma so ein Kipferl geniesst, da passieren schon einige Dinge.<\/p>\n<p style=\"text-align: center;\"><strong>DIE JAUSE <\/strong><br \/>\n<strong>(Songtext)<\/strong><\/p>\n<p style=\"text-align: center;\">Du isst a Kipferl<br \/>\nTrinkst an Kaffee<br \/>\nUnd derweil passieren Sachen!<\/p>\n<p style=\"text-align: center;\">Ja, da sitz i mi zur Jausen<br \/>\nGar so sicher und so fesch<br \/>\nWeil i w\u00fci a Kipferl schmausen<br \/>\nJa, des Kipferl is so resch!<br \/>\nGrad hab i den Butter aufipatzt<br \/>\nUnd denk mir nix dabei<br \/>\nDa is einer gstorbn als wia a H\u00e4uslratz \u2013<br \/>\nZ&#8217;weng dera Hungerei<\/p>\n<p style=\"text-align: center;\">Des Kaffeheferl tu i lupfn<br \/>\nUnd i gia\u00df ma an Kaffee<br \/>\nWei\u00dfen Schlagobers dr\u00fcbergupfen<br \/>\nUnd i traam vom ersten Schnee<br \/>\nGrad hab i den Zucker einigschupft<br \/>\nUnd denk mir nix dabei<br \/>\nDa san ihrer zw\u00f6lfe \u00fcber&#8217;s Messer ghupft \u2013<br \/>\nZ&#8217;weng der Faschisterei<\/p>\n<p style=\"text-align: center;\">Und i tunk des Kipferl eini<br \/>\nJa, i waak&#8217;s a bisserl auf<br \/>\nUnd dann schlie\u00df i meine \u00c4ugerl<br \/>\nUnd i rei\u00df die Pappn auf<br \/>\nGrad hab i des Kipferl einig&#8217;steckt<br \/>\nUnd denk mir nix dabei<br \/>\nJa, da is a ganze sch\u00f6ne Stadt verreckt \u2013<br \/>\nZ&#8217;weng dera Bomberei<\/p>\n<p style=\"text-align: center;\">Und i heb in die H\u00f6h des Heferl<br \/>\nJa, i nimm an guatn Schluck<br \/>\nUnd mei Zunga rei\u00dft des Kipferl<br \/>\nAus der Backn mit an Ruck<br \/>\nGrad hab i des Kipferl owabampft<br \/>\nUnd denk mir nix dabei<br \/>\nJa, da is de ganze sch\u00f6ne Welt verdampft \u2013<br \/>\nZ&#8217;wengs ana Streiterei<\/p>\n<p style=\"text-align: left;\">Das Wiener Kipferl oder auch m\u00fcrbe Kipferl ist das klassische Wiener Fr\u00fchst\u00fccksgeb\u00e4ck &#8211; zum Beispiel mit Butter und Marmelade f\u00fcr einen genussvollen Start in den Tag. Diese \u00f6sterr. Spezialit\u00e4t gibt es immer seltener zu kaufen, deshalb hab ich mich entschlossen es mit diesem Kipferl zu versuchen.<\/p>\n<p><strong>Rezept f\u00fcr 10 Kipferln:<\/strong><br \/>\n500 g Weizenmehl Type\u00a0700<br \/>\n150 g Milch<br \/>\n100 g Wasser<br \/>\n30 g Butter<br \/>\n10 g Salz<br \/>\n10g Backmalz<br \/>\n6 g Hefe<\/p>\n<p>Alle Zutaten ca. 15 Minuten zu einem sch\u00f6nen glatten Teig geknetet und f\u00fcr ca. 12 Stunden oder \u00fcber Nacht im K\u00fchlschrank bei ca. 5 Grad gelagert.<br \/>\nAm n\u00e4chsten Tag den Teig 1,5 Stunden akklimtisieren lassen, Teigst\u00fccke zu je 80 g auswiegen und rund schleifen. Die Teiglinge \u00a020 Minuten entspannen\u00a0lassen.\u00a0Die Teigkugeln oval d\u00fcnn ausrollen und zu Kipferl straff aufrollen und rund in Kipferlform biegen.<br \/>\nDie Kipferln\u00a045 Minuten gehen lassen. Nach erfolgter Gare werden die Kipferl mit Wasser bespr\u00fcht und sofort in den gut vorgeheizten Backofen geschoben.<br \/>\nBei 200\u00b0C mit anf\u00e4nglichen Schwaden 20 Minuten backen. Nach dem Backen wieder mit Wasser bespr\u00fchen oder abstreichen.<\/p>\n<p>So und nun k\u00f6nnen sie verspeist werden. Hoffentlich kommen diese Kipferln dem Original sehr nahe.<\/p>\n<p><a href=\"http:\/\/www.samskitchen.at\/?attachment_id=2613#main\" rel=\"attachment wp-att-2613\"><img decoding=\"async\" loading=\"lazy\" class=\"alignnone wp-image-2613 size-large\" src=\"http:\/\/www.samskitchen.at\/wp-content\/uploads\/2016\/04\/2016-04-26-13.34.10-510x383.jpg\" alt=\"2016-04-26 13.34.10\" width=\"510\" height=\"383\" srcset=\"https:\/\/www.samskitchen.at\/wp-content\/uploads\/2016\/04\/2016-04-26-13.34.10-510x383.jpg 510w, https:\/\/www.samskitchen.at\/wp-content\/uploads\/2016\/04\/2016-04-26-13.34.10-300x225.jpg 300w, https:\/\/www.samskitchen.at\/wp-content\/uploads\/2016\/04\/2016-04-26-13.34.10-330x248.jpg 330w, https:\/\/www.samskitchen.at\/wp-content\/uploads\/2016\/04\/2016-04-26-13.34.10-530x398.jpg 530w, https:\/\/www.samskitchen.at\/wp-content\/uploads\/2016\/04\/2016-04-26-13.34.10.jpg 700w\" sizes=\"(max-width: 510px) 100vw, 510px\" \/><\/a> <a href=\"http:\/\/www.samskitchen.at\/?attachment_id=2611#main\" rel=\"attachment wp-att-2611\"><img decoding=\"async\" loading=\"lazy\" class=\"alignnone wp-image-2611 size-large\" src=\"http:\/\/www.samskitchen.at\/wp-content\/uploads\/2016\/04\/2016-04-26-13.33.53-510x383.jpg\" alt=\"2016-04-26 13.33.53\" width=\"510\" height=\"383\" srcset=\"https:\/\/www.samskitchen.at\/wp-content\/uploads\/2016\/04\/2016-04-26-13.33.53-510x383.jpg 510w, https:\/\/www.samskitchen.at\/wp-content\/uploads\/2016\/04\/2016-04-26-13.33.53-300x225.jpg 300w, https:\/\/www.samskitchen.at\/wp-content\/uploads\/2016\/04\/2016-04-26-13.33.53-768x576.jpg 768w, https:\/\/www.samskitchen.at\/wp-content\/uploads\/2016\/04\/2016-04-26-13.33.53-330x248.jpg 330w, https:\/\/www.samskitchen.at\/wp-content\/uploads\/2016\/04\/2016-04-26-13.33.53-530x398.jpg 530w, https:\/\/www.samskitchen.at\/wp-content\/uploads\/2016\/04\/2016-04-26-13.33.53.jpg 1000w\" sizes=\"(max-width: 510px) 100vw, 510px\" \/><\/a> <a href=\"http:\/\/www.samskitchen.at\/?attachment_id=2610#main\" rel=\"attachment wp-att-2610\"><img decoding=\"async\" loading=\"lazy\" class=\"alignnone wp-image-2610 size-large\" src=\"http:\/\/www.samskitchen.at\/wp-content\/uploads\/2016\/04\/2016-04-26-13.33.28-510x383.jpg\" alt=\"2016-04-26 13.33.28\" width=\"510\" height=\"383\" srcset=\"https:\/\/www.samskitchen.at\/wp-content\/uploads\/2016\/04\/2016-04-26-13.33.28-510x383.jpg 510w, https:\/\/www.samskitchen.at\/wp-content\/uploads\/2016\/04\/2016-04-26-13.33.28-300x225.jpg 300w, https:\/\/www.samskitchen.at\/wp-content\/uploads\/2016\/04\/2016-04-26-13.33.28-768x576.jpg 768w, https:\/\/www.samskitchen.at\/wp-content\/uploads\/2016\/04\/2016-04-26-13.33.28-330x248.jpg 330w, https:\/\/www.samskitchen.at\/wp-content\/uploads\/2016\/04\/2016-04-26-13.33.28-530x398.jpg 530w, https:\/\/www.samskitchen.at\/wp-content\/uploads\/2016\/04\/2016-04-26-13.33.28.jpg 1000w\" sizes=\"(max-width: 510px) 100vw, 510px\" \/><\/a><\/p>\n<p>eingereicht bei: <a href=\"http:\/\/www.wildyeastblog.com\/yeastspotting-submission\/\">Yeastspotting<\/a><\/p>\n<p>&nbsp;<\/p>\n","protected":false},"excerpt":{"rendered":"<p>Arik Brauer (* 4. J\u00e4nner 1929 in Wien; b\u00fcrgerlich Erich Brauer) \u00a0ein \u00f6sterreichischer Maler, Grafiker, B\u00fchnenbildner, S\u00e4nger und Dichter, und einer der Hauptvertreter der Wiener Schule des Phantastischen Realismus hat ein Lied dem &#8222;Wiener Kipferl&#8220; gewidmet. Naja nicht wirklich dem Kipferl &#8211; aber w\u00e4hrend ma so ein Kipferl geniesst, da passieren schon einige Dinge. DIE JAUSE (Songtext) Du isst a &hellip;<\/p>\n","protected":false},"author":1,"featured_media":2614,"comment_status":"open","ping_status":"open","sticky":false,"template":"","format":"standard","meta":{"_mi_skip_tracking":false,"_exactmetrics_sitenote_active":false,"_exactmetrics_sitenote_note":"","_exactmetrics_sitenote_category":0,"ngg_post_thumbnail":0,"jetpack_post_was_ever_published":false,"_jetpack_newsletter_access":"","footnotes":"","jetpack_publicize_message":"","jetpack_is_tweetstorm":false,"jetpack_publicize_feature_enabled":true,"jetpack_social_post_already_shared":true,"jetpack_social_options":{"image_generator_settings":{"template":"highway","enabled":false}}},"categories":[2,103],"tags":[286,284,283],"jetpack_publicize_connections":[],"jetpack_featured_media_url":"https:\/\/www.samskitchen.at\/wp-content\/uploads\/2016\/04\/2016-04-26-13.38.51.jpg","jetpack_sharing_enabled":true,"jetpack_shortlink":"https:\/\/wp.me\/p41IW0-FE","_links":{"self":[{"href":"https:\/\/www.samskitchen.at\/index.php?rest_route=\/wp\/v2\/posts\/2582"}],"collection":[{"href":"https:\/\/www.samskitchen.at\/index.php?rest_route=\/wp\/v2\/posts"}],"about":[{"href":"https:\/\/www.samskitchen.at\/index.php?rest_route=\/wp\/v2\/types\/post"}],"author":[{"embeddable":true,"href":"https:\/\/www.samskitchen.at\/index.php?rest_route=\/wp\/v2\/users\/1"}],"replies":[{"embeddable":true,"href":"https:\/\/www.samskitchen.at\/index.php?rest_route=%2Fwp%2Fv2%2Fcomments&post=2582"}],"version-history":[{"count":5,"href":"https:\/\/www.samskitchen.at\/index.php?rest_route=\/wp\/v2\/posts\/2582\/revisions"}],"predecessor-version":[{"id":2616,"href":"https:\/\/www.samskitchen.at\/index.php?rest_route=\/wp\/v2\/posts\/2582\/revisions\/2616"}],"wp:featuredmedia":[{"embeddable":true,"href":"https:\/\/www.samskitchen.at\/index.php?rest_route=\/wp\/v2\/media\/2614"}],"wp:attachment":[{"href":"https:\/\/www.samskitchen.at\/index.php?rest_route=%2Fwp%2Fv2%2Fmedia&parent=2582"}],"wp:term":[{"taxonomy":"category","embeddable":true,"href":"https:\/\/www.samskitchen.at\/index.php?rest_route=%2Fwp%2Fv2%2Fcategories&post=2582"},{"taxonomy":"post_tag","embeddable":true,"href":"https:\/\/www.samskitchen.at\/index.php?rest_route=%2Fwp%2Fv2%2Ftags&post=2582"}],"curies":[{"name":"wp","href":"https:\/\/api.w.org\/{rel}","templated":true}]}}