{"id":2541,"date":"2016-03-11T12:27:26","date_gmt":"2016-03-11T11:27:26","guid":{"rendered":"http:\/\/www.samskitchen.at\/?p=2541"},"modified":"2016-03-12T10:58:34","modified_gmt":"2016-03-12T09:58:34","slug":"france-rencontre-litalie-ou-vice-versa","status":"publish","type":"post","link":"https:\/\/www.samskitchen.at\/?p=2541","title":{"rendered":"France rencontre l&#8217;Italie &#8211; ou vice versa"},"content":{"rendered":"<p><a href=\"http:\/\/www.samskitchen.at\/?attachment_id=2550#main\" rel=\"attachment wp-att-2550\"><img decoding=\"async\" loading=\"lazy\" class=\"alignnone wp-image-2550 size-large\" src=\"http:\/\/www.samskitchen.at\/wp-content\/uploads\/2016\/03\/2016-03-11-12.02.36-510x372.jpg\" alt=\"2016-03-11 12.02.36\" width=\"510\" height=\"372\" srcset=\"https:\/\/www.samskitchen.at\/wp-content\/uploads\/2016\/03\/2016-03-11-12.02.36-510x372.jpg 510w, https:\/\/www.samskitchen.at\/wp-content\/uploads\/2016\/03\/2016-03-11-12.02.36-300x219.jpg 300w, https:\/\/www.samskitchen.at\/wp-content\/uploads\/2016\/03\/2016-03-11-12.02.36-330x241.jpg 330w, https:\/\/www.samskitchen.at\/wp-content\/uploads\/2016\/03\/2016-03-11-12.02.36-530x386.jpg 530w, https:\/\/www.samskitchen.at\/wp-content\/uploads\/2016\/03\/2016-03-11-12.02.36.jpg 650w\" sizes=\"(max-width: 510px) 100vw, 510px\" \/><\/a>Ich liebe italienisches Brot &#8211; aber nur von kleine B\u00e4ckereien die wenig Auswahl im Sortiment haben. Sucht solche und ihr werdet begeistert sein. Nicht diese aufgeblasenen Panini die wir Alle von den Fr\u00fchst\u00fccksbuffets an der Adria oder sonst wo her kennen &#8211; nein handgemachte Brote und sonstiges Geb\u00e4ck &#8211; einfach wunderbar &#8211; auch ohne Belag. &nbsp;Oder sollte es doch lieber ein franz\u00f6sisches Baguette oder ein Tourte de Meule oder ein Tabuiere oder &#8230;&#8230;..<br \/>\nAch was &nbsp;&#8211; wir machen ganz was Neues.<\/p>\n<p><strong>France rencontre l&#8217;Italie &#8211; ou vice versa. &nbsp;<\/strong>Wir vereinigen beide L\u00e4nder zu einem Brot.<\/p>\n<p>Wie sag ich immer &#8211; schau ma mal &#8211; dann werden wir schon sehen. Also Sch\u00fcrze umgebunden und ab in den Keller.<\/p>\n<p><strong>Rezept:<\/strong><\/p>\n<p>Vorteig:<br \/>\n150g Lievito Madre<br \/>\n200 Tipo 00<br \/>\n150 g Wasser 40\u00b0<\/p>\n<p>Zutaten vermengen und 6&nbsp;Stunden bei 30\u00b0 reifen lassen.<\/p>\n<p>2.Vorteig:<br \/>\n500g Vorteig<br \/>\n700g T65<br \/>\n700g Wasser<\/p>\n<p>Zutaten wieder vermengen und bei 30\u00ba&nbsp;4 Stunden&nbsp; reifen lassen.<\/p>\n<p>Hauptteig:<\/p>\n<p>1900g Vorteig<br \/>\n200 Tipo 0<br \/>\n200 T 65<br \/>\n100 T 80<br \/>\n100g Wasser<br \/>\n33g Salz<br \/>\n30g Oliven\u00f6l<\/p>\n<p>Und wieder alles vermengen und zu einem glatten Teig kneten. Mit meiner Knetmaschine hat das auf der ersten Stufe<br \/>\nDann kommt der Teig in eine ge\u00f6lt Wanne und bekommt eine Teigruhe von 60 Minuten. Drei Mal auseinander ziehen und dann einschlagen, oder wie es auf engl. heisst &#8211; stretch and fold. Den Teig dann \u00fcber Nacht im K\u00fchlschrank bei ca. 4\u00b0 zwischenlagern. Am n\u00e4chsten Tag den Teig auf ein gut bemehltes Backpapier st\u00fcrzen, sch\u00f6n in Form ziehen und ca. 20 Minuten gehen lassen, einschneiden und ab in den Ofen.<\/p>\n<p>Den Backofen rechtzeitig auch Betriebstemperatur bringen und bei 250\u00b0 mit Schwaden einschiessen, fallend auf 230\u00b0 ca 35-40 Minuten backen.<\/p>\n<p style=\"text-align: center;\"><strong>Bon app\u00e9tit &nbsp;&#8211;&nbsp;Buon appetito<\/strong><\/p>\n<p style=\"text-align: center;\"><strong><a href=\"http:\/\/www.samskitchen.at\/?attachment_id=2549#main\" rel=\"attachment wp-att-2549\"><img decoding=\"async\" loading=\"lazy\" class=\"alignnone wp-image-2549 size-large\" src=\"http:\/\/www.samskitchen.at\/wp-content\/uploads\/2016\/03\/2016-03-11-12.02.32-510x327.jpg\" alt=\"2016-03-11 12.02.32\" width=\"510\" height=\"327\" srcset=\"https:\/\/www.samskitchen.at\/wp-content\/uploads\/2016\/03\/2016-03-11-12.02.32-510x327.jpg 510w, https:\/\/www.samskitchen.at\/wp-content\/uploads\/2016\/03\/2016-03-11-12.02.32-300x193.jpg 300w, https:\/\/www.samskitchen.at\/wp-content\/uploads\/2016\/03\/2016-03-11-12.02.32-768x493.jpg 768w, https:\/\/www.samskitchen.at\/wp-content\/uploads\/2016\/03\/2016-03-11-12.02.32-330x212.jpg 330w, https:\/\/www.samskitchen.at\/wp-content\/uploads\/2016\/03\/2016-03-11-12.02.32-530x340.jpg 530w, https:\/\/www.samskitchen.at\/wp-content\/uploads\/2016\/03\/2016-03-11-12.02.32.jpg 1000w\" sizes=\"(max-width: 510px) 100vw, 510px\" \/><\/a><\/strong><\/p>\n<p style=\"text-align: center;\"><a href=\"http:\/\/www.samskitchen.at\/?attachment_id=2548#main\" rel=\"attachment wp-att-2548\"><img decoding=\"async\" loading=\"lazy\" class=\"alignnone wp-image-2548 size-large\" src=\"http:\/\/www.samskitchen.at\/wp-content\/uploads\/2016\/03\/2016-03-11-11.29.05-510x243.jpg\" alt=\"2016-03-11 11.29.05\" width=\"510\" height=\"243\" srcset=\"https:\/\/www.samskitchen.at\/wp-content\/uploads\/2016\/03\/2016-03-11-11.29.05-510x243.jpg 510w, https:\/\/www.samskitchen.at\/wp-content\/uploads\/2016\/03\/2016-03-11-11.29.05-300x143.jpg 300w, https:\/\/www.samskitchen.at\/wp-content\/uploads\/2016\/03\/2016-03-11-11.29.05-768x366.jpg 768w, https:\/\/www.samskitchen.at\/wp-content\/uploads\/2016\/03\/2016-03-11-11.29.05-330x157.jpg 330w, https:\/\/www.samskitchen.at\/wp-content\/uploads\/2016\/03\/2016-03-11-11.29.05-530x252.jpg 530w, https:\/\/www.samskitchen.at\/wp-content\/uploads\/2016\/03\/2016-03-11-11.29.05.jpg 1000w\" sizes=\"(max-width: 510px) 100vw, 510px\" \/><\/a> <a href=\"http:\/\/www.samskitchen.at\/?attachment_id=2547#main\" rel=\"attachment wp-att-2547\"><img decoding=\"async\" loading=\"lazy\" class=\"alignnone wp-image-2547 size-large\" src=\"http:\/\/www.samskitchen.at\/wp-content\/uploads\/2016\/03\/2016-03-11-11.05.08-510x383.jpg\" alt=\"2016-03-11 11.05.08\" width=\"510\" height=\"383\" srcset=\"https:\/\/www.samskitchen.at\/wp-content\/uploads\/2016\/03\/2016-03-11-11.05.08-510x383.jpg 510w, https:\/\/www.samskitchen.at\/wp-content\/uploads\/2016\/03\/2016-03-11-11.05.08-300x225.jpg 300w, https:\/\/www.samskitchen.at\/wp-content\/uploads\/2016\/03\/2016-03-11-11.05.08-768x576.jpg 768w, https:\/\/www.samskitchen.at\/wp-content\/uploads\/2016\/03\/2016-03-11-11.05.08-330x248.jpg 330w, https:\/\/www.samskitchen.at\/wp-content\/uploads\/2016\/03\/2016-03-11-11.05.08-530x398.jpg 530w, https:\/\/www.samskitchen.at\/wp-content\/uploads\/2016\/03\/2016-03-11-11.05.08.jpg 1000w\" sizes=\"(max-width: 510px) 100vw, 510px\" \/><\/a> <a href=\"http:\/\/www.samskitchen.at\/?attachment_id=2546#main\" rel=\"attachment wp-att-2546\"><img decoding=\"async\" loading=\"lazy\" class=\"alignnone wp-image-2546 size-large\" src=\"http:\/\/www.samskitchen.at\/wp-content\/uploads\/2016\/03\/2016-03-11-11.05.04-510x383.jpg\" alt=\"2016-03-11 11.05.04\" width=\"510\" height=\"383\" srcset=\"https:\/\/www.samskitchen.at\/wp-content\/uploads\/2016\/03\/2016-03-11-11.05.04-510x383.jpg 510w, https:\/\/www.samskitchen.at\/wp-content\/uploads\/2016\/03\/2016-03-11-11.05.04-300x225.jpg 300w, https:\/\/www.samskitchen.at\/wp-content\/uploads\/2016\/03\/2016-03-11-11.05.04-768x576.jpg 768w, https:\/\/www.samskitchen.at\/wp-content\/uploads\/2016\/03\/2016-03-11-11.05.04-330x248.jpg 330w, https:\/\/www.samskitchen.at\/wp-content\/uploads\/2016\/03\/2016-03-11-11.05.04-530x398.jpg 530w, https:\/\/www.samskitchen.at\/wp-content\/uploads\/2016\/03\/2016-03-11-11.05.04.jpg 1000w\" sizes=\"(max-width: 510px) 100vw, 510px\" \/><\/a> <a href=\"http:\/\/www.samskitchen.at\/?attachment_id=2545#main\" rel=\"attachment wp-att-2545\"><img decoding=\"async\" loading=\"lazy\" class=\"alignnone wp-image-2545 size-large\" src=\"http:\/\/www.samskitchen.at\/wp-content\/uploads\/2016\/03\/2016-03-11-11.04.43-510x383.jpg\" alt=\"2016-03-11 11.04.43\" width=\"510\" height=\"383\" srcset=\"https:\/\/www.samskitchen.at\/wp-content\/uploads\/2016\/03\/2016-03-11-11.04.43-510x383.jpg 510w, https:\/\/www.samskitchen.at\/wp-content\/uploads\/2016\/03\/2016-03-11-11.04.43-300x225.jpg 300w, https:\/\/www.samskitchen.at\/wp-content\/uploads\/2016\/03\/2016-03-11-11.04.43-768x576.jpg 768w, https:\/\/www.samskitchen.at\/wp-content\/uploads\/2016\/03\/2016-03-11-11.04.43-330x248.jpg 330w, https:\/\/www.samskitchen.at\/wp-content\/uploads\/2016\/03\/2016-03-11-11.04.43-530x398.jpg 530w, https:\/\/www.samskitchen.at\/wp-content\/uploads\/2016\/03\/2016-03-11-11.04.43.jpg 1000w\" sizes=\"(max-width: 510px) 100vw, 510px\" \/><\/a><\/p>\n<p style=\"text-align: left;\">eingereicht bei: <a href=\"http:\/\/www.wildyeastblog.com\/yeastspotting\/\">Yeastspotting<\/a><\/p>\n","protected":false},"excerpt":{"rendered":"<p>Ich liebe italienisches Brot &#8211; aber nur von kleine B\u00e4ckereien die wenig Auswahl im Sortiment haben. Sucht solche und ihr werdet begeistert sein. Nicht diese aufgeblasenen Panini die wir Alle von den Fr\u00fchst\u00fccksbuffets an der Adria oder sonst wo her kennen &#8211; nein handgemachte Brote und sonstiges Geb\u00e4ck &#8211; einfach wunderbar &#8211; auch ohne Belag. &nbsp;Oder sollte es doch lieber &hellip;<\/p>\n","protected":false},"author":1,"featured_media":2550,"comment_status":"open","ping_status":"open","sticky":false,"template":"","format":"standard","meta":{"_mi_skip_tracking":false,"_exactmetrics_sitenote_active":false,"_exactmetrics_sitenote_note":"","_exactmetrics_sitenote_category":0,"ngg_post_thumbnail":0,"jetpack_post_was_ever_published":false,"_jetpack_newsletter_access":"","footnotes":"","jetpack_publicize_message":"","jetpack_is_tweetstorm":false,"jetpack_publicize_feature_enabled":true,"jetpack_social_post_already_shared":true,"jetpack_social_options":{"image_generator_settings":{"template":"highway","enabled":false}}},"categories":[2],"tags":[132,96,169],"jetpack_publicize_connections":[],"jetpack_featured_media_url":"https:\/\/www.samskitchen.at\/wp-content\/uploads\/2016\/03\/2016-03-11-12.02.36.jpg","jetpack_sharing_enabled":true,"jetpack_shortlink":"https:\/\/wp.me\/p41IW0-EZ","_links":{"self":[{"href":"https:\/\/www.samskitchen.at\/index.php?rest_route=\/wp\/v2\/posts\/2541"}],"collection":[{"href":"https:\/\/www.samskitchen.at\/index.php?rest_route=\/wp\/v2\/posts"}],"about":[{"href":"https:\/\/www.samskitchen.at\/index.php?rest_route=\/wp\/v2\/types\/post"}],"author":[{"embeddable":true,"href":"https:\/\/www.samskitchen.at\/index.php?rest_route=\/wp\/v2\/users\/1"}],"replies":[{"embeddable":true,"href":"https:\/\/www.samskitchen.at\/index.php?rest_route=%2Fwp%2Fv2%2Fcomments&post=2541"}],"version-history":[{"count":7,"href":"https:\/\/www.samskitchen.at\/index.php?rest_route=\/wp\/v2\/posts\/2541\/revisions"}],"predecessor-version":[{"id":2556,"href":"https:\/\/www.samskitchen.at\/index.php?rest_route=\/wp\/v2\/posts\/2541\/revisions\/2556"}],"wp:featuredmedia":[{"embeddable":true,"href":"https:\/\/www.samskitchen.at\/index.php?rest_route=\/wp\/v2\/media\/2550"}],"wp:attachment":[{"href":"https:\/\/www.samskitchen.at\/index.php?rest_route=%2Fwp%2Fv2%2Fmedia&parent=2541"}],"wp:term":[{"taxonomy":"category","embeddable":true,"href":"https:\/\/www.samskitchen.at\/index.php?rest_route=%2Fwp%2Fv2%2Fcategories&post=2541"},{"taxonomy":"post_tag","embeddable":true,"href":"https:\/\/www.samskitchen.at\/index.php?rest_route=%2Fwp%2Fv2%2Ftags&post=2541"}],"curies":[{"name":"wp","href":"https:\/\/api.w.org\/{rel}","templated":true}]}}