{"id":2496,"date":"2016-02-23T18:04:45","date_gmt":"2016-02-23T17:04:45","guid":{"rendered":"http:\/\/www.samskitchen.at\/?p=2496"},"modified":"2017-01-09T18:56:57","modified_gmt":"2017-01-09T17:56:57","slug":"pane-con-semola-e-lievito-madre","status":"publish","type":"post","link":"https:\/\/www.samskitchen.at\/?p=2496","title":{"rendered":"Pane con semola e lievito madre"},"content":{"rendered":"<p><a href=\"http:\/\/www.samskitchen.at\/?attachment_id=2504#main\" rel=\"attachment wp-att-2504\"><img decoding=\"async\" loading=\"lazy\" class=\"alignnone wp-image-2504 size-large\" src=\"http:\/\/www.samskitchen.at\/wp-content\/uploads\/2016\/02\/2016-02-23-16.59.31-510x356.jpg\" alt=\"2016-02-23 16.59.31\" width=\"510\" height=\"356\" srcset=\"https:\/\/www.samskitchen.at\/wp-content\/uploads\/2016\/02\/2016-02-23-16.59.31-510x356.jpg 510w, https:\/\/www.samskitchen.at\/wp-content\/uploads\/2016\/02\/2016-02-23-16.59.31-300x210.jpg 300w, https:\/\/www.samskitchen.at\/wp-content\/uploads\/2016\/02\/2016-02-23-16.59.31-330x230.jpg 330w, https:\/\/www.samskitchen.at\/wp-content\/uploads\/2016\/02\/2016-02-23-16.59.31-530x370.jpg 530w, https:\/\/www.samskitchen.at\/wp-content\/uploads\/2016\/02\/2016-02-23-16.59.31.jpg 650w\" sizes=\"(max-width: 510px) 100vw, 510px\" \/><\/a><\/p>\n<p>Einer meiner italienischen Lieblingsblogs ist der von <a href=\"http:\/\/pandipane.blogspot.co.at\">Patrizia Tentori<\/a>. Leider ist es in der letzten Zeit sehr still in diesem wunderbaren ital. Foodblog geworden. Immer wieder hat mit dieser Blog dazu inspiriert, das eine oder andere ital. Brot zu backen. Wunderbare Rezepte!<\/p>\n<p>Heute gibts wieder ein original italienisches Weissbrot mit einer wunderbar weichen Krume und sehr r\u00f6schen Kruste. Durch das ital. semola di grano duro rimacinata bekommt die Krume eine leicht gelbliche Farbe. Fr\u00fcher dachte ich, die Farbe bekommt das Brot durch die Beigabe von Mais &#8211; Irrtum. Dieses Rezept wird so manchen Leser verwundern &#8211; weil es relativ schnell geht, &nbsp;keine Hefe braucht und vorz\u00fcglich schmeckt. Wer keinen triebstarken Lievito Madre hat, einfach einige Male bei ca. 27 Grad auffrischen, oder einige Gramm Hefe dazugeben. Mein Lievito Madre war triebhaft genug also hab ich ohne Hefe gearbeitet.<\/p>\n<p><strong>Rezept:&nbsp;Teilgewicht 1082g<\/strong><\/p>\n<p>330g Weizenmehl Tipo 0<br \/>\n170g&nbsp;Semola di grano duro rimacinata<br \/>\n400g kaltes Wasser<br \/>\n150g Lievito madre (aufgefrischt)<br \/>\n12g Backmalz (Ersatzweise Honig oder Zucker)<br \/>\n12g Salz<br \/>\n20g Oliven\u00f6l<\/p>\n<p>TA: 176 &nbsp; &nbsp; TT: 24-25 Grad<\/p>\n<p>Lietitro madre im Wasser aufl\u00f6sen und dann mit den anderen Zutaten vermischen (nicht kneten). Den Teig ca, 120&nbsp;Minuten ruhen lassen. &nbsp;Dabei&nbsp; den Teig &nbsp;vier&nbsp; mal &nbsp;strecken und falten. Dann&nbsp;&nbsp;den Teig wie gew\u00fcnscht formen und in einem G\u00e4rk\u00f6rbchen mit Schluss nach oben zur Gare stellen. Je nach Raumtemperatur dauert die Gare so ca. 3&nbsp;Stunden. Auf einen Einschiesser st\u00fcrzen, den Laib bemehlen und mit einer Rasierklinge wie gew\u00fcnscht einschneiden.<\/p>\n<p>Rechtzeitig den Ofen aufheizen.<\/p>\n<p>Gebacken wird bei 250 Grad fallend auf 200 Grad ca. 50 Minuten.<br \/>\nGeschwadet wird am Anfang, dann gegen Ende den Schwaden ablassen.<\/p>\n<p>Ausk\u00fchlen lassen und geniessen &#8211; nicht vergessen vorher beim Italiener seines Vertrauens einige Delikatessen einzukaufen, dann kommt garantiert Urlaubsstimmung auf.<\/p>\n<p>Musikempfehlung: <a href=\"https:\/\/www.youtube.com\/watch?v=2NeZozrEiD8\">Lucio Dalla<\/a><\/p>\n<p><a href=\"http:\/\/www.samskitchen.at\/?attachment_id=2504#main\" rel=\"attachment wp-att-2504\"><img decoding=\"async\" loading=\"lazy\" class=\"alignnone wp-image-2504 size-large\" src=\"http:\/\/www.samskitchen.at\/wp-content\/uploads\/2016\/02\/2016-02-23-16.59.31-510x356.jpg\" alt=\"2016-02-23 16.59.31\" width=\"510\" height=\"356\" srcset=\"https:\/\/www.samskitchen.at\/wp-content\/uploads\/2016\/02\/2016-02-23-16.59.31-510x356.jpg 510w, https:\/\/www.samskitchen.at\/wp-content\/uploads\/2016\/02\/2016-02-23-16.59.31-300x210.jpg 300w, https:\/\/www.samskitchen.at\/wp-content\/uploads\/2016\/02\/2016-02-23-16.59.31-330x230.jpg 330w, https:\/\/www.samskitchen.at\/wp-content\/uploads\/2016\/02\/2016-02-23-16.59.31-530x370.jpg 530w, https:\/\/www.samskitchen.at\/wp-content\/uploads\/2016\/02\/2016-02-23-16.59.31.jpg 650w\" sizes=\"(max-width: 510px) 100vw, 510px\" \/><\/a> <a href=\"http:\/\/www.samskitchen.at\/?attachment_id=2505#main\" rel=\"attachment wp-att-2505\"><img decoding=\"async\" loading=\"lazy\" class=\"alignnone wp-image-2505 size-large\" src=\"http:\/\/www.samskitchen.at\/wp-content\/uploads\/2016\/02\/2016-02-23-16.59.48-510x383.jpg\" alt=\"2016-02-23 16.59.48\" width=\"510\" height=\"383\" srcset=\"https:\/\/www.samskitchen.at\/wp-content\/uploads\/2016\/02\/2016-02-23-16.59.48-510x383.jpg 510w, https:\/\/www.samskitchen.at\/wp-content\/uploads\/2016\/02\/2016-02-23-16.59.48-300x225.jpg 300w, https:\/\/www.samskitchen.at\/wp-content\/uploads\/2016\/02\/2016-02-23-16.59.48-768x576.jpg 768w, https:\/\/www.samskitchen.at\/wp-content\/uploads\/2016\/02\/2016-02-23-16.59.48-330x248.jpg 330w, https:\/\/www.samskitchen.at\/wp-content\/uploads\/2016\/02\/2016-02-23-16.59.48-530x398.jpg 530w, https:\/\/www.samskitchen.at\/wp-content\/uploads\/2016\/02\/2016-02-23-16.59.48.jpg 1000w\" sizes=\"(max-width: 510px) 100vw, 510px\" \/><\/a> <a href=\"http:\/\/www.samskitchen.at\/?attachment_id=2506#main\" rel=\"attachment wp-att-2506\"><img decoding=\"async\" loading=\"lazy\" class=\"alignnone wp-image-2506 size-large\" src=\"http:\/\/www.samskitchen.at\/wp-content\/uploads\/2016\/02\/2016-02-23-17.39.55-510x375.jpg\" alt=\"2016-02-23 17.39.55\" width=\"510\" height=\"375\" srcset=\"https:\/\/www.samskitchen.at\/wp-content\/uploads\/2016\/02\/2016-02-23-17.39.55-510x375.jpg 510w, https:\/\/www.samskitchen.at\/wp-content\/uploads\/2016\/02\/2016-02-23-17.39.55-300x221.jpg 300w, https:\/\/www.samskitchen.at\/wp-content\/uploads\/2016\/02\/2016-02-23-17.39.55-768x565.jpg 768w, https:\/\/www.samskitchen.at\/wp-content\/uploads\/2016\/02\/2016-02-23-17.39.55-330x243.jpg 330w, https:\/\/www.samskitchen.at\/wp-content\/uploads\/2016\/02\/2016-02-23-17.39.55-530x390.jpg 530w, https:\/\/www.samskitchen.at\/wp-content\/uploads\/2016\/02\/2016-02-23-17.39.55.jpg 1000w\" sizes=\"(max-width: 510px) 100vw, 510px\" \/><\/a> <a href=\"http:\/\/www.samskitchen.at\/?attachment_id=2507#main\" rel=\"attachment wp-att-2507\"><img decoding=\"async\" loading=\"lazy\" class=\"alignnone wp-image-2507 size-large\" src=\"http:\/\/www.samskitchen.at\/wp-content\/uploads\/2016\/02\/2016-02-23-17.41.06-510x383.jpg\" alt=\"2016-02-23 17.41.06\" width=\"510\" height=\"383\" srcset=\"https:\/\/www.samskitchen.at\/wp-content\/uploads\/2016\/02\/2016-02-23-17.41.06-510x383.jpg 510w, https:\/\/www.samskitchen.at\/wp-content\/uploads\/2016\/02\/2016-02-23-17.41.06-300x225.jpg 300w, https:\/\/www.samskitchen.at\/wp-content\/uploads\/2016\/02\/2016-02-23-17.41.06-768x576.jpg 768w, https:\/\/www.samskitchen.at\/wp-content\/uploads\/2016\/02\/2016-02-23-17.41.06-330x248.jpg 330w, https:\/\/www.samskitchen.at\/wp-content\/uploads\/2016\/02\/2016-02-23-17.41.06-530x398.jpg 530w, https:\/\/www.samskitchen.at\/wp-content\/uploads\/2016\/02\/2016-02-23-17.41.06.jpg 1000w\" sizes=\"(max-width: 510px) 100vw, 510px\" \/><\/a> <a href=\"http:\/\/www.samskitchen.at\/?attachment_id=2508#main\" rel=\"attachment wp-att-2508\"><img decoding=\"async\" loading=\"lazy\" class=\"alignnone wp-image-2508 size-large\" src=\"http:\/\/www.samskitchen.at\/wp-content\/uploads\/2016\/02\/2016-02-23-17.41.36-510x324.jpg\" alt=\"2016-02-23 17.41.36\" width=\"510\" height=\"324\" srcset=\"https:\/\/www.samskitchen.at\/wp-content\/uploads\/2016\/02\/2016-02-23-17.41.36-510x324.jpg 510w, https:\/\/www.samskitchen.at\/wp-content\/uploads\/2016\/02\/2016-02-23-17.41.36-300x191.jpg 300w, https:\/\/www.samskitchen.at\/wp-content\/uploads\/2016\/02\/2016-02-23-17.41.36-768x488.jpg 768w, https:\/\/www.samskitchen.at\/wp-content\/uploads\/2016\/02\/2016-02-23-17.41.36-330x210.jpg 330w, https:\/\/www.samskitchen.at\/wp-content\/uploads\/2016\/02\/2016-02-23-17.41.36-530x337.jpg 530w\" sizes=\"(max-width: 510px) 100vw, 510px\" \/><\/a><\/p>\n<p>Eingereicht bei <a href=\"http:\/\/www.wildyeastblog.com\/yeastspotting\/\">Yeastspotting:<\/a><\/p>\n<p>&nbsp;<\/p>\n<p>&nbsp;<\/p>\n<p>&nbsp;<\/p>\n<p>&nbsp;<\/p>\n","protected":false},"excerpt":{"rendered":"<p>Einer meiner italienischen Lieblingsblogs ist der von Patrizia Tentori. Leider ist es in der letzten Zeit sehr still in diesem wunderbaren ital. Foodblog geworden. Immer wieder hat mit dieser Blog dazu inspiriert, das eine oder andere ital. Brot zu backen. Wunderbare Rezepte! Heute gibts wieder ein original italienisches Weissbrot mit einer wunderbar weichen Krume und sehr r\u00f6schen Kruste. Durch das &hellip;<\/p>\n","protected":false},"author":1,"featured_media":2503,"comment_status":"open","ping_status":"open","sticky":false,"template":"","format":"standard","meta":{"_mi_skip_tracking":false,"_exactmetrics_sitenote_active":false,"_exactmetrics_sitenote_note":"","_exactmetrics_sitenote_category":0,"ngg_post_thumbnail":0,"jetpack_post_was_ever_published":false,"_jetpack_newsletter_access":"","footnotes":"","jetpack_publicize_message":"","jetpack_is_tweetstorm":false,"jetpack_publicize_feature_enabled":true,"jetpack_social_post_already_shared":true,"jetpack_social_options":{"image_generator_settings":{"template":"highway","enabled":false}}},"categories":[2],"tags":[96,150,167],"jetpack_publicize_connections":[],"jetpack_featured_media_url":"https:\/\/www.samskitchen.at\/wp-content\/uploads\/2016\/02\/2016-02-23-16.59.24.jpg","jetpack_sharing_enabled":true,"jetpack_shortlink":"https:\/\/wp.me\/p41IW0-Eg","_links":{"self":[{"href":"https:\/\/www.samskitchen.at\/index.php?rest_route=\/wp\/v2\/posts\/2496"}],"collection":[{"href":"https:\/\/www.samskitchen.at\/index.php?rest_route=\/wp\/v2\/posts"}],"about":[{"href":"https:\/\/www.samskitchen.at\/index.php?rest_route=\/wp\/v2\/types\/post"}],"author":[{"embeddable":true,"href":"https:\/\/www.samskitchen.at\/index.php?rest_route=\/wp\/v2\/users\/1"}],"replies":[{"embeddable":true,"href":"https:\/\/www.samskitchen.at\/index.php?rest_route=%2Fwp%2Fv2%2Fcomments&post=2496"}],"version-history":[{"count":9,"href":"https:\/\/www.samskitchen.at\/index.php?rest_route=\/wp\/v2\/posts\/2496\/revisions"}],"predecessor-version":[{"id":2837,"href":"https:\/\/www.samskitchen.at\/index.php?rest_route=\/wp\/v2\/posts\/2496\/revisions\/2837"}],"wp:featuredmedia":[{"embeddable":true,"href":"https:\/\/www.samskitchen.at\/index.php?rest_route=\/wp\/v2\/media\/2503"}],"wp:attachment":[{"href":"https:\/\/www.samskitchen.at\/index.php?rest_route=%2Fwp%2Fv2%2Fmedia&parent=2496"}],"wp:term":[{"taxonomy":"category","embeddable":true,"href":"https:\/\/www.samskitchen.at\/index.php?rest_route=%2Fwp%2Fv2%2Fcategories&post=2496"},{"taxonomy":"post_tag","embeddable":true,"href":"https:\/\/www.samskitchen.at\/index.php?rest_route=%2Fwp%2Fv2%2Ftags&post=2496"}],"curies":[{"name":"wp","href":"https:\/\/api.w.org\/{rel}","templated":true}]}}