{"id":2469,"date":"2016-02-16T18:44:44","date_gmt":"2016-02-16T17:44:44","guid":{"rendered":"http:\/\/www.samskitchen.at\/?p=2469"},"modified":"2016-02-16T18:50:03","modified_gmt":"2016-02-16T17:50:03","slug":"kaerntner-reindling-lange-teigfuehrung","status":"publish","type":"post","link":"https:\/\/www.samskitchen.at\/?p=2469","title":{"rendered":"K\u00e4rntner Reindling (lange Teigf\u00fchrung)"},"content":{"rendered":"<p><a href=\"http:\/\/www.samskitchen.at\/?attachment_id=2482#main\" rel=\"attachment wp-att-2482\"><img decoding=\"async\" loading=\"lazy\" class=\"alignnone size-full wp-image-2482\" src=\"http:\/\/www.samskitchen.at\/wp-content\/uploads\/2016\/02\/2016-02-16-17.25.30.jpg\" alt=\"2016-02-16 17.25.30\" width=\"1000\" height=\"750\" srcset=\"https:\/\/www.samskitchen.at\/wp-content\/uploads\/2016\/02\/2016-02-16-17.25.30.jpg 1000w, https:\/\/www.samskitchen.at\/wp-content\/uploads\/2016\/02\/2016-02-16-17.25.30-300x225.jpg 300w, https:\/\/www.samskitchen.at\/wp-content\/uploads\/2016\/02\/2016-02-16-17.25.30-768x576.jpg 768w, https:\/\/www.samskitchen.at\/wp-content\/uploads\/2016\/02\/2016-02-16-17.25.30-510x383.jpg 510w, https:\/\/www.samskitchen.at\/wp-content\/uploads\/2016\/02\/2016-02-16-17.25.30-330x248.jpg 330w, https:\/\/www.samskitchen.at\/wp-content\/uploads\/2016\/02\/2016-02-16-17.25.30-530x398.jpg 530w\" sizes=\"(max-width: 1000px) 100vw, 1000px\" \/><\/a>Nachdem ich vor ca. zwei Jahren schon ein Reindling &#8211; Rezept hier im Blog ver\u00f6ffentlicht habe, gibts nun wieder einmal mein Lieblingsgeb\u00e4ck den &#8222;K\u00e4rntner Reindling&#8220; (Pohaca). Ich hab mich entschlossen es etwas aufw\u00e4ndiger anzugehen. Mit Germ (Hefe) wollte ich sparen &#8211; also einen Vorteig angesetzt. Die Meisten backen den Reindling in deiner Gugelhupfform, aber Original wird er in einer &#8222;Rein&#8220; oder &#8222;Reindl&#8220; einer Runden flachen Form gebacken.Da ich in der gl\u00fccklichen Lage bin ein &#8222;Reindl&#8220; aus glasiertem Ton zu besitzen, mach ich in dieser Form. \u00a0In manchen Gegenden besonders im Rosental wird noch zus\u00e4tzlich Karobimehl (Bocksh\u00f6rndlmehl) in die F\u00fcllung gegeben. Das gibt dem Reindling eine ganz originelle Note.<\/p>\n<p>Jedes Jahr im Sommer gibts in Ferlach ein<a href=\"http:\/\/www.pohaca-fest.at\"> &#8222;Pohaca-Fest&#8220;<\/a> zu ehren des &#8222;K\u00e4rntner Reindlings&#8220;. Dort werden die besten Reindlinge pr\u00e4miert.<\/p>\n<p><strong>Rezept:<\/strong><\/p>\n<p><strong>Vorteig:<\/strong><\/p>\n<p>50g Weizenmehl W700<br \/>\n40g Wasser<br \/>\n0,5 g Hefe<\/p>\n<p>\u00dcber Nacht bei Raumtemperatur reifen lassen.<\/p>\n<p><strong>Hauptteig:<\/strong><\/p>\n<p>Vorteig<br \/>\n500g Mehl\u00a0W700<br \/>\n5g\u00a0Salz<br \/>\n60g Zucker<br \/>\n10\u00a0g Hefe<\/p>\n<p>250g Milch<br \/>\n2\u00a0Eier<br \/>\n60 g Butter<br \/>\netwas Rum<br \/>\nAbrieb einer unbehandelten Zitrone<\/p>\n<p>Milch, Butter und Rum etwas erw\u00e4rmen und zu den Zutaten geben. Darauf achten dass die erw\u00e4rmten Zutaten nicht zu heiss werden, k\u00f6nnte der Hefe schaden. Dann die ganze Masse ca. 10 Minuten zu einem sch\u00f6nen glatten Teig kneten.<\/p>\n<p>Den Teig zugedeckt gehen lassen bis er sich verdoppelt hat.<br \/>\nDen aufgegangenen Teig \u00a0zusammenschlagen und abermals ca. 20 Minuten aufgehen lassen.<br \/>\nDanach den Teig \u00bd cm dick zu einem Rechteck ausrollen.<br \/>\nDen Teig mit zerlassener Butter bestreichen und mit reichlich Zucker, Zimt und Rosinen belegen. Wenn ihr glaubt genug Zucker und Rosinen genommen zu haben, dann nehmt ruhig noch was dazu. Es sollten sich im fertigen Reindling so richtige Rosinennester bilden.<\/p>\n<p>Den gef\u00fcllten Teig fest zusammenrollen.<\/p>\n<p>Schneckenf\u00f6rmig in ein befettetes \u00a0&#8222;Reindl&#8220; legen, ca. 30 Minuten an einem warmen Ort aufgehen lassen. Auf alle F\u00e4lle so lange bis der Teig das Rainald sch\u00f6n ausgef\u00fcllt hat. Dann mit Eistreiche\u00a0bepinseln.<\/p>\n<p>Ofen vorheizen und bei 180\u00b0 C ca. 60 Minuten backen. Darauf achten dass die Oberfl\u00e4che nicht zu dunkel wird.<\/p>\n<p>Wer einen Holzbackofen besitzt, kann nach dem Brotbacken, \u00a0wenn die Temperatur des Holzbackofens nicht mehr so heiss ist, den Reindling einschiessen.<\/p>\n<p><a href=\"http:\/\/www.samskitchen.at\/?attachment_id=2082#main\" rel=\"attachment wp-att-2082\"><img decoding=\"async\" loading=\"lazy\" class=\"alignnone wp-image-2082 size-large\" src=\"http:\/\/www.samskitchen.at\/wp-content\/uploads\/2015\/07\/2015-07-14-18.28.23-510x383.jpg\" alt=\"2015-07-14 18.28.23\" width=\"510\" height=\"383\" srcset=\"https:\/\/www.samskitchen.at\/wp-content\/uploads\/2015\/07\/2015-07-14-18.28.23-510x383.jpg 510w, https:\/\/www.samskitchen.at\/wp-content\/uploads\/2015\/07\/2015-07-14-18.28.23-300x225.jpg 300w, https:\/\/www.samskitchen.at\/wp-content\/uploads\/2015\/07\/2015-07-14-18.28.23-330x248.jpg 330w, https:\/\/www.samskitchen.at\/wp-content\/uploads\/2015\/07\/2015-07-14-18.28.23-530x398.jpg 530w, https:\/\/www.samskitchen.at\/wp-content\/uploads\/2015\/07\/2015-07-14-18.28.23.jpg 1000w\" sizes=\"(max-width: 510px) 100vw, 510px\" \/><\/a><a href=\"http:\/\/www.samskitchen.at\/?attachment_id=2473#main\" rel=\"attachment wp-att-2473\"><img decoding=\"async\" loading=\"lazy\" class=\"alignnone size-full wp-image-2473\" src=\"http:\/\/www.samskitchen.at\/wp-content\/uploads\/2016\/02\/2016-02-16-15.14.46.jpg\" alt=\"2016-02-16 15.14.46\" width=\"700\" height=\"525\" srcset=\"https:\/\/www.samskitchen.at\/wp-content\/uploads\/2016\/02\/2016-02-16-15.14.46.jpg 700w, https:\/\/www.samskitchen.at\/wp-content\/uploads\/2016\/02\/2016-02-16-15.14.46-300x225.jpg 300w, https:\/\/www.samskitchen.at\/wp-content\/uploads\/2016\/02\/2016-02-16-15.14.46-510x383.jpg 510w, https:\/\/www.samskitchen.at\/wp-content\/uploads\/2016\/02\/2016-02-16-15.14.46-330x248.jpg 330w, https:\/\/www.samskitchen.at\/wp-content\/uploads\/2016\/02\/2016-02-16-15.14.46-530x398.jpg 530w\" sizes=\"(max-width: 700px) 100vw, 700px\" \/><\/a><a href=\"http:\/\/www.samskitchen.at\/?attachment_id=2474#main\" rel=\"attachment wp-att-2474\"><img decoding=\"async\" loading=\"lazy\" class=\"alignnone size-full wp-image-2474\" src=\"http:\/\/www.samskitchen.at\/wp-content\/uploads\/2016\/02\/2016-02-16-15.16.47.jpg\" alt=\"2016-02-16 15.16.47\" width=\"700\" height=\"525\" srcset=\"https:\/\/www.samskitchen.at\/wp-content\/uploads\/2016\/02\/2016-02-16-15.16.47.jpg 700w, https:\/\/www.samskitchen.at\/wp-content\/uploads\/2016\/02\/2016-02-16-15.16.47-300x225.jpg 300w, https:\/\/www.samskitchen.at\/wp-content\/uploads\/2016\/02\/2016-02-16-15.16.47-510x383.jpg 510w, https:\/\/www.samskitchen.at\/wp-content\/uploads\/2016\/02\/2016-02-16-15.16.47-330x248.jpg 330w, https:\/\/www.samskitchen.at\/wp-content\/uploads\/2016\/02\/2016-02-16-15.16.47-530x398.jpg 530w\" sizes=\"(max-width: 700px) 100vw, 700px\" \/><\/a><a href=\"http:\/\/www.samskitchen.at\/?attachment_id=2475#main\" rel=\"attachment wp-att-2475\"><img decoding=\"async\" loading=\"lazy\" class=\"alignnone size-full wp-image-2475\" src=\"http:\/\/www.samskitchen.at\/wp-content\/uploads\/2016\/02\/2016-02-16-15.17.28.jpg\" alt=\"2016-02-16 15.17.28\" width=\"700\" height=\"525\" srcset=\"https:\/\/www.samskitchen.at\/wp-content\/uploads\/2016\/02\/2016-02-16-15.17.28.jpg 700w, https:\/\/www.samskitchen.at\/wp-content\/uploads\/2016\/02\/2016-02-16-15.17.28-300x225.jpg 300w, https:\/\/www.samskitchen.at\/wp-content\/uploads\/2016\/02\/2016-02-16-15.17.28-510x383.jpg 510w, https:\/\/www.samskitchen.at\/wp-content\/uploads\/2016\/02\/2016-02-16-15.17.28-330x248.jpg 330w, https:\/\/www.samskitchen.at\/wp-content\/uploads\/2016\/02\/2016-02-16-15.17.28-530x398.jpg 530w\" sizes=\"(max-width: 700px) 100vw, 700px\" \/><\/a><a href=\"http:\/\/www.samskitchen.at\/?attachment_id=2476#main\" rel=\"attachment wp-att-2476\"><img decoding=\"async\" loading=\"lazy\" class=\"alignnone size-full wp-image-2476\" src=\"http:\/\/www.samskitchen.at\/wp-content\/uploads\/2016\/02\/2016-02-16-15.18.01.jpg\" alt=\"2016-02-16 15.18.01\" width=\"700\" height=\"525\" srcset=\"https:\/\/www.samskitchen.at\/wp-content\/uploads\/2016\/02\/2016-02-16-15.18.01.jpg 700w, https:\/\/www.samskitchen.at\/wp-content\/uploads\/2016\/02\/2016-02-16-15.18.01-300x225.jpg 300w, https:\/\/www.samskitchen.at\/wp-content\/uploads\/2016\/02\/2016-02-16-15.18.01-510x383.jpg 510w, https:\/\/www.samskitchen.at\/wp-content\/uploads\/2016\/02\/2016-02-16-15.18.01-330x248.jpg 330w, https:\/\/www.samskitchen.at\/wp-content\/uploads\/2016\/02\/2016-02-16-15.18.01-530x398.jpg 530w\" sizes=\"(max-width: 700px) 100vw, 700px\" \/><\/a><a href=\"http:\/\/www.samskitchen.at\/?attachment_id=2477#main\" rel=\"attachment wp-att-2477\"><img decoding=\"async\" loading=\"lazy\" class=\"alignnone size-full wp-image-2477\" src=\"http:\/\/www.samskitchen.at\/wp-content\/uploads\/2016\/02\/2016-02-16-15.18.22.jpg\" alt=\"2016-02-16 15.18.22\" width=\"700\" height=\"525\" srcset=\"https:\/\/www.samskitchen.at\/wp-content\/uploads\/2016\/02\/2016-02-16-15.18.22.jpg 700w, https:\/\/www.samskitchen.at\/wp-content\/uploads\/2016\/02\/2016-02-16-15.18.22-300x225.jpg 300w, https:\/\/www.samskitchen.at\/wp-content\/uploads\/2016\/02\/2016-02-16-15.18.22-510x383.jpg 510w, https:\/\/www.samskitchen.at\/wp-content\/uploads\/2016\/02\/2016-02-16-15.18.22-330x248.jpg 330w, https:\/\/www.samskitchen.at\/wp-content\/uploads\/2016\/02\/2016-02-16-15.18.22-530x398.jpg 530w\" sizes=\"(max-width: 700px) 100vw, 700px\" \/><\/a><a href=\"http:\/\/www.samskitchen.at\/?attachment_id=2478#main\" rel=\"attachment wp-att-2478\"><img decoding=\"async\" loading=\"lazy\" class=\"alignnone size-full wp-image-2478\" src=\"http:\/\/www.samskitchen.at\/wp-content\/uploads\/2016\/02\/2016-02-16-15.18.53.jpg\" alt=\"2016-02-16 15.18.53\" width=\"700\" height=\"525\" srcset=\"https:\/\/www.samskitchen.at\/wp-content\/uploads\/2016\/02\/2016-02-16-15.18.53.jpg 700w, https:\/\/www.samskitchen.at\/wp-content\/uploads\/2016\/02\/2016-02-16-15.18.53-300x225.jpg 300w, https:\/\/www.samskitchen.at\/wp-content\/uploads\/2016\/02\/2016-02-16-15.18.53-510x383.jpg 510w, https:\/\/www.samskitchen.at\/wp-content\/uploads\/2016\/02\/2016-02-16-15.18.53-330x248.jpg 330w, https:\/\/www.samskitchen.at\/wp-content\/uploads\/2016\/02\/2016-02-16-15.18.53-530x398.jpg 530w\" sizes=\"(max-width: 700px) 100vw, 700px\" \/><\/a><a href=\"http:\/\/www.samskitchen.at\/?attachment_id=2480#main\" rel=\"attachment wp-att-2480\"><img decoding=\"async\" loading=\"lazy\" class=\"alignnone wp-image-2480 size-large\" src=\"http:\/\/www.samskitchen.at\/wp-content\/uploads\/2016\/02\/2016-02-16-16.30.40-510x383.jpg\" alt=\"2016-02-16 16.30.40\" width=\"510\" height=\"383\" srcset=\"https:\/\/www.samskitchen.at\/wp-content\/uploads\/2016\/02\/2016-02-16-16.30.40-510x383.jpg 510w, https:\/\/www.samskitchen.at\/wp-content\/uploads\/2016\/02\/2016-02-16-16.30.40-300x225.jpg 300w, https:\/\/www.samskitchen.at\/wp-content\/uploads\/2016\/02\/2016-02-16-16.30.40-768x576.jpg 768w, https:\/\/www.samskitchen.at\/wp-content\/uploads\/2016\/02\/2016-02-16-16.30.40-330x248.jpg 330w, https:\/\/www.samskitchen.at\/wp-content\/uploads\/2016\/02\/2016-02-16-16.30.40-530x398.jpg 530w, https:\/\/www.samskitchen.at\/wp-content\/uploads\/2016\/02\/2016-02-16-16.30.40.jpg 1000w\" sizes=\"(max-width: 510px) 100vw, 510px\" \/><\/a><a href=\"http:\/\/www.samskitchen.at\/?attachment_id=2483#main\" rel=\"attachment wp-att-2483\"><img decoding=\"async\" loading=\"lazy\" class=\"alignnone wp-image-2483 size-large\" src=\"http:\/\/www.samskitchen.at\/wp-content\/uploads\/2016\/02\/2016-02-16-17.25.44-510x383.jpg\" alt=\"2016-02-16 17.25.44\" width=\"510\" height=\"383\" srcset=\"https:\/\/www.samskitchen.at\/wp-content\/uploads\/2016\/02\/2016-02-16-17.25.44-510x383.jpg 510w, https:\/\/www.samskitchen.at\/wp-content\/uploads\/2016\/02\/2016-02-16-17.25.44-300x225.jpg 300w, https:\/\/www.samskitchen.at\/wp-content\/uploads\/2016\/02\/2016-02-16-17.25.44-768x576.jpg 768w, https:\/\/www.samskitchen.at\/wp-content\/uploads\/2016\/02\/2016-02-16-17.25.44-330x248.jpg 330w, https:\/\/www.samskitchen.at\/wp-content\/uploads\/2016\/02\/2016-02-16-17.25.44-530x398.jpg 530w, https:\/\/www.samskitchen.at\/wp-content\/uploads\/2016\/02\/2016-02-16-17.25.44.jpg 1000w\" sizes=\"(max-width: 510px) 100vw, 510px\" \/><\/a><a href=\"http:\/\/www.samskitchen.at\/?attachment_id=2487#main\" rel=\"attachment wp-att-2487\"><img decoding=\"async\" loading=\"lazy\" class=\"alignnone wp-image-2487 size-large\" src=\"http:\/\/www.samskitchen.at\/wp-content\/uploads\/2016\/02\/2016-02-16-18.33.03-510x383.jpg\" alt=\"2016-02-16 18.33.03\" width=\"510\" height=\"383\" srcset=\"https:\/\/www.samskitchen.at\/wp-content\/uploads\/2016\/02\/2016-02-16-18.33.03-510x383.jpg 510w, https:\/\/www.samskitchen.at\/wp-content\/uploads\/2016\/02\/2016-02-16-18.33.03-300x225.jpg 300w, https:\/\/www.samskitchen.at\/wp-content\/uploads\/2016\/02\/2016-02-16-18.33.03-768x576.jpg 768w, https:\/\/www.samskitchen.at\/wp-content\/uploads\/2016\/02\/2016-02-16-18.33.03-330x248.jpg 330w, https:\/\/www.samskitchen.at\/wp-content\/uploads\/2016\/02\/2016-02-16-18.33.03-530x398.jpg 530w, https:\/\/www.samskitchen.at\/wp-content\/uploads\/2016\/02\/2016-02-16-18.33.03.jpg 1000w\" sizes=\"(max-width: 510px) 100vw, 510px\" \/><\/a><a href=\"http:\/\/www.samskitchen.at\/?attachment_id=2486#main\" rel=\"attachment wp-att-2486\"><img decoding=\"async\" loading=\"lazy\" class=\"alignnone wp-image-2486 size-large\" src=\"http:\/\/www.samskitchen.at\/wp-content\/uploads\/2016\/02\/2016-02-16-18.29.24-510x383.jpg\" alt=\"2016-02-16 18.29.24\" width=\"510\" height=\"383\" srcset=\"https:\/\/www.samskitchen.at\/wp-content\/uploads\/2016\/02\/2016-02-16-18.29.24-510x383.jpg 510w, https:\/\/www.samskitchen.at\/wp-content\/uploads\/2016\/02\/2016-02-16-18.29.24-300x225.jpg 300w, https:\/\/www.samskitchen.at\/wp-content\/uploads\/2016\/02\/2016-02-16-18.29.24-768x576.jpg 768w, https:\/\/www.samskitchen.at\/wp-content\/uploads\/2016\/02\/2016-02-16-18.29.24-330x248.jpg 330w, https:\/\/www.samskitchen.at\/wp-content\/uploads\/2016\/02\/2016-02-16-18.29.24-530x398.jpg 530w, https:\/\/www.samskitchen.at\/wp-content\/uploads\/2016\/02\/2016-02-16-18.29.24.jpg 1000w\" sizes=\"(max-width: 510px) 100vw, 510px\" \/><\/a><\/p>\n","protected":false},"excerpt":{"rendered":"<p>Nachdem ich vor ca. zwei Jahren schon ein Reindling &#8211; Rezept hier im Blog ver\u00f6ffentlicht habe, gibts nun wieder einmal mein Lieblingsgeb\u00e4ck den &#8222;K\u00e4rntner Reindling&#8220; (Pohaca). Ich hab mich entschlossen es etwas aufw\u00e4ndiger anzugehen. Mit Germ (Hefe) wollte ich sparen &#8211; also einen Vorteig angesetzt. Die Meisten backen den Reindling in deiner Gugelhupfform, aber Original wird er in einer &#8222;Rein&#8220; &hellip;<\/p>\n","protected":false},"author":1,"featured_media":2482,"comment_status":"open","ping_status":"open","sticky":false,"template":"","format":"standard","meta":{"_mi_skip_tracking":false,"_exactmetrics_sitenote_active":false,"_exactmetrics_sitenote_note":"","_exactmetrics_sitenote_category":0,"ngg_post_thumbnail":0,"jetpack_post_was_ever_published":false,"_jetpack_newsletter_access":"","footnotes":"","jetpack_publicize_message":"","jetpack_is_tweetstorm":false,"jetpack_publicize_feature_enabled":true,"jetpack_social_post_already_shared":true,"jetpack_social_options":{"image_generator_settings":{"template":"highway","enabled":false}}},"categories":[103],"tags":[111,279,162,110],"jetpack_publicize_connections":[],"jetpack_featured_media_url":"https:\/\/www.samskitchen.at\/wp-content\/uploads\/2016\/02\/2016-02-16-17.25.30.jpg","jetpack_sharing_enabled":true,"jetpack_shortlink":"https:\/\/wp.me\/p41IW0-DP","_links":{"self":[{"href":"https:\/\/www.samskitchen.at\/index.php?rest_route=\/wp\/v2\/posts\/2469"}],"collection":[{"href":"https:\/\/www.samskitchen.at\/index.php?rest_route=\/wp\/v2\/posts"}],"about":[{"href":"https:\/\/www.samskitchen.at\/index.php?rest_route=\/wp\/v2\/types\/post"}],"author":[{"embeddable":true,"href":"https:\/\/www.samskitchen.at\/index.php?rest_route=\/wp\/v2\/users\/1"}],"replies":[{"embeddable":true,"href":"https:\/\/www.samskitchen.at\/index.php?rest_route=%2Fwp%2Fv2%2Fcomments&post=2469"}],"version-history":[{"count":10,"href":"https:\/\/www.samskitchen.at\/index.php?rest_route=\/wp\/v2\/posts\/2469\/revisions"}],"predecessor-version":[{"id":2493,"href":"https:\/\/www.samskitchen.at\/index.php?rest_route=\/wp\/v2\/posts\/2469\/revisions\/2493"}],"wp:featuredmedia":[{"embeddable":true,"href":"https:\/\/www.samskitchen.at\/index.php?rest_route=\/wp\/v2\/media\/2482"}],"wp:attachment":[{"href":"https:\/\/www.samskitchen.at\/index.php?rest_route=%2Fwp%2Fv2%2Fmedia&parent=2469"}],"wp:term":[{"taxonomy":"category","embeddable":true,"href":"https:\/\/www.samskitchen.at\/index.php?rest_route=%2Fwp%2Fv2%2Fcategories&post=2469"},{"taxonomy":"post_tag","embeddable":true,"href":"https:\/\/www.samskitchen.at\/index.php?rest_route=%2Fwp%2Fv2%2Ftags&post=2469"}],"curies":[{"name":"wp","href":"https:\/\/api.w.org\/{rel}","templated":true}]}}