{"id":2354,"date":"2016-01-19T12:07:02","date_gmt":"2016-01-19T11:07:02","guid":{"rendered":"http:\/\/www.samskitchen.at\/?p=2354"},"modified":"2016-01-19T12:44:33","modified_gmt":"2016-01-19T11:44:33","slug":"kaerntner-krustenbrot","status":"publish","type":"post","link":"https:\/\/www.samskitchen.at\/?p=2354","title":{"rendered":"K\u00e4rntner Krustenbrot"},"content":{"rendered":"<p><a href=\"http:\/\/www.samskitchen.at\/?attachment_id=2362#main\" rel=\"attachment wp-att-2362\"><img decoding=\"async\" loading=\"lazy\" class=\"alignnone wp-image-2362 size-large\" src=\"http:\/\/www.samskitchen.at\/wp-content\/uploads\/2016\/01\/2016-01-19-11.35.41-510x383.jpg\" alt=\"2016-01-19 11.35.41\" width=\"510\" height=\"383\" srcset=\"https:\/\/www.samskitchen.at\/wp-content\/uploads\/2016\/01\/2016-01-19-11.35.41-510x383.jpg 510w, https:\/\/www.samskitchen.at\/wp-content\/uploads\/2016\/01\/2016-01-19-11.35.41-300x225.jpg 300w, https:\/\/www.samskitchen.at\/wp-content\/uploads\/2016\/01\/2016-01-19-11.35.41-330x248.jpg 330w, https:\/\/www.samskitchen.at\/wp-content\/uploads\/2016\/01\/2016-01-19-11.35.41-530x398.jpg 530w, https:\/\/www.samskitchen.at\/wp-content\/uploads\/2016\/01\/2016-01-19-11.35.41.jpg 700w\" sizes=\"(max-width: 510px) 100vw, 510px\" \/><\/a>Neulich sah ich dass eine grosse \u00f6sterr. Lebensmittelkette Werbung f\u00fcr ihr &#8222;nat\u00fcrliches K\u00e4rntnerbrot&#8220; macht. Neugierig wie ich bin, schaute ich mir die Zutatenliste an. Eigentlich nichts Besonderes &#8211; Roggenmehl, Weizenmehl, Sauerteig, Trockensauerteig, Hefe und K\u00fcmmel. Das Getreide kommt aber aus dem Waldviertel, Weinviertel und Burgenland. Und was bitte sollte da an diesem Brot die Bezeichnung &#8222;K\u00e4rnten&#8220; verdienen? Solche Mischbrote gibts in ganz \u00d6sterreich und Deutschland zur Gen\u00fcge.<br \/>\nBei mir gibts als Antwort ein echtes K\u00e4rntner Brot, mit r\u00f6scher Kruste und garantiert echtem K\u00e4rntner Korn. Dazu besuchte den <a href=\"http:\/\/biohof-tomic.at\">Biobhof Tomic<\/a>\u00a0und deckte mich mit den f\u00fcr mein Brot vorgesehenen Zutaten ein. Also ein Biobrot aus garantiert K\u00e4rntner Zutaten.<\/p>\n<p>Das Brot passt daher sehr gut zu w\u00fcrzigen Bel\u00e4gen, wie Schinken, Hartw\u00fcrsten, Speck oder auch pikanten Aufstrichen und intensiv schmeckenden K\u00e4sen.<\/p>\n<p><strong>REZEPT f\u00fcr einen Laib Brot von\u00a0\u00a01.9 KG oder zwei von 950 Gramm.<\/strong><\/p>\n<p>Sauerteig:<\/p>\n<p>300g Roggenvollkornmehl<br \/>\n240g Wasser<br \/>\n30g Anstellgut<br \/>\nZutaten vermischen und bei ca. 25 Grad \u00fcber Nacht reifen lassen. Der Sauerteig sollte reif sein. Also sch\u00f6n beobachten.<\/p>\n<p>Hauptteig:<\/p>\n<p>570g reifer Vollkornsauerteig<br \/>\n200g Weizenvollkornmehl<br \/>\n500g Roggenvollkornmehl<br \/>\n460g Wasser<br \/>\n30g getrocknete\/gemahlene Brotreste (einige Stunden vorher mit 100 g kochendem\u00a0Wasser ansetzen. )<br \/>\n20g Meesrsalz<br \/>\n5g Hefe<br \/>\n10g gemahlener K\u00fcmmel<\/p>\n<p>Temperatur des Teiges\u00a0\u00a0sollte so ca. 30-32 Grad sein.<br \/>\nDie Zutaten vermischen und dann ca. 6 Minuten langsam und noch kurz schnell. Anschliessend eine Kesselgare von 3o Minuten einlegen. Dabei den Kessel abdecken.<\/p>\n<p>Nachdem sich der Teig gelockert und zugleich entspannt hat, wird dieser in zwei gleich gro\u00dfe St\u00fccke geteilt.\u00a0Den Teig rund wirken und mit dem Schluss nach unten in ein gut bemehlte G\u00e4rk\u00f6rbchen legen.<\/p>\n<p>Nicht vergessen den Backofen rechtzeitig auf 250 Grad vorzugl\u00fchen, damit das Brot nicht mit \u00dcbergare eingeschossen werden muss.<\/p>\n<p>Die Endgare ist an der Oberfl\u00e4che sehr leicht zu erkennen, den die Oberfl\u00e4che zerrei\u00dft \u201cInselartig\u201d.<\/p>\n<p>Das Brot sollte kr\u00e4ftig ausgebacken werden. 250 Grad fallend auf ca. 200 Grad. Backzeit so um die 45-50 Minuten. Aber immer die Krustenfarbe beobachten. Danach richtet sich eigentlich die Backzeit. Erfahrungsgem\u00e4ss ist die Backzeit bei jedem Ofen unterschiedlich. Also wie immer &#8211; alles Beobachten.<\/p>\n<p>Wie sag ich immer: \u00a0schau ma mal \u00a0&#8211; dann werden wir schon sehen!<\/p>\n<p><a href=\"http:\/\/www.samskitchen.at\/?attachment_id=2361#main\" rel=\"attachment wp-att-2361\"><img decoding=\"async\" loading=\"lazy\" class=\"alignnone wp-image-2361 size-large\" src=\"http:\/\/www.samskitchen.at\/wp-content\/uploads\/2016\/01\/2016-01-19-11.35.55-510x383.jpg\" alt=\"2016-01-19 11.35.55\" width=\"510\" height=\"383\" srcset=\"https:\/\/www.samskitchen.at\/wp-content\/uploads\/2016\/01\/2016-01-19-11.35.55-510x383.jpg 510w, https:\/\/www.samskitchen.at\/wp-content\/uploads\/2016\/01\/2016-01-19-11.35.55-300x225.jpg 300w, https:\/\/www.samskitchen.at\/wp-content\/uploads\/2016\/01\/2016-01-19-11.35.55-768x576.jpg 768w, https:\/\/www.samskitchen.at\/wp-content\/uploads\/2016\/01\/2016-01-19-11.35.55-330x248.jpg 330w, https:\/\/www.samskitchen.at\/wp-content\/uploads\/2016\/01\/2016-01-19-11.35.55-530x398.jpg 530w, https:\/\/www.samskitchen.at\/wp-content\/uploads\/2016\/01\/2016-01-19-11.35.55.jpg 1000w\" sizes=\"(max-width: 510px) 100vw, 510px\" \/><\/a> <a href=\"http:\/\/www.samskitchen.at\/?attachment_id=2363#main\" rel=\"attachment wp-att-2363\"><img decoding=\"async\" loading=\"lazy\" class=\"alignnone wp-image-2363 size-large\" src=\"http:\/\/www.samskitchen.at\/wp-content\/uploads\/2016\/01\/2016-01-19-11.35.52-510x383.jpg\" alt=\"2016-01-19 11.35.52\" width=\"510\" height=\"383\" srcset=\"https:\/\/www.samskitchen.at\/wp-content\/uploads\/2016\/01\/2016-01-19-11.35.52-510x383.jpg 510w, https:\/\/www.samskitchen.at\/wp-content\/uploads\/2016\/01\/2016-01-19-11.35.52-300x225.jpg 300w, https:\/\/www.samskitchen.at\/wp-content\/uploads\/2016\/01\/2016-01-19-11.35.52-768x576.jpg 768w, https:\/\/www.samskitchen.at\/wp-content\/uploads\/2016\/01\/2016-01-19-11.35.52-330x248.jpg 330w, https:\/\/www.samskitchen.at\/wp-content\/uploads\/2016\/01\/2016-01-19-11.35.52-530x398.jpg 530w, https:\/\/www.samskitchen.at\/wp-content\/uploads\/2016\/01\/2016-01-19-11.35.52.jpg 1000w\" sizes=\"(max-width: 510px) 100vw, 510px\" \/><\/a> <a href=\"http:\/\/www.samskitchen.at\/?attachment_id=2360#main\" rel=\"attachment wp-att-2360\"><img decoding=\"async\" loading=\"lazy\" class=\"alignnone wp-image-2360 size-large\" src=\"http:\/\/www.samskitchen.at\/wp-content\/uploads\/2016\/01\/2016-01-19-11.41.42-510x383.jpg\" alt=\"2016-01-19 11.41.42\" width=\"510\" height=\"383\" srcset=\"https:\/\/www.samskitchen.at\/wp-content\/uploads\/2016\/01\/2016-01-19-11.41.42-510x383.jpg 510w, https:\/\/www.samskitchen.at\/wp-content\/uploads\/2016\/01\/2016-01-19-11.41.42-300x225.jpg 300w, https:\/\/www.samskitchen.at\/wp-content\/uploads\/2016\/01\/2016-01-19-11.41.42-768x576.jpg 768w, https:\/\/www.samskitchen.at\/wp-content\/uploads\/2016\/01\/2016-01-19-11.41.42-330x248.jpg 330w, https:\/\/www.samskitchen.at\/wp-content\/uploads\/2016\/01\/2016-01-19-11.41.42-530x398.jpg 530w, https:\/\/www.samskitchen.at\/wp-content\/uploads\/2016\/01\/2016-01-19-11.41.42.jpg 1000w\" sizes=\"(max-width: 510px) 100vw, 510px\" \/><\/a> <a href=\"http:\/\/www.samskitchen.at\/?attachment_id=2359#main\" rel=\"attachment wp-att-2359\"><img decoding=\"async\" loading=\"lazy\" class=\"alignnone wp-image-2359 size-large\" src=\"http:\/\/www.samskitchen.at\/wp-content\/uploads\/2016\/01\/2016-01-19-11.41.21-510x383.jpg\" alt=\"2016-01-19 11.41.21\" width=\"510\" height=\"383\" srcset=\"https:\/\/www.samskitchen.at\/wp-content\/uploads\/2016\/01\/2016-01-19-11.41.21-510x383.jpg 510w, https:\/\/www.samskitchen.at\/wp-content\/uploads\/2016\/01\/2016-01-19-11.41.21-300x225.jpg 300w, https:\/\/www.samskitchen.at\/wp-content\/uploads\/2016\/01\/2016-01-19-11.41.21-768x576.jpg 768w, https:\/\/www.samskitchen.at\/wp-content\/uploads\/2016\/01\/2016-01-19-11.41.21-330x248.jpg 330w, https:\/\/www.samskitchen.at\/wp-content\/uploads\/2016\/01\/2016-01-19-11.41.21-530x398.jpg 530w, https:\/\/www.samskitchen.at\/wp-content\/uploads\/2016\/01\/2016-01-19-11.41.21.jpg 1000w\" sizes=\"(max-width: 510px) 100vw, 510px\" \/><\/a><\/p>\n<p>eingereicht bei <a href=\"http:\/\/www.wildyeastblog.com\/yeastspotting\/\">Yeastspotting<\/a><\/p>\n","protected":false},"excerpt":{"rendered":"<p>Neulich sah ich dass eine grosse \u00f6sterr. Lebensmittelkette Werbung f\u00fcr ihr &#8222;nat\u00fcrliches K\u00e4rntnerbrot&#8220; macht. Neugierig wie ich bin, schaute ich mir die Zutatenliste an. Eigentlich nichts Besonderes &#8211; Roggenmehl, Weizenmehl, Sauerteig, Trockensauerteig, Hefe und K\u00fcmmel. Das Getreide kommt aber aus dem Waldviertel, Weinviertel und Burgenland. Und was bitte sollte da an diesem Brot die Bezeichnung &#8222;K\u00e4rnten&#8220; verdienen? Solche Mischbrote gibts &hellip;<\/p>\n","protected":false},"author":1,"featured_media":2362,"comment_status":"open","ping_status":"open","sticky":false,"template":"","format":"standard","meta":{"_mi_skip_tracking":false,"_exactmetrics_sitenote_active":false,"_exactmetrics_sitenote_note":"","_exactmetrics_sitenote_category":0,"ngg_post_thumbnail":0,"jetpack_post_was_ever_published":false,"_jetpack_newsletter_access":"","footnotes":"","jetpack_publicize_message":"","jetpack_is_tweetstorm":false,"jetpack_publicize_feature_enabled":true,"jetpack_social_post_already_shared":true,"jetpack_social_options":{"image_generator_settings":{"template":"highway","enabled":false}}},"categories":[2],"tags":[274,35,142,110],"jetpack_publicize_connections":[],"jetpack_featured_media_url":"https:\/\/www.samskitchen.at\/wp-content\/uploads\/2016\/01\/2016-01-19-11.35.41.jpg","jetpack_sharing_enabled":true,"jetpack_shortlink":"https:\/\/wp.me\/p41IW0-BY","_links":{"self":[{"href":"https:\/\/www.samskitchen.at\/index.php?rest_route=\/wp\/v2\/posts\/2354"}],"collection":[{"href":"https:\/\/www.samskitchen.at\/index.php?rest_route=\/wp\/v2\/posts"}],"about":[{"href":"https:\/\/www.samskitchen.at\/index.php?rest_route=\/wp\/v2\/types\/post"}],"author":[{"embeddable":true,"href":"https:\/\/www.samskitchen.at\/index.php?rest_route=\/wp\/v2\/users\/1"}],"replies":[{"embeddable":true,"href":"https:\/\/www.samskitchen.at\/index.php?rest_route=%2Fwp%2Fv2%2Fcomments&post=2354"}],"version-history":[{"count":10,"href":"https:\/\/www.samskitchen.at\/index.php?rest_route=\/wp\/v2\/posts\/2354\/revisions"}],"predecessor-version":[{"id":2370,"href":"https:\/\/www.samskitchen.at\/index.php?rest_route=\/wp\/v2\/posts\/2354\/revisions\/2370"}],"wp:featuredmedia":[{"embeddable":true,"href":"https:\/\/www.samskitchen.at\/index.php?rest_route=\/wp\/v2\/media\/2362"}],"wp:attachment":[{"href":"https:\/\/www.samskitchen.at\/index.php?rest_route=%2Fwp%2Fv2%2Fmedia&parent=2354"}],"wp:term":[{"taxonomy":"category","embeddable":true,"href":"https:\/\/www.samskitchen.at\/index.php?rest_route=%2Fwp%2Fv2%2Fcategories&post=2354"},{"taxonomy":"post_tag","embeddable":true,"href":"https:\/\/www.samskitchen.at\/index.php?rest_route=%2Fwp%2Fv2%2Ftags&post=2354"}],"curies":[{"name":"wp","href":"https:\/\/api.w.org\/{rel}","templated":true}]}}