{"id":2126,"date":"2015-09-25T15:08:32","date_gmt":"2015-09-25T13:08:32","guid":{"rendered":"http:\/\/www.samskitchen.at\/?p=2126"},"modified":"2015-09-26T08:51:24","modified_gmt":"2015-09-26T06:51:24","slug":"buchweizenbrot","status":"publish","type":"post","link":"https:\/\/www.samskitchen.at\/?p=2126","title":{"rendered":"Buchweizenbrot"},"content":{"rendered":"<p><a href=\"http:\/\/www.samskitchen.at\/?attachment_id=2134#main\" rel=\"attachment wp-att-2134\"><img decoding=\"async\" loading=\"lazy\" class=\"alignnone wp-image-2134 size-large\" src=\"http:\/\/www.samskitchen.at\/wp-content\/uploads\/2015\/09\/2015-09-25-14.21.37-510x383.jpg\" alt=\"2015-09-25 14.21.37\" width=\"510\" height=\"383\" srcset=\"https:\/\/www.samskitchen.at\/wp-content\/uploads\/2015\/09\/2015-09-25-14.21.37-510x383.jpg 510w, https:\/\/www.samskitchen.at\/wp-content\/uploads\/2015\/09\/2015-09-25-14.21.37-300x225.jpg 300w, https:\/\/www.samskitchen.at\/wp-content\/uploads\/2015\/09\/2015-09-25-14.21.37-330x248.jpg 330w, https:\/\/www.samskitchen.at\/wp-content\/uploads\/2015\/09\/2015-09-25-14.21.37-530x398.jpg 530w, https:\/\/www.samskitchen.at\/wp-content\/uploads\/2015\/09\/2015-09-25-14.21.37.jpg 1200w\" sizes=\"(max-width: 510px) 100vw, 510px\" \/><\/a>Nun versuchen wir einmal ein glutenfreies Brot zu backen, nur mit Buchweizen also ohne Gluten. Beim <a href=\"http:\/\/www.samskitchen.at\/?p=680\">K\u00e4rntner Bauernbrot<\/a>\u00a0hab ich schon einmal versucht Buchweizen oder wie man bei uns sagt Heidenmehl zu verarbeiten. Dieses Mal ein reines Buchweizenbor. Quelle war ein Rezept von \u00a0&#8222;<a href=\"http:\/\/www.gutekueche.at\/brot-rezepte\">GuteKueche<\/a>&#8220; dass ich einwenig abge\u00e4ndert habe. Den Sauerteig hab ich durch mehrfaches Auffrischen aus einem Roggensauerteig gezogen, es sind also ganz geringe Spuren Roggenmehl vorhanden.<\/p>\n<p><b style=\"font-family: Verdana, serif; line-height: 1.5;\">Anders als der Name vermuten l\u00e4sst, ist Buchweizen kein Getreide, sondern eine Pflanze aus der Familie der Kn\u00f6terichgew\u00e4chse. Trotzdem l\u00e4sst sich mit dem Buchweizenvollkornmehl herrlich backen. Das Brot schmeckt wunderbar nussig und ist f\u00fcr Menschen mit Z\u00f6liakie eine tolle Alternative, da die Buchweizenfr\u00fcchte glutenfrei sind.<\/b><\/p>\n<p><span style=\"font-family: Verdana, serif;\">Wer eine Getreidem\u00fchle hat, sollte ganze K\u00f6rner kaufen, so dass f\u00fcr\u00b4s Brotbacken immer frisch gemahlenes Mehl zur Verf\u00fcgung steht. Es geht aber auch so, denn fertiges Buchweizenvollkornmehl gibt es in Reformh\u00e4usern und gut sortierten Superm\u00e4rkten. Zwar sagen viele, Buchweizenmehl k\u00f6nne man nicht alleine zum Backen nutzen, weil ihm die Klebereigenschaften fehlen. Das l\u00e4sst sich aber ganz leicht umgehen, indem man ein Br\u00fchst\u00fcck fertigt. Und zwar mindestens von einem Drittel des Mehles, damit das Mehl gen\u00fcgend Feuchtigkeit binden kann. <\/span><\/p>\n<p><span style=\"font-family: Verdana, serif;\">Auf diese Weise h\u00e4lt sp\u00e4ter der Teig perfekt zusammen. Wichtig dabei ist, das Mehl mit kochendhei\u00dfem Wasser zu \u00fcbergie\u00dfen und dann abgedeckt bei Zimmertemperatur \u00fcber Nacht quellen zu lassen. Vor der Weiterverwendung muss er komplett ausk\u00fchlen. Etwas Essig im Hauptteig verbessert die G\u00e4reigenschatt und sorgt f\u00fcr eine knusprige Kruste. Zum Backen eine Kastenform verwenden.<\/span><\/p>\n<p><span style=\"font-family: Verdana, serif;\"><b>Auf geht\u00b4s zum Rezept&#8230;<\/b><\/span><\/p>\n<p><span style=\"font-family: Verdana, serif;\"><u>Zutaten f\u00fcr ein Buchweizenbrot:<\/u><\/span><\/p>\n<ul>\n<li><span style=\"font-family: Verdana, serif;\">500 g Buchweizenvollkornmehl oder 500 g Buchweizenk\u00f6rner zum Selbermahlen. F\u00fcr das Ausst\u00e4uben der Form eine halbe Tasse Mehl zus\u00e4tzlich beiseite stellen.<\/span><\/li>\n<li><span style=\"font-family: Verdana, serif;\">Kastenform<\/span><\/li>\n<li><span style=\"font-family: Verdana, serif;\">Honig oder Zuckerr\u00fcbensirup<\/span><\/li>\n<li><span style=\"font-family: Verdana, serif;\">Salz<\/span><\/li>\n<li><span style=\"font-family: Verdana, serif;\">frische Hefe<\/span><\/li>\n<li><span style=\"font-family: Verdana, serif;\">Fett f\u00fcr die Form<\/span><\/li>\n<\/ul>\n<p><span style=\"font-family: Verdana, serif;\"><u>Br\u00fchst\u00fcck<\/u><\/span><\/p>\n<ul>\n<li><span style=\"font-family: Verdana, serif;\">200 g Buchweizenvollkornmehl<\/span><\/li>\n<li><span style=\"font-family: Verdana, serif;\">11 g Teel\u00f6ffel Salz<\/span><\/li>\n<li><span style=\"font-family: Verdana, serif;\">400\u00a0ml kochendhei\u00dfes Wasser<\/span><\/li>\n<\/ul>\n<p><span style=\"font-family: Verdana, serif;\"><u>Hauptteig<\/u><\/span><\/p>\n<ul>\n<li><span style=\"font-family: Verdana, serif;\">300 g Buchweizenmehl<\/span><\/li>\n<li><span style=\"font-family: Verdana, serif;\">1 EL Honig oder Sirup<\/span><\/li>\n<li><span style=\"font-family: Verdana, serif;\">10 g frische Hefe<\/span><\/li>\n<li><span style=\"font-family: Verdana, serif;\">100 ml Wasser (lauwarm)<\/span><\/li>\n<li><span style=\"font-family: Verdana, serif;\">100 g Buchweizensauerteig (aus Roggenanstellgut durch mehrfaches Auffrischen gezogen)<\/span><\/li>\n<\/ul>\n<ol>\n<li><span style=\"font-family: Verdana, serif;\">F\u00fcr das Br\u00fchst\u00fcck wird das Mehl mit Salz und kochendem Wasser in einer Sch\u00fcssel zu einem Brei verr\u00fchrt. Wenn er fertig ist, die Sch\u00fcssel mit einem Tuch oder Teller abdecken und einfach in der K\u00fcche stehen lassen, damit er bei Zimmertemperatur langsam runterk\u00fchlen kann und dann ab in den K\u00fchlschrank.<\/span><\/li>\n<\/ol>\n<ol start=\"2\">\n<li><span style=\"font-family: Verdana, serif;\">Weiter geht\u00b4s am n\u00e4chsten Tag. Der Hauptteig kann in Angriff genommen werden, wenn das Br\u00fchst\u00fcck gut durchgek\u00fchlt ist.<\/span><\/li>\n<\/ol>\n<ol start=\"3\">\n<li><span style=\"font-family: Verdana, serif;\">Alle Zutaten gut vermischen, der Teig wird recht weich sein und sich nicht vom Schl\u00fcsselrand l\u00f6sen.<\/span><\/li>\n<li><span style=\"font-family: Verdana, serif;\">Wenn alles ordentlich vermengt ist, den Teig in der Knetsch\u00fcssel ca. 30 Minuten gehen lassen.\u00a0Nun den Teig in die gefettete und gemehlte Kastenform geben und ca. 2 Stunden gehen lassen. er sollte sch\u00f6n aufgegangen sein. Backrohr rechtzeitig aufheizen und von 250 fallend auf\u00a0\u00a0220 Grad 30 bis 40 Minuten backen (je nach Br\u00e4unungswunsch). Danach das Brot auf einen Rost st\u00fcrzen und vor dem Anschneiden abk\u00fchlen lassen.<\/span><\/li>\n<\/ol>\n<p><span style=\"font-family: Verdana, serif;\">Gutes Gelingen und guten Appetit!<\/span><\/p>\n<p><span style=\"font-family: Verdana, serif;\">Quelle:\u00a0<a href=\"http:\/\/www.gutekueche.at\/brot-rezepte\">GuteKueche<\/a>! Dort gibts jede Menge Rezepte und Tips.<\/span><\/p>\n<p><a href=\"http:\/\/www.samskitchen.at\/?attachment_id=2139#main\" rel=\"attachment wp-att-2139\"><img decoding=\"async\" loading=\"lazy\" class=\"alignnone wp-image-2139 size-large\" src=\"http:\/\/www.samskitchen.at\/wp-content\/uploads\/2015\/09\/2015-09-25-14.41.59-510x383.jpg\" alt=\"2015-09-25 14.41.59\" width=\"510\" height=\"383\" srcset=\"https:\/\/www.samskitchen.at\/wp-content\/uploads\/2015\/09\/2015-09-25-14.41.59-510x383.jpg 510w, https:\/\/www.samskitchen.at\/wp-content\/uploads\/2015\/09\/2015-09-25-14.41.59-300x225.jpg 300w, https:\/\/www.samskitchen.at\/wp-content\/uploads\/2015\/09\/2015-09-25-14.41.59-330x248.jpg 330w, https:\/\/www.samskitchen.at\/wp-content\/uploads\/2015\/09\/2015-09-25-14.41.59-530x398.jpg 530w, https:\/\/www.samskitchen.at\/wp-content\/uploads\/2015\/09\/2015-09-25-14.41.59.jpg 1000w\" sizes=\"(max-width: 510px) 100vw, 510px\" \/><\/a> <a href=\"http:\/\/www.samskitchen.at\/?attachment_id=2138#main\" rel=\"attachment wp-att-2138\"><img decoding=\"async\" loading=\"lazy\" class=\"alignnone wp-image-2138 size-large\" src=\"http:\/\/www.samskitchen.at\/wp-content\/uploads\/2015\/09\/2015-09-25-14.41.39-510x383.jpg\" alt=\"2015-09-25 14.41.39\" width=\"510\" height=\"383\" srcset=\"https:\/\/www.samskitchen.at\/wp-content\/uploads\/2015\/09\/2015-09-25-14.41.39-510x383.jpg 510w, https:\/\/www.samskitchen.at\/wp-content\/uploads\/2015\/09\/2015-09-25-14.41.39-300x225.jpg 300w, https:\/\/www.samskitchen.at\/wp-content\/uploads\/2015\/09\/2015-09-25-14.41.39-330x248.jpg 330w, https:\/\/www.samskitchen.at\/wp-content\/uploads\/2015\/09\/2015-09-25-14.41.39-530x398.jpg 530w, https:\/\/www.samskitchen.at\/wp-content\/uploads\/2015\/09\/2015-09-25-14.41.39.jpg 1000w\" sizes=\"(max-width: 510px) 100vw, 510px\" \/><\/a> <a href=\"http:\/\/www.samskitchen.at\/?attachment_id=2137#main\" rel=\"attachment wp-att-2137\"><img decoding=\"async\" loading=\"lazy\" class=\"alignnone wp-image-2137 size-large\" src=\"http:\/\/www.samskitchen.at\/wp-content\/uploads\/2015\/09\/2015-09-25-14.22.13-510x383.jpg\" alt=\"2015-09-25 14.22.13\" width=\"510\" height=\"383\" srcset=\"https:\/\/www.samskitchen.at\/wp-content\/uploads\/2015\/09\/2015-09-25-14.22.13-510x383.jpg 510w, https:\/\/www.samskitchen.at\/wp-content\/uploads\/2015\/09\/2015-09-25-14.22.13-300x225.jpg 300w, https:\/\/www.samskitchen.at\/wp-content\/uploads\/2015\/09\/2015-09-25-14.22.13-330x248.jpg 330w, https:\/\/www.samskitchen.at\/wp-content\/uploads\/2015\/09\/2015-09-25-14.22.13-530x398.jpg 530w, https:\/\/www.samskitchen.at\/wp-content\/uploads\/2015\/09\/2015-09-25-14.22.13.jpg 1200w\" sizes=\"(max-width: 510px) 100vw, 510px\" \/><\/a> <a href=\"http:\/\/www.samskitchen.at\/?attachment_id=2136#main\" rel=\"attachment wp-att-2136\"><img decoding=\"async\" loading=\"lazy\" class=\"alignnone wp-image-2136 size-large\" src=\"http:\/\/www.samskitchen.at\/wp-content\/uploads\/2015\/09\/2015-09-25-14.22.07-510x383.jpg\" alt=\"2015-09-25 14.22.07\" width=\"510\" height=\"383\" srcset=\"https:\/\/www.samskitchen.at\/wp-content\/uploads\/2015\/09\/2015-09-25-14.22.07-510x383.jpg 510w, https:\/\/www.samskitchen.at\/wp-content\/uploads\/2015\/09\/2015-09-25-14.22.07-300x225.jpg 300w, https:\/\/www.samskitchen.at\/wp-content\/uploads\/2015\/09\/2015-09-25-14.22.07-330x248.jpg 330w, https:\/\/www.samskitchen.at\/wp-content\/uploads\/2015\/09\/2015-09-25-14.22.07-530x398.jpg 530w, https:\/\/www.samskitchen.at\/wp-content\/uploads\/2015\/09\/2015-09-25-14.22.07.jpg 1200w\" sizes=\"(max-width: 510px) 100vw, 510px\" \/><\/a> <a href=\"http:\/\/www.samskitchen.at\/?attachment_id=2135#main\" rel=\"attachment wp-att-2135\"><img decoding=\"async\" loading=\"lazy\" class=\"alignnone wp-image-2135 size-large\" src=\"http:\/\/www.samskitchen.at\/wp-content\/uploads\/2015\/09\/2015-09-25-14.21.54-510x383.jpg\" alt=\"2015-09-25 14.21.54\" width=\"510\" height=\"383\" srcset=\"https:\/\/www.samskitchen.at\/wp-content\/uploads\/2015\/09\/2015-09-25-14.21.54-510x383.jpg 510w, https:\/\/www.samskitchen.at\/wp-content\/uploads\/2015\/09\/2015-09-25-14.21.54-300x225.jpg 300w, https:\/\/www.samskitchen.at\/wp-content\/uploads\/2015\/09\/2015-09-25-14.21.54-330x248.jpg 330w, https:\/\/www.samskitchen.at\/wp-content\/uploads\/2015\/09\/2015-09-25-14.21.54-530x398.jpg 530w, https:\/\/www.samskitchen.at\/wp-content\/uploads\/2015\/09\/2015-09-25-14.21.54.jpg 1200w\" sizes=\"(max-width: 510px) 100vw, 510px\" \/><\/a><\/p>\n<p>Eingereicht bei:\u00a0<a href=\"http:\/\/www.wildyeastblog.com\/yeastspotting\/\">Yeastspotting<\/a><\/p>\n","protected":false},"excerpt":{"rendered":"<p>Nun versuchen wir einmal ein glutenfreies Brot zu backen, nur mit Buchweizen also ohne Gluten. Beim K\u00e4rntner Bauernbrot\u00a0hab ich schon einmal versucht Buchweizen oder wie man bei uns sagt Heidenmehl zu verarbeiten. Dieses Mal ein reines Buchweizenbor. Quelle war ein Rezept von \u00a0&#8222;GuteKueche&#8220; dass ich einwenig abge\u00e4ndert habe. Den Sauerteig hab ich durch mehrfaches Auffrischen aus einem Roggensauerteig gezogen, es &hellip;<\/p>\n","protected":false},"author":1,"featured_media":2134,"comment_status":"open","ping_status":"open","sticky":false,"template":"","format":"standard","meta":{"_mi_skip_tracking":false,"_exactmetrics_sitenote_active":false,"_exactmetrics_sitenote_note":"","_exactmetrics_sitenote_category":0,"ngg_post_thumbnail":0,"jetpack_post_was_ever_published":false,"_jetpack_newsletter_access":"","footnotes":"","jetpack_publicize_message":"","jetpack_is_tweetstorm":false,"jetpack_publicize_feature_enabled":true,"jetpack_social_post_already_shared":true,"jetpack_social_options":{"image_generator_settings":{"template":"highway","enabled":false}}},"categories":[2],"tags":[259,68,260],"jetpack_publicize_connections":[],"jetpack_featured_media_url":"https:\/\/www.samskitchen.at\/wp-content\/uploads\/2015\/09\/2015-09-25-14.21.37.jpg","jetpack_sharing_enabled":true,"jetpack_shortlink":"https:\/\/wp.me\/p41IW0-yi","_links":{"self":[{"href":"https:\/\/www.samskitchen.at\/index.php?rest_route=\/wp\/v2\/posts\/2126"}],"collection":[{"href":"https:\/\/www.samskitchen.at\/index.php?rest_route=\/wp\/v2\/posts"}],"about":[{"href":"https:\/\/www.samskitchen.at\/index.php?rest_route=\/wp\/v2\/types\/post"}],"author":[{"embeddable":true,"href":"https:\/\/www.samskitchen.at\/index.php?rest_route=\/wp\/v2\/users\/1"}],"replies":[{"embeddable":true,"href":"https:\/\/www.samskitchen.at\/index.php?rest_route=%2Fwp%2Fv2%2Fcomments&post=2126"}],"version-history":[{"count":9,"href":"https:\/\/www.samskitchen.at\/index.php?rest_route=\/wp\/v2\/posts\/2126\/revisions"}],"predecessor-version":[{"id":2141,"href":"https:\/\/www.samskitchen.at\/index.php?rest_route=\/wp\/v2\/posts\/2126\/revisions\/2141"}],"wp:featuredmedia":[{"embeddable":true,"href":"https:\/\/www.samskitchen.at\/index.php?rest_route=\/wp\/v2\/media\/2134"}],"wp:attachment":[{"href":"https:\/\/www.samskitchen.at\/index.php?rest_route=%2Fwp%2Fv2%2Fmedia&parent=2126"}],"wp:term":[{"taxonomy":"category","embeddable":true,"href":"https:\/\/www.samskitchen.at\/index.php?rest_route=%2Fwp%2Fv2%2Fcategories&post=2126"},{"taxonomy":"post_tag","embeddable":true,"href":"https:\/\/www.samskitchen.at\/index.php?rest_route=%2Fwp%2Fv2%2Ftags&post=2126"}],"curies":[{"name":"wp","href":"https:\/\/api.w.org\/{rel}","templated":true}]}}