{"id":2104,"date":"2015-09-21T11:21:40","date_gmt":"2015-09-21T09:21:40","guid":{"rendered":"http:\/\/www.samskitchen.at\/?p=2104"},"modified":"2015-09-21T11:41:24","modified_gmt":"2015-09-21T09:41:24","slug":"griechenland-zwei-tage-in-einer-griechischen-baeckerei","status":"publish","type":"post","link":"https:\/\/www.samskitchen.at\/?p=2104","title":{"rendered":"Griechenland &#8211; zwei Tage in einer griechischen B\u00e4ckerei"},"content":{"rendered":"<p><a href=\"http:\/\/www.samskitchen.at\/?attachment_id=2110#main\" rel=\"attachment wp-att-2110\"><img decoding=\"async\" loading=\"lazy\" class=\"alignnone wp-image-2110 size-large\" src=\"http:\/\/www.samskitchen.at\/wp-content\/uploads\/2015\/09\/2015-09-15-06.37.39-e1442826554951-510x284.jpg\" alt=\"2015-09-15 06.37.39\" width=\"510\" height=\"284\" srcset=\"https:\/\/www.samskitchen.at\/wp-content\/uploads\/2015\/09\/2015-09-15-06.37.39-e1442826554951-510x284.jpg 510w, https:\/\/www.samskitchen.at\/wp-content\/uploads\/2015\/09\/2015-09-15-06.37.39-e1442826554951-300x167.jpg 300w, https:\/\/www.samskitchen.at\/wp-content\/uploads\/2015\/09\/2015-09-15-06.37.39-e1442826554951-330x183.jpg 330w, https:\/\/www.samskitchen.at\/wp-content\/uploads\/2015\/09\/2015-09-15-06.37.39-e1442826554951-530x295.jpg 530w\" sizes=\"(max-width: 510px) 100vw, 510px\" \/><\/a><\/p>\n<p><span style=\"line-height: 1.5;\">Griechenland \u2013 seit meiner fr\u00fchesten Kindheit verfolgt mich dieses wundersch\u00f6ne Land, dass trotz all der vergangenen und gegenw\u00e4rtigen Probleme seinen Liebreiz nicht verloren hat. \u00a0 Wie in den meisten s\u00fcdlichen Regionen wird auch dort zu allen Speisen Brot gereicht. Es ist meistens oder immer Weissbrot in den verschiedensten Variationen. Aber fast immer mit einer splitternden Kruste und sehr weichen Krume. Wenn man das Gl\u00fcck hat, in l\u00e4ndlichen Regionen eine B\u00e4ckerei zu finden, dann erlebt man pl\u00f6tzlich ganz andere Geschmacksrichtungen und auch andere Brotvariationen.<\/span><\/p>\n<p>Ich war mit meiner Familie auf Alonisoss einer kleine Sporadeninsel mit ca. 2000 Einwohnern f\u00fcr zwei Wochen auf Urlaub. Was liegt da f\u00fcr einen Hobbyb\u00e4cker n\u00e4her, als sich nach einer B\u00e4ckerei umzusehen. Auf dieser Insel gibt es aber nur zwei B\u00e4ckereien und diese versorgen die ganze Insel. Im Winter ist dies kein Problem, aber in der Hochsaison, wo alle Urlauber immer frisches Brot haben wollen, stossen diese zwei B\u00e4cker wohl an ihre Grenzen.<\/p>\n<p>Gleich um die Ecke von unseren Hotel fand ich eine B\u00e4ckerei mit einem \u00fcberschaubaren Angebot an Backwaren. Also rein in die gute Stube. Die T\u00fcr hinter dem Verkaufsraum stand auch gerade offen und der B\u00e4cker &#8220; Janis&#8220; machte mit seiner\u00a0Mutter irgend so ein Kokosgeb\u00e4ck mit einer Kirsche drauf &#8211; wunderbarer Geschmack der mich an unsere Kokoskuppeln \u00a0erinnerte. Als ich ihm klarmachte, dass ich ein \u00f6sterr. Hobbyb\u00e4cker bin, war er ganz angetan und zeigte mit seine kleine blitzsaubere B\u00e4ckerei die schon seit Generationen in Familienbesitz ist, von der Backstube bis ins hinterste Eck im Keller. Was mich so begeisterte, war die Tatsache, dass dieser B\u00e4cker, ausschliesslich auf alle Zusatzstoffe und Backmischungen verzichtet und sein Brot nach alter Tradition herstellt. Es ist nat\u00fcrlich nicht so weiss und wattig wie es die meisten Urlauber in Griechenland t\u00e4glich bekommen, daf\u00fcr schmeckt es so richtig \u00a0nach Brot. Zwei Tage bzw. N\u00e4chte hatte ich dann die Gelegenheit in der Backstube die Grundlagen des gr. Brotes kennenzulernen. Werde demn\u00e4chst einiges versuchen mit unseren Mehlen nachzumachen. Lange Teigruhezeiten, wenig Hefe und immer Vorteige die mindesten eine Nachtruhe hinter sich hatten, geh\u00f6rten zu seinen Grundlangen. Was mich verwunderte, diese B\u00e4ckerei produzierte in geringer Menge ein Vollkornweizenbrot mit einer Haltbarkeit von mindestens einer Woche. Obwohl die Griechen in der Regel kein Brot essen, dass schon eine Nacht hinter sich hatte. Ja und handgeschlagene Kaisersemmel aus griechischem Teig sind auch nicht zu verachten. Von diesen waren sie ganz angetan!<\/p>\n<p>Und nun einige Impressionen meiner schlaflosen N\u00e4chte!<a href=\"http:\/\/www.samskitchen.at\/?attachment_id=2110#main\" rel=\"attachment wp-att-2110\"><img decoding=\"async\" loading=\"lazy\" class=\"alignnone wp-image-2112 size-large\" src=\"http:\/\/www.samskitchen.at\/wp-content\/uploads\/2015\/09\/2015-09-15-06.58.36-510x383.jpg\" alt=\"2015-09-15 06.58.36\" width=\"510\" height=\"383\" srcset=\"https:\/\/www.samskitchen.at\/wp-content\/uploads\/2015\/09\/2015-09-15-06.58.36-510x383.jpg 510w, https:\/\/www.samskitchen.at\/wp-content\/uploads\/2015\/09\/2015-09-15-06.58.36-300x225.jpg 300w, https:\/\/www.samskitchen.at\/wp-content\/uploads\/2015\/09\/2015-09-15-06.58.36-330x248.jpg 330w, https:\/\/www.samskitchen.at\/wp-content\/uploads\/2015\/09\/2015-09-15-06.58.36-530x398.jpg 530w\" sizes=\"(max-width: 510px) 100vw, 510px\" \/><\/a><a href=\"http:\/\/www.samskitchen.at\/?attachment_id=2116#main\" rel=\"attachment wp-att-2116\"><img decoding=\"async\" loading=\"lazy\" class=\"alignnone wp-image-2116 size-large\" src=\"http:\/\/www.samskitchen.at\/wp-content\/uploads\/2015\/09\/2015-09-11-13.55.06-510x383.jpg\" alt=\"2015-09-11 13.55.06\" width=\"510\" height=\"383\" srcset=\"https:\/\/www.samskitchen.at\/wp-content\/uploads\/2015\/09\/2015-09-11-13.55.06-510x383.jpg 510w, https:\/\/www.samskitchen.at\/wp-content\/uploads\/2015\/09\/2015-09-11-13.55.06-300x225.jpg 300w, https:\/\/www.samskitchen.at\/wp-content\/uploads\/2015\/09\/2015-09-11-13.55.06-330x248.jpg 330w, https:\/\/www.samskitchen.at\/wp-content\/uploads\/2015\/09\/2015-09-11-13.55.06-530x398.jpg 530w\" sizes=\"(max-width: 510px) 100vw, 510px\" \/><\/a> <a href=\"http:\/\/www.samskitchen.at\/?attachment_id=2114#main\" rel=\"attachment wp-att-2114\"><img decoding=\"async\" loading=\"lazy\" class=\"alignnone wp-image-2114 size-large\" src=\"http:\/\/www.samskitchen.at\/wp-content\/uploads\/2015\/09\/2015-09-14-08.07.07-510x680.jpg\" alt=\"2015-09-14 08.07.07\" width=\"510\" height=\"680\" srcset=\"https:\/\/www.samskitchen.at\/wp-content\/uploads\/2015\/09\/2015-09-14-08.07.07-510x680.jpg 510w, https:\/\/www.samskitchen.at\/wp-content\/uploads\/2015\/09\/2015-09-14-08.07.07-225x300.jpg 225w, https:\/\/www.samskitchen.at\/wp-content\/uploads\/2015\/09\/2015-09-14-08.07.07-330x440.jpg 330w, https:\/\/www.samskitchen.at\/wp-content\/uploads\/2015\/09\/2015-09-14-08.07.07-530x707.jpg 530w\" sizes=\"(max-width: 510px) 100vw, 510px\" \/><\/a> <a href=\"http:\/\/www.samskitchen.at\/?attachment_id=2113#main\" rel=\"attachment wp-att-2113\"><img decoding=\"async\" loading=\"lazy\" class=\"alignnone wp-image-2113 size-large\" src=\"http:\/\/www.samskitchen.at\/wp-content\/uploads\/2015\/09\/2015-09-15-06.57.26-510x383.jpg\" alt=\"2015-09-15 06.57.26\" width=\"510\" height=\"383\" srcset=\"https:\/\/www.samskitchen.at\/wp-content\/uploads\/2015\/09\/2015-09-15-06.57.26-510x383.jpg 510w, https:\/\/www.samskitchen.at\/wp-content\/uploads\/2015\/09\/2015-09-15-06.57.26-300x225.jpg 300w, https:\/\/www.samskitchen.at\/wp-content\/uploads\/2015\/09\/2015-09-15-06.57.26-330x248.jpg 330w, https:\/\/www.samskitchen.at\/wp-content\/uploads\/2015\/09\/2015-09-15-06.57.26-530x398.jpg 530w\" sizes=\"(max-width: 510px) 100vw, 510px\" \/><\/a> <a href=\"http:\/\/www.samskitchen.at\/?attachment_id=2111#main\" rel=\"attachment wp-att-2111\"><img decoding=\"async\" loading=\"lazy\" class=\"alignnone wp-image-2111 size-large\" src=\"http:\/\/www.samskitchen.at\/wp-content\/uploads\/2015\/09\/2015-09-15-06.55.43-510x383.jpg\" alt=\"2015-09-15 06.55.43\" width=\"510\" height=\"383\" srcset=\"https:\/\/www.samskitchen.at\/wp-content\/uploads\/2015\/09\/2015-09-15-06.55.43-510x383.jpg 510w, https:\/\/www.samskitchen.at\/wp-content\/uploads\/2015\/09\/2015-09-15-06.55.43-300x225.jpg 300w, https:\/\/www.samskitchen.at\/wp-content\/uploads\/2015\/09\/2015-09-15-06.55.43-330x248.jpg 330w, https:\/\/www.samskitchen.at\/wp-content\/uploads\/2015\/09\/2015-09-15-06.55.43-530x398.jpg 530w\" sizes=\"(max-width: 510px) 100vw, 510px\" \/><\/a> <a href=\"http:\/\/www.samskitchen.at\/?attachment_id=2109#main\" rel=\"attachment wp-att-2109\"><img decoding=\"async\" loading=\"lazy\" class=\"alignnone wp-image-2109 size-large\" src=\"http:\/\/www.samskitchen.at\/wp-content\/uploads\/2015\/09\/2015-09-15-05.41.15-510x383.jpg\" alt=\"2015-09-15 05.41.15\" width=\"510\" height=\"383\" srcset=\"https:\/\/www.samskitchen.at\/wp-content\/uploads\/2015\/09\/2015-09-15-05.41.15-510x383.jpg 510w, https:\/\/www.samskitchen.at\/wp-content\/uploads\/2015\/09\/2015-09-15-05.41.15-300x225.jpg 300w, https:\/\/www.samskitchen.at\/wp-content\/uploads\/2015\/09\/2015-09-15-05.41.15-330x248.jpg 330w, https:\/\/www.samskitchen.at\/wp-content\/uploads\/2015\/09\/2015-09-15-05.41.15-530x398.jpg 530w\" sizes=\"(max-width: 510px) 100vw, 510px\" \/><\/a> <a href=\"http:\/\/www.samskitchen.at\/?attachment_id=2108#main\" rel=\"attachment wp-att-2108\"><img decoding=\"async\" loading=\"lazy\" class=\"alignnone wp-image-2108 size-large\" src=\"http:\/\/www.samskitchen.at\/wp-content\/uploads\/2015\/09\/2015-09-15-03.48.00-510x383.jpg\" alt=\"2015-09-15 03.48.00\" width=\"510\" height=\"383\" srcset=\"https:\/\/www.samskitchen.at\/wp-content\/uploads\/2015\/09\/2015-09-15-03.48.00-510x383.jpg 510w, https:\/\/www.samskitchen.at\/wp-content\/uploads\/2015\/09\/2015-09-15-03.48.00-300x225.jpg 300w, https:\/\/www.samskitchen.at\/wp-content\/uploads\/2015\/09\/2015-09-15-03.48.00-330x248.jpg 330w, https:\/\/www.samskitchen.at\/wp-content\/uploads\/2015\/09\/2015-09-15-03.48.00-530x398.jpg 530w\" sizes=\"(max-width: 510px) 100vw, 510px\" \/><\/a> <a href=\"http:\/\/www.samskitchen.at\/?attachment_id=2107#main\" rel=\"attachment wp-att-2107\"><img decoding=\"async\" loading=\"lazy\" class=\"alignnone wp-image-2107 size-large\" src=\"http:\/\/www.samskitchen.at\/wp-content\/uploads\/2015\/09\/2015-09-15-03.45.28-510x383.jpg\" alt=\"2015-09-15 03.45.28\" width=\"510\" height=\"383\" srcset=\"https:\/\/www.samskitchen.at\/wp-content\/uploads\/2015\/09\/2015-09-15-03.45.28-510x383.jpg 510w, https:\/\/www.samskitchen.at\/wp-content\/uploads\/2015\/09\/2015-09-15-03.45.28-300x225.jpg 300w, https:\/\/www.samskitchen.at\/wp-content\/uploads\/2015\/09\/2015-09-15-03.45.28-330x248.jpg 330w, https:\/\/www.samskitchen.at\/wp-content\/uploads\/2015\/09\/2015-09-15-03.45.28-530x398.jpg 530w\" sizes=\"(max-width: 510px) 100vw, 510px\" \/><\/a> <a href=\"http:\/\/www.samskitchen.at\/?attachment_id=2106#main\" rel=\"attachment wp-att-2106\"><img decoding=\"async\" loading=\"lazy\" class=\"alignnone wp-image-2106 size-large\" src=\"http:\/\/www.samskitchen.at\/wp-content\/uploads\/2015\/09\/2015-09-15-03.42.24-510x383.jpg\" alt=\"2015-09-15 03.42.24\" width=\"510\" height=\"383\" srcset=\"https:\/\/www.samskitchen.at\/wp-content\/uploads\/2015\/09\/2015-09-15-03.42.24-510x383.jpg 510w, https:\/\/www.samskitchen.at\/wp-content\/uploads\/2015\/09\/2015-09-15-03.42.24-300x225.jpg 300w, https:\/\/www.samskitchen.at\/wp-content\/uploads\/2015\/09\/2015-09-15-03.42.24-330x248.jpg 330w, https:\/\/www.samskitchen.at\/wp-content\/uploads\/2015\/09\/2015-09-15-03.42.24-530x398.jpg 530w\" sizes=\"(max-width: 510px) 100vw, 510px\" \/><\/a> <a href=\"http:\/\/www.samskitchen.at\/?attachment_id=2105#main\" rel=\"attachment wp-att-2105\"><img decoding=\"async\" loading=\"lazy\" class=\"alignnone wp-image-2105 size-large\" src=\"http:\/\/www.samskitchen.at\/wp-content\/uploads\/2015\/09\/2015-09-14-08.41.29-510x383.jpg\" alt=\"2015-09-14 08.41.29\" width=\"510\" height=\"383\" srcset=\"https:\/\/www.samskitchen.at\/wp-content\/uploads\/2015\/09\/2015-09-14-08.41.29-510x383.jpg 510w, https:\/\/www.samskitchen.at\/wp-content\/uploads\/2015\/09\/2015-09-14-08.41.29-300x225.jpg 300w, https:\/\/www.samskitchen.at\/wp-content\/uploads\/2015\/09\/2015-09-14-08.41.29-330x248.jpg 330w, https:\/\/www.samskitchen.at\/wp-content\/uploads\/2015\/09\/2015-09-14-08.41.29-530x398.jpg 530w\" sizes=\"(max-width: 510px) 100vw, 510px\" \/><\/a><\/p>\n","protected":false},"excerpt":{"rendered":"<p>Griechenland \u2013 seit meiner fr\u00fchesten Kindheit verfolgt mich dieses wundersch\u00f6ne Land, dass trotz all der vergangenen und gegenw\u00e4rtigen Probleme seinen Liebreiz nicht verloren hat. \u00a0 Wie in den meisten s\u00fcdlichen Regionen wird auch dort zu allen Speisen Brot gereicht. Es ist meistens oder immer Weissbrot in den verschiedensten Variationen. Aber fast immer mit einer splitternden Kruste und sehr weichen Krume. &hellip;<\/p>\n","protected":false},"author":1,"featured_media":2116,"comment_status":"open","ping_status":"open","sticky":false,"template":"","format":"standard","meta":{"_mi_skip_tracking":false,"_exactmetrics_sitenote_active":false,"_exactmetrics_sitenote_note":"","_exactmetrics_sitenote_category":0,"ngg_post_thumbnail":0,"jetpack_post_was_ever_published":false,"_jetpack_newsletter_access":"","footnotes":"","jetpack_publicize_message":"","jetpack_is_tweetstorm":false,"jetpack_publicize_feature_enabled":true,"jetpack_social_post_already_shared":true,"jetpack_social_options":{"image_generator_settings":{"template":"highway","enabled":false}}},"categories":[2],"tags":[257],"jetpack_publicize_connections":[],"jetpack_featured_media_url":"https:\/\/www.samskitchen.at\/wp-content\/uploads\/2015\/09\/2015-09-11-13.55.06.jpg","jetpack_sharing_enabled":true,"jetpack_shortlink":"https:\/\/wp.me\/p41IW0-xW","_links":{"self":[{"href":"https:\/\/www.samskitchen.at\/index.php?rest_route=\/wp\/v2\/posts\/2104"}],"collection":[{"href":"https:\/\/www.samskitchen.at\/index.php?rest_route=\/wp\/v2\/posts"}],"about":[{"href":"https:\/\/www.samskitchen.at\/index.php?rest_route=\/wp\/v2\/types\/post"}],"author":[{"embeddable":true,"href":"https:\/\/www.samskitchen.at\/index.php?rest_route=\/wp\/v2\/users\/1"}],"replies":[{"embeddable":true,"href":"https:\/\/www.samskitchen.at\/index.php?rest_route=%2Fwp%2Fv2%2Fcomments&post=2104"}],"version-history":[{"count":7,"href":"https:\/\/www.samskitchen.at\/index.php?rest_route=\/wp\/v2\/posts\/2104\/revisions"}],"predecessor-version":[{"id":2123,"href":"https:\/\/www.samskitchen.at\/index.php?rest_route=\/wp\/v2\/posts\/2104\/revisions\/2123"}],"wp:featuredmedia":[{"embeddable":true,"href":"https:\/\/www.samskitchen.at\/index.php?rest_route=\/wp\/v2\/media\/2116"}],"wp:attachment":[{"href":"https:\/\/www.samskitchen.at\/index.php?rest_route=%2Fwp%2Fv2%2Fmedia&parent=2104"}],"wp:term":[{"taxonomy":"category","embeddable":true,"href":"https:\/\/www.samskitchen.at\/index.php?rest_route=%2Fwp%2Fv2%2Fcategories&post=2104"},{"taxonomy":"post_tag","embeddable":true,"href":"https:\/\/www.samskitchen.at\/index.php?rest_route=%2Fwp%2Fv2%2Ftags&post=2104"}],"curies":[{"name":"wp","href":"https:\/\/api.w.org\/{rel}","templated":true}]}}