{"id":2049,"date":"2015-07-06T08:31:09","date_gmt":"2015-07-06T06:31:09","guid":{"rendered":"http:\/\/www.samskitchen.at\/?p=2049"},"modified":"2022-09-18T19:53:13","modified_gmt":"2022-09-18T17:53:13","slug":"pizza-im-holzbackofen","status":"publish","type":"post","link":"https:\/\/www.samskitchen.at\/?p=2049","title":{"rendered":"Pizza aus dem Holzbackofen"},"content":{"rendered":"<p><a href=\"http:\/\/www.samskitchen.at\/?attachment_id=2055#main\" rel=\"attachment wp-att-2055\"><img decoding=\"async\" loading=\"lazy\" class=\"alignnone wp-image-2055 size-large\" src=\"http:\/\/www.samskitchen.at\/wp-content\/uploads\/2015\/06\/2015-07-04-20.55.50-510x383.jpg\" alt=\"2015-07-04 20.55.50\" width=\"510\" height=\"383\" srcset=\"https:\/\/www.samskitchen.at\/wp-content\/uploads\/2015\/06\/2015-07-04-20.55.50-510x383.jpg 510w, https:\/\/www.samskitchen.at\/wp-content\/uploads\/2015\/06\/2015-07-04-20.55.50-300x225.jpg 300w, https:\/\/www.samskitchen.at\/wp-content\/uploads\/2015\/06\/2015-07-04-20.55.50-330x248.jpg 330w, https:\/\/www.samskitchen.at\/wp-content\/uploads\/2015\/06\/2015-07-04-20.55.50-530x398.jpg 530w, https:\/\/www.samskitchen.at\/wp-content\/uploads\/2015\/06\/2015-07-04-20.55.50.jpg 1000w\" sizes=\"(max-width: 510px) 100vw, 510px\" \/><\/a><\/p>\n<p><a href=\"http:\/\/www.samskitchen.at\/?attachment_id=2058#main\" rel=\"attachment wp-att-2058\"><img decoding=\"async\" loading=\"lazy\" class=\"alignnone wp-image-2058 size-large\" src=\"http:\/\/www.samskitchen.at\/wp-content\/uploads\/2015\/07\/2015-06-23-17.49.21-510x391.jpg\" alt=\"2015-06-23 17.49.21\" width=\"510\" height=\"391\" srcset=\"https:\/\/www.samskitchen.at\/wp-content\/uploads\/2015\/07\/2015-06-23-17.49.21-510x391.jpg 510w, https:\/\/www.samskitchen.at\/wp-content\/uploads\/2015\/07\/2015-06-23-17.49.21-300x230.jpg 300w, https:\/\/www.samskitchen.at\/wp-content\/uploads\/2015\/07\/2015-06-23-17.49.21-330x253.jpg 330w, https:\/\/www.samskitchen.at\/wp-content\/uploads\/2015\/07\/2015-06-23-17.49.21-530x407.jpg 530w, https:\/\/www.samskitchen.at\/wp-content\/uploads\/2015\/07\/2015-06-23-17.49.21.jpg 1000w\" sizes=\"(max-width: 510px) 100vw, 510px\" \/><\/a> <a href=\"http:\/\/www.samskitchen.at\/?attachment_id=2059#main\" rel=\"attachment wp-att-2059\"><img decoding=\"async\" loading=\"lazy\" class=\"alignnone wp-image-2059 size-large\" src=\"http:\/\/www.samskitchen.at\/wp-content\/uploads\/2015\/07\/2015-06-23-17.53.12-510x383.jpg\" alt=\"2015-06-23 17.53.12\" width=\"510\" height=\"383\" srcset=\"https:\/\/www.samskitchen.at\/wp-content\/uploads\/2015\/07\/2015-06-23-17.53.12-510x383.jpg 510w, https:\/\/www.samskitchen.at\/wp-content\/uploads\/2015\/07\/2015-06-23-17.53.12-300x225.jpg 300w, https:\/\/www.samskitchen.at\/wp-content\/uploads\/2015\/07\/2015-06-23-17.53.12-330x248.jpg 330w, https:\/\/www.samskitchen.at\/wp-content\/uploads\/2015\/07\/2015-06-23-17.53.12-530x398.jpg 530w, https:\/\/www.samskitchen.at\/wp-content\/uploads\/2015\/07\/2015-06-23-17.53.12.jpg 1000w\" sizes=\"(max-width: 510px) 100vw, 510px\" \/><\/a>Endlich ist es soweit &#8211; mein neuer Holzbackofen in Kuppelform ist fertig. Ausgetrocknet, probebefeuert und f\u00fcr gut befunden.<\/p>\n<p>Heute ist Generalprobe bzw. . 6 &#8211; 7 Stk Pizzen zu je ca. 250 g. Trockenes Buchenholz liegt bereit. Pizzateig ist auch schon seit ca. 24 Stunden im K\u00fchlschrank und wartet darauf in den Ofen geschoben werden.<\/p>\n<p>Wo fang ich an zu erz\u00e4hlen? Das Bauprojekt ist nicht so interessant, das erspare ich Euch. Nur einige Bilder erlaubt mir.<\/p>\n<p>Ach ja &#8211; Pizza. Da kommen &nbsp;Urlaubserinnerungen hoch. \u00dcberall auf der ganzen Welt gibts &#8222;PIZZA&#8220;. Aber darf man solche runden Gebilde eigentlich &#8222;Pizza&#8220; nennen? Nicht alles was sich &#8222;Pizza&#8220; nennt, hat diesen Namen auch verdient. Ich meine richtige Pizza, so wie sie in guten italienischen Pizzerien zelebriert werden. Pizza zubereiten ist eine Kunst die nicht alle sogenannten und selbsternannten Pizzab\u00e4cker beherrschen. Wenn einer einmal seine Lieblingspizza gefunden hat &#8211; bleibt er ihr treu, ausser er findet eine Bessere.<br \/>\nEinen guten Pizzateig zu finden, war mein gr\u00f6sstes Problem. Also hab ich mit einigen Pizzab\u00e4ckern gesprochen, jeder hat seine eigenes Rezept, dass er nur Ansatzweise preisgibt. Auch im Netz gibts unz\u00e4hlige Varianten, die meisten Rezepte sind anscheinend nur f\u00fcr ganz eilige Pizzab\u00e4cker gedacht. Doch auch hier glaub ich braucht der Teig gen\u00fcgend Zeit um nicht nur nach Hefe zu schmecken.<\/p>\n<p>Also um es Kurz zu machen &#8211; hier mein Rezept:<\/p>\n<p>1000g Weizenmehl Tipo &#8222;0&#8220; oder W700<br \/>\n625 g kaltes Wasser<br \/>\n10g frische Hefe<br \/>\n23g Salz<\/p>\n<p>ca. 600g Weizenmehl mit dem Wasser, Salz und der Hefe vermischen und bei Raumtemperatur ca. 20 Minuten anspringen lassen.<\/p>\n<p>Dann das restliche Mehl untermischen und solange kneten bis sich der Teig beginnt von der Sch\u00fcssel zu lassen. Falls das Mehl sehr viel Wasser aufnimmt und der Teig droht zu fest zu werden, einfach Schluckweise mehr Wasser zugeben. Anschliessend g\u00f6nnen wir dem Teig wieder 20 Minuten Pause.<\/p>\n<p>Auf eine gut bemehlte Arbeitsplatte st\u00fctzen und Teiglinge von ca. 250 g abstechen. Diese Rundwirken und jede Teilkugel in einem ca. 500 ml Plastikbeh\u00e4lter geben. Dieser sollte Luftdicht schliessen. Im K\u00fchlschrank lagern sie dann mindestens 12 Stunden, h\u00f6chstens drei Tage. Am Backtag aus dem K\u00fchlschrank nehmen, auf einer mit reichlich bemehlten Arbeitsplatte schnell durchkneten, rund ausrollen oder mit der Hand rund formen &#8211; je nach Geschicklichkeit des Pizzab\u00e4ckers. Oder f\u00fcr ganz ge\u00fcbte &#8211; durch die Luft wirbeln. Nach Wunsch belegen und im gut vorgeheizten Backofen sch\u00f6n backen.<\/p>\n<p>Wer keinen Backofen im Garten hat &#8211; sollte sich unbedingt einen Pizzastein besorgen. Der sorgt f\u00fcr die n\u00f6tige Unterhitze beim Backen.<\/p>\n<p><a href=\"http:\/\/www.samskitchen.at\/?attachment_id=2053#main\" rel=\"attachment wp-att-2053\"><img decoding=\"async\" loading=\"lazy\" class=\"alignnone wp-image-2053 size-large\" src=\"http:\/\/www.samskitchen.at\/wp-content\/uploads\/2015\/06\/2015-07-05-09.15.52-510x501.jpg\" alt=\"2015-07-05 09.15.52\" width=\"510\" height=\"501\" srcset=\"https:\/\/www.samskitchen.at\/wp-content\/uploads\/2015\/06\/2015-07-05-09.15.52-510x501.jpg 510w, https:\/\/www.samskitchen.at\/wp-content\/uploads\/2015\/06\/2015-07-05-09.15.52-300x295.jpg 300w, https:\/\/www.samskitchen.at\/wp-content\/uploads\/2015\/06\/2015-07-05-09.15.52-330x324.jpg 330w, https:\/\/www.samskitchen.at\/wp-content\/uploads\/2015\/06\/2015-07-05-09.15.52-530x520.jpg 530w, https:\/\/www.samskitchen.at\/wp-content\/uploads\/2015\/06\/2015-07-05-09.15.52.jpg 830w\" sizes=\"(max-width: 510px) 100vw, 510px\" \/><\/a><a href=\"http:\/\/www.samskitchen.at\/?attachment_id=2054#main\" rel=\"attachment wp-att-2054\"><img decoding=\"async\" loading=\"lazy\" class=\"alignnone wp-image-2054 size-large\" src=\"http:\/\/www.samskitchen.at\/wp-content\/uploads\/2015\/06\/2015-07-05-09.16.13-510x527.jpg\" alt=\"2015-07-05 09.16.13\" width=\"510\" height=\"527\" srcset=\"https:\/\/www.samskitchen.at\/wp-content\/uploads\/2015\/06\/2015-07-05-09.16.13-510x527.jpg 510w, https:\/\/www.samskitchen.at\/wp-content\/uploads\/2015\/06\/2015-07-05-09.16.13-290x300.jpg 290w, https:\/\/www.samskitchen.at\/wp-content\/uploads\/2015\/06\/2015-07-05-09.16.13-330x341.jpg 330w, https:\/\/www.samskitchen.at\/wp-content\/uploads\/2015\/06\/2015-07-05-09.16.13-530x548.jpg 530w, https:\/\/www.samskitchen.at\/wp-content\/uploads\/2015\/06\/2015-07-05-09.16.13.jpg 922w\" sizes=\"(max-width: 510px) 100vw, 510px\" \/><\/a>Eingereicht bei <a href=\"http:\/\/www.wildyeastblog.com\">Yeastspotting<\/a><\/p>\n<p>&nbsp;<\/p>\n","protected":false},"excerpt":{"rendered":"<p>Endlich ist es soweit &#8211; mein neuer Holzbackofen in Kuppelform ist fertig. Ausgetrocknet, probebefeuert und f\u00fcr gut befunden. Heute ist Generalprobe bzw. . 6 &#8211; 7 Stk Pizzen zu je ca. 250 g. Trockenes Buchenholz liegt bereit. Pizzateig ist auch schon seit ca. 24 Stunden im K\u00fchlschrank und wartet darauf in den Ofen geschoben werden. Wo fang ich an zu &hellip;<\/p>\n","protected":false},"author":1,"featured_media":2055,"comment_status":"open","ping_status":"open","sticky":false,"template":"","format":"standard","meta":{"_mi_skip_tracking":false,"_exactmetrics_sitenote_active":false,"_exactmetrics_sitenote_note":"","_exactmetrics_sitenote_category":0,"ngg_post_thumbnail":0,"jetpack_post_was_ever_published":false,"_jetpack_newsletter_access":"","footnotes":"","jetpack_publicize_message":"","jetpack_is_tweetstorm":false,"jetpack_publicize_feature_enabled":true,"jetpack_social_post_already_shared":true,"jetpack_social_options":{"image_generator_settings":{"template":"highway","enabled":false}}},"categories":[1,3],"tags":[16,21],"jetpack_publicize_connections":[],"jetpack_featured_media_url":"https:\/\/www.samskitchen.at\/wp-content\/uploads\/2015\/06\/2015-07-04-20.55.50.jpg","jetpack_sharing_enabled":true,"jetpack_shortlink":"https:\/\/wp.me\/p41IW0-x3","_links":{"self":[{"href":"https:\/\/www.samskitchen.at\/index.php?rest_route=\/wp\/v2\/posts\/2049"}],"collection":[{"href":"https:\/\/www.samskitchen.at\/index.php?rest_route=\/wp\/v2\/posts"}],"about":[{"href":"https:\/\/www.samskitchen.at\/index.php?rest_route=\/wp\/v2\/types\/post"}],"author":[{"embeddable":true,"href":"https:\/\/www.samskitchen.at\/index.php?rest_route=\/wp\/v2\/users\/1"}],"replies":[{"embeddable":true,"href":"https:\/\/www.samskitchen.at\/index.php?rest_route=%2Fwp%2Fv2%2Fcomments&post=2049"}],"version-history":[{"count":9,"href":"https:\/\/www.samskitchen.at\/index.php?rest_route=\/wp\/v2\/posts\/2049\/revisions"}],"predecessor-version":[{"id":4220,"href":"https:\/\/www.samskitchen.at\/index.php?rest_route=\/wp\/v2\/posts\/2049\/revisions\/4220"}],"wp:featuredmedia":[{"embeddable":true,"href":"https:\/\/www.samskitchen.at\/index.php?rest_route=\/wp\/v2\/media\/2055"}],"wp:attachment":[{"href":"https:\/\/www.samskitchen.at\/index.php?rest_route=%2Fwp%2Fv2%2Fmedia&parent=2049"}],"wp:term":[{"taxonomy":"category","embeddable":true,"href":"https:\/\/www.samskitchen.at\/index.php?rest_route=%2Fwp%2Fv2%2Fcategories&post=2049"},{"taxonomy":"post_tag","embeddable":true,"href":"https:\/\/www.samskitchen.at\/index.php?rest_route=%2Fwp%2Fv2%2Ftags&post=2049"}],"curies":[{"name":"wp","href":"https:\/\/api.w.org\/{rel}","templated":true}]}}