{"id":1937,"date":"2015-03-29T13:13:02","date_gmt":"2015-03-29T11:13:02","guid":{"rendered":"http:\/\/www.samskitchen.at\/?p=1937"},"modified":"2015-03-29T13:13:02","modified_gmt":"2015-03-29T11:13:02","slug":"ciabatta","status":"publish","type":"post","link":"https:\/\/www.samskitchen.at\/?p=1937","title":{"rendered":"Ciabatta"},"content":{"rendered":"<p><a href=\"http:\/\/www.samskitchen.at\/?attachment_id=1948#main\" rel=\"attachment wp-att-1948\"><img decoding=\"async\" loading=\"lazy\" class=\"alignnone wp-image-1948 size-large\" src=\"http:\/\/www.samskitchen.at\/wp-content\/uploads\/2015\/03\/2015-03-28-19.03.12-510x383.jpg\" alt=\"2015-03-28 19.03.12\" width=\"510\" height=\"383\" srcset=\"https:\/\/www.samskitchen.at\/wp-content\/uploads\/2015\/03\/2015-03-28-19.03.12-510x383.jpg 510w, https:\/\/www.samskitchen.at\/wp-content\/uploads\/2015\/03\/2015-03-28-19.03.12-300x225.jpg 300w, https:\/\/www.samskitchen.at\/wp-content\/uploads\/2015\/03\/2015-03-28-19.03.12-330x248.jpg 330w, https:\/\/www.samskitchen.at\/wp-content\/uploads\/2015\/03\/2015-03-28-19.03.12-530x398.jpg 530w, https:\/\/www.samskitchen.at\/wp-content\/uploads\/2015\/03\/2015-03-28-19.03.12.jpg 750w\" sizes=\"(max-width: 510px) 100vw, 510px\" \/><\/a>Eigentlich wollte ich schon des \u00f6fteren &#8222;Ciabatta&#8220; backen. Aber aus irgendwelchen Gr\u00fcnden hab ich vor einiger Zeit ein Dinkelciabatta \u00a0gebacken (obwohl ich eigentlich keinen Dinkel mag). Heute versuche ich ein ganz normales Ciabatta mit italienischem Tipo 0. F\u00fcrs Bemehlen hab ich Semola di grano duro rimacinata genommen.<\/p>\n<p>Ciabatta \u00a0ist eine Brotsorte italienischer Herkunft aus Weizenmehl, Salz, Hefe, Wasser und Oliven\u00f6l. \u00dcbersetzt ins Deutsche bedeutet Ciabatta Pantoffel, was von der \u00fcblich flachen, breiten und langgezogenen Form des Brotes herr\u00fchren soll. Das Brot wird meist mit Weizensauerteig zus\u00e4tzlich zur Hefe produziert, was sowohl f\u00fcr die Lockerung als auch das Aroma sorgt.<\/p>\n<p>Dieses Geb\u00e4ck verf\u00fcgt \u00fcber eine ungleichm\u00e4\u00dfige und grobe Porung und kr\u00e4ftige Kruste. \u00a0Der Teigling muss schonend aufgearbeitet werden, damit die grobe Struktur erhalten bleibt. \u00a0Angebacken wird das Geb\u00e4ck hei\u00df bei 250 \u00b0C, um dann bei 200 \u00b0C ausgebacken zu werden.<\/p>\n<p><strong style=\"line-height: 1.5;\">Weizensauerteig<\/strong><\/p>\n<p>70\u00a0g Weizenmehl Tipo 0<br \/>\n70\u00a0g Wasser<br \/>\n10\u00a0g Anstellgut<\/p>\n<p><strong>Hauptteig<\/strong><\/p>\n<p>Sauerteig<br \/>\n500\u00a0g Weizenmehl\u00a0Tipo 0<br \/>\n350\u00a0g Wasser<br \/>\n14\u00a0g Salz<br \/>\n3\u00a0g Frischhefe<br \/>\n10\u00a0g Oliven\u00f6l<br \/>\nDie Sauerteigzutaten mischen und 16-20 Stunden reifen lassen.<\/p>\n<p>Anschlie\u00dfend die Hefe in Wasser l\u00f6sen und 30 Minuten ruhen lassen.<\/p>\n<p>Nun s\u00e4mtliche andere Zutaten 5 Minuten auf niedrigster und 5 Minuten auf zweiter Stufe unterkneten.<\/p>\n<p>2 Stunden Gare, dabei alle 30 Minuten falten. Der Teig sollte sich in dieser Zeit noch nicht verdoppelt haben.<\/p>\n<p>Den weichen, aber straffen Teig in vier\u00a0Teile teilen und 45 Minuten im bemehlten B\u00e4ckerleinen gehen lassen.<\/p>\n<p>Die Teiglinge mit der bemehlten Seite nach oben auf Backpapier setzen und nochmals 45 Minuten abgedeckt zur Gare stellen.<\/p>\n<p>Bei 250\u00b0C fallend auf 200\u00b0C 25 Minuten mit Schwaden\u00a0backen.<\/p>\n<p><a href=\"http:\/\/www.samskitchen.at\/?attachment_id=1941#main\" rel=\"attachment wp-att-1941\"><img decoding=\"async\" loading=\"lazy\" class=\"alignnone wp-image-1941 size-large\" src=\"http:\/\/www.samskitchen.at\/wp-content\/uploads\/2015\/03\/2015-03-28-16.50.18-510x383.jpg\" alt=\"2015-03-28 16.50.18\" width=\"510\" height=\"383\" srcset=\"https:\/\/www.samskitchen.at\/wp-content\/uploads\/2015\/03\/2015-03-28-16.50.18-510x383.jpg 510w, https:\/\/www.samskitchen.at\/wp-content\/uploads\/2015\/03\/2015-03-28-16.50.18-300x225.jpg 300w, https:\/\/www.samskitchen.at\/wp-content\/uploads\/2015\/03\/2015-03-28-16.50.18-330x248.jpg 330w, https:\/\/www.samskitchen.at\/wp-content\/uploads\/2015\/03\/2015-03-28-16.50.18-530x398.jpg 530w, https:\/\/www.samskitchen.at\/wp-content\/uploads\/2015\/03\/2015-03-28-16.50.18.jpg 1000w\" sizes=\"(max-width: 510px) 100vw, 510px\" \/><\/a> <a href=\"http:\/\/www.samskitchen.at\/?attachment_id=1942#main\" rel=\"attachment wp-att-1942\"><img decoding=\"async\" loading=\"lazy\" class=\"alignnone wp-image-1942 size-large\" src=\"http:\/\/www.samskitchen.at\/wp-content\/uploads\/2015\/03\/2015-03-28-16.50.12-510x383.jpg\" alt=\"2015-03-28 16.50.12\" width=\"510\" height=\"383\" srcset=\"https:\/\/www.samskitchen.at\/wp-content\/uploads\/2015\/03\/2015-03-28-16.50.12-510x383.jpg 510w, https:\/\/www.samskitchen.at\/wp-content\/uploads\/2015\/03\/2015-03-28-16.50.12-300x225.jpg 300w, https:\/\/www.samskitchen.at\/wp-content\/uploads\/2015\/03\/2015-03-28-16.50.12-330x248.jpg 330w, https:\/\/www.samskitchen.at\/wp-content\/uploads\/2015\/03\/2015-03-28-16.50.12-530x398.jpg 530w, https:\/\/www.samskitchen.at\/wp-content\/uploads\/2015\/03\/2015-03-28-16.50.12.jpg 1000w\" sizes=\"(max-width: 510px) 100vw, 510px\" \/><\/a><a href=\"http:\/\/www.samskitchen.at\/?attachment_id=1939#main\" rel=\"attachment wp-att-1939\"><img decoding=\"async\" loading=\"lazy\" class=\"alignnone wp-image-1939 size-large\" src=\"http:\/\/www.samskitchen.at\/wp-content\/uploads\/2015\/03\/2015-03-28-16.30.43-510x383.jpg\" alt=\"2015-03-28 16.30.43\" width=\"510\" height=\"383\" srcset=\"https:\/\/www.samskitchen.at\/wp-content\/uploads\/2015\/03\/2015-03-28-16.30.43-510x383.jpg 510w, https:\/\/www.samskitchen.at\/wp-content\/uploads\/2015\/03\/2015-03-28-16.30.43-300x225.jpg 300w, https:\/\/www.samskitchen.at\/wp-content\/uploads\/2015\/03\/2015-03-28-16.30.43-330x248.jpg 330w, https:\/\/www.samskitchen.at\/wp-content\/uploads\/2015\/03\/2015-03-28-16.30.43-530x398.jpg 530w, https:\/\/www.samskitchen.at\/wp-content\/uploads\/2015\/03\/2015-03-28-16.30.43.jpg 1000w\" sizes=\"(max-width: 510px) 100vw, 510px\" \/><\/a><a href=\"http:\/\/www.samskitchen.at\/?attachment_id=1947#main\" rel=\"attachment wp-att-1947\"><img decoding=\"async\" loading=\"lazy\" class=\"alignnone wp-image-1947 size-large\" src=\"http:\/\/www.samskitchen.at\/wp-content\/uploads\/2015\/03\/2015-03-28-19.02.28-510x383.jpg\" alt=\"2015-03-28 19.02.28\" width=\"510\" height=\"383\" srcset=\"https:\/\/www.samskitchen.at\/wp-content\/uploads\/2015\/03\/2015-03-28-19.02.28-510x383.jpg 510w, https:\/\/www.samskitchen.at\/wp-content\/uploads\/2015\/03\/2015-03-28-19.02.28-300x225.jpg 300w, https:\/\/www.samskitchen.at\/wp-content\/uploads\/2015\/03\/2015-03-28-19.02.28-330x248.jpg 330w, https:\/\/www.samskitchen.at\/wp-content\/uploads\/2015\/03\/2015-03-28-19.02.28-530x398.jpg 530w, https:\/\/www.samskitchen.at\/wp-content\/uploads\/2015\/03\/2015-03-28-19.02.28.jpg 1000w\" sizes=\"(max-width: 510px) 100vw, 510px\" \/><\/a>eingereicht bei <a href=\"http:\/\/www.wildyeastblog.com\/yeastspotting\/\">Yeastspotting<\/a><\/p>\n<p>&nbsp;<\/p>\n","protected":false},"excerpt":{"rendered":"<p>Eigentlich wollte ich schon des \u00f6fteren &#8222;Ciabatta&#8220; backen. Aber aus irgendwelchen Gr\u00fcnden hab ich vor einiger Zeit ein Dinkelciabatta \u00a0gebacken (obwohl ich eigentlich keinen Dinkel mag). Heute versuche ich ein ganz normales Ciabatta mit italienischem Tipo 0. F\u00fcrs Bemehlen hab ich Semola di grano duro rimacinata genommen. Ciabatta \u00a0ist eine Brotsorte italienischer Herkunft aus Weizenmehl, Salz, Hefe, Wasser und Oliven\u00f6l. &hellip;<\/p>\n","protected":false},"author":1,"featured_media":1948,"comment_status":"open","ping_status":"open","sticky":false,"template":"","format":"standard","meta":{"_mi_skip_tracking":false,"_exactmetrics_sitenote_active":false,"_exactmetrics_sitenote_note":"","_exactmetrics_sitenote_category":0,"ngg_post_thumbnail":0,"jetpack_post_was_ever_published":false,"_jetpack_newsletter_access":"","footnotes":"","jetpack_publicize_message":"","jetpack_is_tweetstorm":false,"jetpack_publicize_feature_enabled":true,"jetpack_social_post_already_shared":true,"jetpack_social_options":{"image_generator_settings":{"template":"highway","enabled":false}}},"categories":[2],"tags":[251,111,35,219],"jetpack_publicize_connections":[],"jetpack_featured_media_url":"https:\/\/www.samskitchen.at\/wp-content\/uploads\/2015\/03\/2015-03-28-19.03.12.jpg","jetpack_sharing_enabled":true,"jetpack_shortlink":"https:\/\/wp.me\/s41IW0-ciabatta","_links":{"self":[{"href":"https:\/\/www.samskitchen.at\/index.php?rest_route=\/wp\/v2\/posts\/1937"}],"collection":[{"href":"https:\/\/www.samskitchen.at\/index.php?rest_route=\/wp\/v2\/posts"}],"about":[{"href":"https:\/\/www.samskitchen.at\/index.php?rest_route=\/wp\/v2\/types\/post"}],"author":[{"embeddable":true,"href":"https:\/\/www.samskitchen.at\/index.php?rest_route=\/wp\/v2\/users\/1"}],"replies":[{"embeddable":true,"href":"https:\/\/www.samskitchen.at\/index.php?rest_route=%2Fwp%2Fv2%2Fcomments&post=1937"}],"version-history":[{"count":6,"href":"https:\/\/www.samskitchen.at\/index.php?rest_route=\/wp\/v2\/posts\/1937\/revisions"}],"predecessor-version":[{"id":1951,"href":"https:\/\/www.samskitchen.at\/index.php?rest_route=\/wp\/v2\/posts\/1937\/revisions\/1951"}],"wp:featuredmedia":[{"embeddable":true,"href":"https:\/\/www.samskitchen.at\/index.php?rest_route=\/wp\/v2\/media\/1948"}],"wp:attachment":[{"href":"https:\/\/www.samskitchen.at\/index.php?rest_route=%2Fwp%2Fv2%2Fmedia&parent=1937"}],"wp:term":[{"taxonomy":"category","embeddable":true,"href":"https:\/\/www.samskitchen.at\/index.php?rest_route=%2Fwp%2Fv2%2Fcategories&post=1937"},{"taxonomy":"post_tag","embeddable":true,"href":"https:\/\/www.samskitchen.at\/index.php?rest_route=%2Fwp%2Fv2%2Ftags&post=1937"}],"curies":[{"name":"wp","href":"https:\/\/api.w.org\/{rel}","templated":true}]}}