{"id":1909,"date":"2015-03-19T12:05:07","date_gmt":"2015-03-19T11:05:07","guid":{"rendered":"http:\/\/www.samskitchen.at\/?p=1909"},"modified":"2017-02-07T22:37:43","modified_gmt":"2017-02-07T21:37:43","slug":"panini","status":"publish","type":"post","link":"https:\/\/www.samskitchen.at\/?p=1909","title":{"rendered":"Panini\u00a0\u00a0(semola di grano duro rimacinata)"},"content":{"rendered":"<p><a href=\"http:\/\/www.samskitchen.at\/?attachment_id=1913#main\" rel=\"attachment wp-att-1913\"><img decoding=\"async\" loading=\"lazy\" class=\"alignnone wp-image-1913 size-large\" src=\"http:\/\/www.samskitchen.at\/wp-content\/uploads\/2015\/03\/2015-03-18-10.43.39-510x383.jpg\" alt=\"2015-03-18 10.43.39\" width=\"510\" height=\"383\" srcset=\"https:\/\/www.samskitchen.at\/wp-content\/uploads\/2015\/03\/2015-03-18-10.43.39-510x383.jpg 510w, https:\/\/www.samskitchen.at\/wp-content\/uploads\/2015\/03\/2015-03-18-10.43.39-300x225.jpg 300w, https:\/\/www.samskitchen.at\/wp-content\/uploads\/2015\/03\/2015-03-18-10.43.39-330x248.jpg 330w, https:\/\/www.samskitchen.at\/wp-content\/uploads\/2015\/03\/2015-03-18-10.43.39-530x398.jpg 530w, https:\/\/www.samskitchen.at\/wp-content\/uploads\/2015\/03\/2015-03-18-10.43.39.jpg 1000w\" sizes=\"(max-width: 510px) 100vw, 510px\" \/><\/a><\/p>\n<p>Zweimal die Woche kommt ein italienischer &nbsp;Marktfierant nach Klagenfurt. Einmal bietet er in Waidmannsdorf und das andere mal am Benediktinerplatz seine Waren feil. Wunderbare Weine, K\u00e4se, Wust und Prosciutto, eingelegtes Gem\u00fcse, Oliven und getrocknete Tomaten u.s.w. Ich kann nicht vorbeigehen um nicht ein Glas Friulano, Merlot, Chardonnay, Malvasia oder Sauvignon zu verkosten. Wein macht hungrig. Ein St\u00fcck K\u00e4se, Mortadella oder Sobressa oder doch lieber einen Lardo &#8211; egal &#8211; alles auf einen Teller und ein Panino dazu. Bruno heisst der H\u00e4ndler und seine Frau Barbara &#8211; Eilig darfst du es nicht haben. In aller Ruhe und ohne Hektik wirst du bedient und die kennen alle ihre Kunden beim Namen &#8211; keine Ahnung wie die das machen. Dort bekommst du auch wunderbare zarte und r\u00f6sche Panini auf Hartweizenmehl. Und das versuch ich jetzt auch.<\/p>\n<p><a href=\"http:\/\/www.samskitchen.at\/?attachment_id=1914#main\" rel=\"attachment wp-att-1914\"><img decoding=\"async\" loading=\"lazy\" class=\"alignnone wp-image-1914 size-large\" src=\"http:\/\/www.samskitchen.at\/wp-content\/uploads\/2015\/03\/2015-03-16-17.27.52-510x383.jpg\" alt=\"2015-03-16 17.27.52\" width=\"510\" height=\"383\" srcset=\"https:\/\/www.samskitchen.at\/wp-content\/uploads\/2015\/03\/2015-03-16-17.27.52-510x383.jpg 510w, https:\/\/www.samskitchen.at\/wp-content\/uploads\/2015\/03\/2015-03-16-17.27.52-300x225.jpg 300w, https:\/\/www.samskitchen.at\/wp-content\/uploads\/2015\/03\/2015-03-16-17.27.52-330x248.jpg 330w, https:\/\/www.samskitchen.at\/wp-content\/uploads\/2015\/03\/2015-03-16-17.27.52-530x398.jpg 530w, https:\/\/www.samskitchen.at\/wp-content\/uploads\/2015\/03\/2015-03-16-17.27.52.jpg 800w\" sizes=\"(max-width: 510px) 100vw, 510px\" \/><\/a><\/p>\n<p>Rezept:<\/p>\n<p>Salz-Hefe-Mischung:<br \/>\n15 g Frischgerm<br \/>\n12 g Salz<br \/>\n100 g Wasser<\/p>\n<p>Hauptteig:<br \/>\nSalz-Hefe-Mischung<br \/>\n270&nbsp;g Weizenmehl Manitoba oder das Italienische Tippo 00<br \/>\n270 g&nbsp;Semola di grano duro rimacinata (ital. Hanzweizenmehl)<br \/>\n250&nbsp;g Wasser<br \/>\n15 g Zucker<br \/>\n30 g Oliven\u00f6l<\/p>\n<p>Bei der Herstellung der Salz-Hefe-Mischung, Hefe, Salz und Wasser vermischen und \u00fcber Nacht in den K\u00fchlschrank stellen.<\/p>\n<p>F\u00fcr den Hauptteig alle Zutaten au\u00dfer dem \u00d6l 5 Minuten auf kleinster Stufe der Knetmaschine vermengen, dann weitere 10 Minuten auf der zweiten Stufe.Anschlie\u00dfend das \u00d6l dazugeben und 10 Minuten weiter kneten bis sich der Teig vom Sch\u00fcsselboden l\u00f6st.<br \/>\nDann den Teig ca. 90 Minuten bei 24 Grad gehen lasen. (Sch\u00fcssel in einen Plastiksack stecken und luftdicht verschliessen)<br \/>\nKr\u00e4ftig aussto\u00dfen um das Kohlenstoffdioxid herauszudr\u00fccken.<br \/>\nDen Teig rundwirken und entspannen lassen. (ca. 15 Min.)<\/p>\n<p>Teiglinge zu je 55 g abstechen und ebenfalls Rundwirken und wieder entspannen lassen. Die Teiglinge zu l\u00e4nglichen W\u00fcrsten formen und mit dem Nudelholz flach ausrollen, wie auf dem Bild gezeigt.<\/p>\n<p><a href=\"http:\/\/www.samskitchen.at\/?attachment_id=1541#main\" rel=\"attachment wp-att-1541\"><img decoding=\"async\" loading=\"lazy\" class=\"alignnone wp-image-1541 size-large\" src=\"http:\/\/www.samskitchen.at\/wp-content\/uploads\/2014\/09\/2014-09-23-17.05.44-510x382.jpg\" alt=\"2014-09-23 17.05.44\" width=\"510\" height=\"382\" srcset=\"https:\/\/www.samskitchen.at\/wp-content\/uploads\/2014\/09\/2014-09-23-17.05.44-510x382.jpg 510w, https:\/\/www.samskitchen.at\/wp-content\/uploads\/2014\/09\/2014-09-23-17.05.44-300x225.jpg 300w, https:\/\/www.samskitchen.at\/wp-content\/uploads\/2014\/09\/2014-09-23-17.05.44-330x247.jpg 330w, https:\/\/www.samskitchen.at\/wp-content\/uploads\/2014\/09\/2014-09-23-17.05.44-530x397.jpg 530w, https:\/\/www.samskitchen.at\/wp-content\/uploads\/2014\/09\/2014-09-23-17.05.44.jpg 1200w\" sizes=\"(max-width: 510px) 100vw, 510px\" \/><\/a><\/p>\n<p>Diese Teilfladen dann straff aufrollen und mit dem Schluss nach unten auf ein Backblech legen. Luftdicht abdecken (ich steck das ganze Blech in einen sauberen M\u00fcllsack) und ca. 45 Minuten bei 24 Grad gehen lassen. Sie sollten sch\u00f6n aufgegangen sein. Dann mit einer Mischung aus Wasser und Kartoffelst\u00e4rke einpinseln. (100 ml Wasser und eine Messerspitze St\u00e4rke in kochendem Wasser aufl\u00f6sen) Die Teiglinge k\u00f6nnen dann noch in Hartweizenmehl gew\u00e4lzt werden. Dadurch wird die Kruste noch r\u00f6scher.<\/p>\n<p><a href=\"http:\/\/www.samskitchen.at\/?attachment_id=670#main\" rel=\"attachment wp-att-670\"><img decoding=\"async\" loading=\"lazy\" class=\"alignnone wp-image-670 size-large\" src=\"http:\/\/www.samskitchen.at\/wp-content\/uploads\/2014\/01\/2014-01-03-09.56.30-510x504.jpg\" alt=\"2014-01-03 09.56.30\" width=\"510\" height=\"504\" srcset=\"https:\/\/www.samskitchen.at\/wp-content\/uploads\/2014\/01\/2014-01-03-09.56.30-510x504.jpg 510w, https:\/\/www.samskitchen.at\/wp-content\/uploads\/2014\/01\/2014-01-03-09.56.30-300x296.jpg 300w, https:\/\/www.samskitchen.at\/wp-content\/uploads\/2014\/01\/2014-01-03-09.56.30-530x524.jpg 530w, https:\/\/www.samskitchen.at\/wp-content\/uploads\/2014\/01\/2014-01-03-09.56.30.jpg 1982w\" sizes=\"(max-width: 510px) 100vw, 510px\" \/><\/a><\/p>\n<p>In der Zwischenzeit den Backofen kr\u00e4ftig aufheizen. Die Panini mit Schwaden ca. 10 Minuten bei 230 Grad backen. Dann den Schwaden ablassen und fallend auf 200 Grad schon backen bis sie goldgelb sind (bei mir waren es 17 Minuten). Achtung: nicht zu dunkel werden lassen.<\/p>\n<p><a href=\"http:\/\/www.samskitchen.at\/?attachment_id=1919#main\" rel=\"attachment wp-att-1919\"><img decoding=\"async\" loading=\"lazy\" class=\"alignnone wp-image-1919 size-large\" src=\"http:\/\/www.samskitchen.at\/wp-content\/uploads\/2015\/03\/2015-03-16-17.28.56-510x383.jpg\" alt=\"2015-03-16 17.28.56\" width=\"510\" height=\"383\" srcset=\"https:\/\/www.samskitchen.at\/wp-content\/uploads\/2015\/03\/2015-03-16-17.28.56-510x383.jpg 510w, https:\/\/www.samskitchen.at\/wp-content\/uploads\/2015\/03\/2015-03-16-17.28.56-300x225.jpg 300w, https:\/\/www.samskitchen.at\/wp-content\/uploads\/2015\/03\/2015-03-16-17.28.56-330x248.jpg 330w, https:\/\/www.samskitchen.at\/wp-content\/uploads\/2015\/03\/2015-03-16-17.28.56-530x398.jpg 530w, https:\/\/www.samskitchen.at\/wp-content\/uploads\/2015\/03\/2015-03-16-17.28.56.jpg 1000w\" sizes=\"(max-width: 510px) 100vw, 510px\" \/><\/a> <a href=\"http:\/\/www.samskitchen.at\/?attachment_id=1918#main\" rel=\"attachment wp-att-1918\"><img decoding=\"async\" loading=\"lazy\" class=\"alignnone wp-image-1918 size-large\" src=\"http:\/\/www.samskitchen.at\/wp-content\/uploads\/2015\/03\/2015-03-16-17.28.38-510x383.jpg\" alt=\"2015-03-16 17.28.38\" width=\"510\" height=\"383\" srcset=\"https:\/\/www.samskitchen.at\/wp-content\/uploads\/2015\/03\/2015-03-16-17.28.38-510x383.jpg 510w, https:\/\/www.samskitchen.at\/wp-content\/uploads\/2015\/03\/2015-03-16-17.28.38-300x225.jpg 300w, https:\/\/www.samskitchen.at\/wp-content\/uploads\/2015\/03\/2015-03-16-17.28.38-330x248.jpg 330w, https:\/\/www.samskitchen.at\/wp-content\/uploads\/2015\/03\/2015-03-16-17.28.38-530x398.jpg 530w, https:\/\/www.samskitchen.at\/wp-content\/uploads\/2015\/03\/2015-03-16-17.28.38.jpg 800w\" sizes=\"(max-width: 510px) 100vw, 510px\" \/><\/a> <a href=\"http:\/\/www.samskitchen.at\/?attachment_id=1917#main\" rel=\"attachment wp-att-1917\"><img decoding=\"async\" loading=\"lazy\" class=\"alignnone wp-image-1917 size-large\" src=\"http:\/\/www.samskitchen.at\/wp-content\/uploads\/2015\/03\/2015-03-16-17.28.10-510x383.jpg\" alt=\"2015-03-16 17.28.10\" width=\"510\" height=\"383\" srcset=\"https:\/\/www.samskitchen.at\/wp-content\/uploads\/2015\/03\/2015-03-16-17.28.10-510x383.jpg 510w, https:\/\/www.samskitchen.at\/wp-content\/uploads\/2015\/03\/2015-03-16-17.28.10-300x225.jpg 300w, https:\/\/www.samskitchen.at\/wp-content\/uploads\/2015\/03\/2015-03-16-17.28.10-330x248.jpg 330w, https:\/\/www.samskitchen.at\/wp-content\/uploads\/2015\/03\/2015-03-16-17.28.10-530x398.jpg 530w, https:\/\/www.samskitchen.at\/wp-content\/uploads\/2015\/03\/2015-03-16-17.28.10.jpg 800w\" sizes=\"(max-width: 510px) 100vw, 510px\" \/><\/a> <a href=\"http:\/\/www.samskitchen.at\/?attachment_id=1914#main\" rel=\"attachment wp-att-1914\"><img decoding=\"async\" loading=\"lazy\" class=\"alignnone wp-image-1914 size-large\" src=\"http:\/\/www.samskitchen.at\/wp-content\/uploads\/2015\/03\/2015-03-16-17.27.52-510x383.jpg\" alt=\"2015-03-16 17.27.52\" width=\"510\" height=\"383\" srcset=\"https:\/\/www.samskitchen.at\/wp-content\/uploads\/2015\/03\/2015-03-16-17.27.52-510x383.jpg 510w, https:\/\/www.samskitchen.at\/wp-content\/uploads\/2015\/03\/2015-03-16-17.27.52-300x225.jpg 300w, https:\/\/www.samskitchen.at\/wp-content\/uploads\/2015\/03\/2015-03-16-17.27.52-330x248.jpg 330w, https:\/\/www.samskitchen.at\/wp-content\/uploads\/2015\/03\/2015-03-16-17.27.52-530x398.jpg 530w, https:\/\/www.samskitchen.at\/wp-content\/uploads\/2015\/03\/2015-03-16-17.27.52.jpg 800w\" sizes=\"(max-width: 510px) 100vw, 510px\" \/><\/a><\/p>\n<p>Eingereicht bei <a href=\"http:\/\/www.wildyeastblog.com\/yeastspotting\/\">Yeastspotting<\/a><\/p>\n","protected":false},"excerpt":{"rendered":"<p>Zweimal die Woche kommt ein italienischer &nbsp;Marktfierant nach Klagenfurt. Einmal bietet er in Waidmannsdorf und das andere mal am Benediktinerplatz seine Waren feil. Wunderbare Weine, K\u00e4se, Wust und Prosciutto, eingelegtes Gem\u00fcse, Oliven und getrocknete Tomaten u.s.w. Ich kann nicht vorbeigehen um nicht ein Glas Friulano, Merlot, Chardonnay, Malvasia oder Sauvignon zu verkosten. Wein macht hungrig. Ein St\u00fcck K\u00e4se, Mortadella oder &hellip;<\/p>\n","protected":false},"author":1,"featured_media":1914,"comment_status":"open","ping_status":"open","sticky":false,"template":"","format":"standard","meta":{"_mi_skip_tracking":false,"_exactmetrics_sitenote_active":false,"_exactmetrics_sitenote_note":"","_exactmetrics_sitenote_category":0,"ngg_post_thumbnail":0,"jetpack_post_was_ever_published":false,"_jetpack_newsletter_access":"","footnotes":"","jetpack_publicize_message":"","jetpack_is_tweetstorm":false,"jetpack_publicize_feature_enabled":true,"jetpack_social_post_already_shared":true,"jetpack_social_options":{"image_generator_settings":{"template":"highway","enabled":false}}},"categories":[2],"tags":[250,96,101,167,139],"jetpack_publicize_connections":[],"jetpack_featured_media_url":"https:\/\/www.samskitchen.at\/wp-content\/uploads\/2015\/03\/2015-03-16-17.27.52.jpg","jetpack_sharing_enabled":true,"jetpack_shortlink":"https:\/\/wp.me\/s41IW0-panini","_links":{"self":[{"href":"https:\/\/www.samskitchen.at\/index.php?rest_route=\/wp\/v2\/posts\/1909"}],"collection":[{"href":"https:\/\/www.samskitchen.at\/index.php?rest_route=\/wp\/v2\/posts"}],"about":[{"href":"https:\/\/www.samskitchen.at\/index.php?rest_route=\/wp\/v2\/types\/post"}],"author":[{"embeddable":true,"href":"https:\/\/www.samskitchen.at\/index.php?rest_route=\/wp\/v2\/users\/1"}],"replies":[{"embeddable":true,"href":"https:\/\/www.samskitchen.at\/index.php?rest_route=%2Fwp%2Fv2%2Fcomments&post=1909"}],"version-history":[{"count":11,"href":"https:\/\/www.samskitchen.at\/index.php?rest_route=\/wp\/v2\/posts\/1909\/revisions"}],"predecessor-version":[{"id":2914,"href":"https:\/\/www.samskitchen.at\/index.php?rest_route=\/wp\/v2\/posts\/1909\/revisions\/2914"}],"wp:featuredmedia":[{"embeddable":true,"href":"https:\/\/www.samskitchen.at\/index.php?rest_route=\/wp\/v2\/media\/1914"}],"wp:attachment":[{"href":"https:\/\/www.samskitchen.at\/index.php?rest_route=%2Fwp%2Fv2%2Fmedia&parent=1909"}],"wp:term":[{"taxonomy":"category","embeddable":true,"href":"https:\/\/www.samskitchen.at\/index.php?rest_route=%2Fwp%2Fv2%2Fcategories&post=1909"},{"taxonomy":"post_tag","embeddable":true,"href":"https:\/\/www.samskitchen.at\/index.php?rest_route=%2Fwp%2Fv2%2Ftags&post=1909"}],"curies":[{"name":"wp","href":"https:\/\/api.w.org\/{rel}","templated":true}]}}