{"id":1868,"date":"2015-03-03T17:42:25","date_gmt":"2015-03-03T16:42:25","guid":{"rendered":"http:\/\/www.samskitchen.at\/?p=1868"},"modified":"2016-01-06T20:46:28","modified_gmt":"2016-01-06T19:46:28","slug":"kuemmelweckerln","status":"publish","type":"post","link":"https:\/\/www.samskitchen.at\/?p=1868","title":{"rendered":"K\u00fcmmelweckerln"},"content":{"rendered":"<p><a href=\"http:\/\/www.samskitchen.at\/?attachment_id=1873#main\" rel=\"attachment wp-att-1873\"><img decoding=\"async\" loading=\"lazy\" class=\"alignnone wp-image-1873 size-large\" src=\"http:\/\/www.samskitchen.at\/wp-content\/uploads\/2014\/06\/2015-03-03-17.00.58-510x383.jpg\" alt=\"2015-03-03 17.00.58\" width=\"510\" height=\"383\" srcset=\"https:\/\/www.samskitchen.at\/wp-content\/uploads\/2014\/06\/2015-03-03-17.00.58-510x383.jpg 510w, https:\/\/www.samskitchen.at\/wp-content\/uploads\/2014\/06\/2015-03-03-17.00.58-300x225.jpg 300w, https:\/\/www.samskitchen.at\/wp-content\/uploads\/2014\/06\/2015-03-03-17.00.58-330x248.jpg 330w, https:\/\/www.samskitchen.at\/wp-content\/uploads\/2014\/06\/2015-03-03-17.00.58-530x398.jpg 530w, https:\/\/www.samskitchen.at\/wp-content\/uploads\/2014\/06\/2015-03-03-17.00.58.jpg 700w\" sizes=\"(max-width: 510px) 100vw, 510px\" \/><\/a>Heute hab ich mich entschlossen, ganz spontan etwas zu backen. Nach dem Motto: Schau ma mal &#8211; dann werden wir schon sehen.<\/p>\n<p>K\u00fcmmelweckerln mit altem Roggenteig und Weizenmehl W700. Dazu noch einige Gramm K\u00fcmmel und Brotgew\u00fcrz.<\/p>\n<p>So und jetzt sollte ich aus dem Ged\u00e4chtnis das Rezept niederschreiben.<\/p>\n<p><strong>Alter Teig:<\/strong><\/p>\n<p>TA 200<\/p>\n<p>250 g Roggenmehl T960<br \/>\n250 g Wasser<br \/>\n25 g Anstellgut<\/p>\n<p>gut vermengen und bei Raumtemperatur ca. 12 Stunden reifen lassen und dann ab in den K\u00fchlschrank. Bei mir ca. 30 Stunden. Kann aber auch mehr sein.<\/p>\n<p>Am Backtag:<\/p>\n<p><strong>Hauptteig:<\/strong><\/p>\n<p>525 g Alter Teig<br \/>\n400 g Weizenmehl W 700<br \/>\n10 g K\u00fcmmel<br \/>\n8 g Butter<br \/>\n200 g Wasser<br \/>\n6 g Hefe<br \/>\n11 g Salz<\/p>\n<p>Alles vermengen und zu einem glatten Teig kneten. am Ende ca 1 Minute schnell. Dann 30 Minuten Kesselgare. Auf eine bemehlte Arbeitsplatte st\u00fctzen und Teiglinge zu je 70g abstechen. Rund wirken und entspannen lassen. Dann zu l\u00e4nglichen Weckern formen und an den Enden spitz zulaufen lassen. Sch\u00f6n aufgehen lassen, mit Salz und K\u00fcmmel bestreuen und l\u00e4ngs einschneiden. Ca. 20 Minuten bei 250 Grad fallend auf 200 sch\u00f6n goldgelb mit wenig Schwaden ausbacken.<\/p>\n<p>Wie ihr seht sind sie gelungen und schmecken tun sie auch.<\/p>\n<p><a href=\"http:\/\/www.samskitchen.at\/?attachment_id=1872#main\" rel=\"attachment wp-att-1872\"><img decoding=\"async\" loading=\"lazy\" class=\"alignnone wp-image-1872 size-large\" src=\"http:\/\/www.samskitchen.at\/wp-content\/uploads\/2014\/06\/2015-03-03-17.00.43-510x383.jpg\" alt=\"2015-03-03 17.00.43\" width=\"510\" height=\"383\" srcset=\"https:\/\/www.samskitchen.at\/wp-content\/uploads\/2014\/06\/2015-03-03-17.00.43-510x383.jpg 510w, https:\/\/www.samskitchen.at\/wp-content\/uploads\/2014\/06\/2015-03-03-17.00.43-300x225.jpg 300w, https:\/\/www.samskitchen.at\/wp-content\/uploads\/2014\/06\/2015-03-03-17.00.43-330x248.jpg 330w, https:\/\/www.samskitchen.at\/wp-content\/uploads\/2014\/06\/2015-03-03-17.00.43-530x398.jpg 530w, https:\/\/www.samskitchen.at\/wp-content\/uploads\/2014\/06\/2015-03-03-17.00.43.jpg 700w\" sizes=\"(max-width: 510px) 100vw, 510px\" \/><\/a> <a href=\"http:\/\/www.samskitchen.at\/?attachment_id=1874#main\" rel=\"attachment wp-att-1874\"><img decoding=\"async\" loading=\"lazy\" class=\"alignnone wp-image-1874 size-large\" src=\"http:\/\/www.samskitchen.at\/wp-content\/uploads\/2014\/06\/2015-03-03-17.01.20-510x383.jpg\" alt=\"2015-03-03 17.01.20\" width=\"510\" height=\"383\" srcset=\"https:\/\/www.samskitchen.at\/wp-content\/uploads\/2014\/06\/2015-03-03-17.01.20-510x383.jpg 510w, https:\/\/www.samskitchen.at\/wp-content\/uploads\/2014\/06\/2015-03-03-17.01.20-300x225.jpg 300w, https:\/\/www.samskitchen.at\/wp-content\/uploads\/2014\/06\/2015-03-03-17.01.20-330x248.jpg 330w, https:\/\/www.samskitchen.at\/wp-content\/uploads\/2014\/06\/2015-03-03-17.01.20-530x398.jpg 530w, https:\/\/www.samskitchen.at\/wp-content\/uploads\/2014\/06\/2015-03-03-17.01.20.jpg 700w\" sizes=\"(max-width: 510px) 100vw, 510px\" \/><\/a> <a href=\"http:\/\/www.samskitchen.at\/?attachment_id=1873#main\" rel=\"attachment wp-att-1873\"><img decoding=\"async\" loading=\"lazy\" class=\"alignnone wp-image-1873 size-large\" src=\"http:\/\/www.samskitchen.at\/wp-content\/uploads\/2014\/06\/2015-03-03-17.00.58-510x383.jpg\" alt=\"2015-03-03 17.00.58\" width=\"510\" height=\"383\" srcset=\"https:\/\/www.samskitchen.at\/wp-content\/uploads\/2014\/06\/2015-03-03-17.00.58-510x383.jpg 510w, https:\/\/www.samskitchen.at\/wp-content\/uploads\/2014\/06\/2015-03-03-17.00.58-300x225.jpg 300w, https:\/\/www.samskitchen.at\/wp-content\/uploads\/2014\/06\/2015-03-03-17.00.58-330x248.jpg 330w, https:\/\/www.samskitchen.at\/wp-content\/uploads\/2014\/06\/2015-03-03-17.00.58-530x398.jpg 530w, https:\/\/www.samskitchen.at\/wp-content\/uploads\/2014\/06\/2015-03-03-17.00.58.jpg 700w\" sizes=\"(max-width: 510px) 100vw, 510px\" \/><\/a> <a href=\"http:\/\/www.samskitchen.at\/?attachment_id=1871#main\" rel=\"attachment wp-att-1871\"><img decoding=\"async\" loading=\"lazy\" class=\"alignnone wp-image-1871 size-large\" src=\"http:\/\/www.samskitchen.at\/wp-content\/uploads\/2014\/06\/2015-03-03-17.00.21-510x383.jpg\" alt=\"2015-03-03 17.00.21\" width=\"510\" height=\"383\" srcset=\"https:\/\/www.samskitchen.at\/wp-content\/uploads\/2014\/06\/2015-03-03-17.00.21-510x383.jpg 510w, https:\/\/www.samskitchen.at\/wp-content\/uploads\/2014\/06\/2015-03-03-17.00.21-300x225.jpg 300w, https:\/\/www.samskitchen.at\/wp-content\/uploads\/2014\/06\/2015-03-03-17.00.21-330x248.jpg 330w, https:\/\/www.samskitchen.at\/wp-content\/uploads\/2014\/06\/2015-03-03-17.00.21-530x398.jpg 530w, https:\/\/www.samskitchen.at\/wp-content\/uploads\/2014\/06\/2015-03-03-17.00.21.jpg 700w\" sizes=\"(max-width: 510px) 100vw, 510px\" \/><\/a>Eingereicht bei <a href=\"http:\/\/www.wildyeastblog.com\/yeastspotting\">Yeastspottig:<\/a><\/p>\n<p>&nbsp;<\/p>\n","protected":false},"excerpt":{"rendered":"<p>Heute hab ich mich entschlossen, ganz spontan etwas zu backen. Nach dem Motto: Schau ma mal &#8211; dann werden wir schon sehen. K\u00fcmmelweckerln mit altem Roggenteig und Weizenmehl W700. Dazu noch einige Gramm K\u00fcmmel und Brotgew\u00fcrz. So und jetzt sollte ich aus dem Ged\u00e4chtnis das Rezept niederschreiben. Alter Teig: TA 200 250 g Roggenmehl T960 250 g Wasser 25 g &hellip;<\/p>\n","protected":false},"author":1,"featured_media":1871,"comment_status":"open","ping_status":"open","sticky":false,"template":"","format":"standard","meta":{"_mi_skip_tracking":false,"_exactmetrics_sitenote_active":false,"_exactmetrics_sitenote_note":"","_exactmetrics_sitenote_category":0,"ngg_post_thumbnail":0,"jetpack_post_was_ever_published":false,"_jetpack_newsletter_access":"","footnotes":"","jetpack_publicize_message":"","jetpack_is_tweetstorm":false,"jetpack_publicize_feature_enabled":true,"jetpack_social_post_already_shared":true,"jetpack_social_options":{"image_generator_settings":{"template":"highway","enabled":false}}},"categories":[2],"tags":[246,111,245,247,66],"jetpack_publicize_connections":[],"jetpack_featured_media_url":"https:\/\/www.samskitchen.at\/wp-content\/uploads\/2014\/06\/2015-03-03-17.00.21.jpg","jetpack_sharing_enabled":true,"jetpack_shortlink":"https:\/\/wp.me\/p41IW0-u8","_links":{"self":[{"href":"https:\/\/www.samskitchen.at\/index.php?rest_route=\/wp\/v2\/posts\/1868"}],"collection":[{"href":"https:\/\/www.samskitchen.at\/index.php?rest_route=\/wp\/v2\/posts"}],"about":[{"href":"https:\/\/www.samskitchen.at\/index.php?rest_route=\/wp\/v2\/types\/post"}],"author":[{"embeddable":true,"href":"https:\/\/www.samskitchen.at\/index.php?rest_route=\/wp\/v2\/users\/1"}],"replies":[{"embeddable":true,"href":"https:\/\/www.samskitchen.at\/index.php?rest_route=%2Fwp%2Fv2%2Fcomments&post=1868"}],"version-history":[{"count":7,"href":"https:\/\/www.samskitchen.at\/index.php?rest_route=\/wp\/v2\/posts\/1868\/revisions"}],"predecessor-version":[{"id":2340,"href":"https:\/\/www.samskitchen.at\/index.php?rest_route=\/wp\/v2\/posts\/1868\/revisions\/2340"}],"wp:featuredmedia":[{"embeddable":true,"href":"https:\/\/www.samskitchen.at\/index.php?rest_route=\/wp\/v2\/media\/1871"}],"wp:attachment":[{"href":"https:\/\/www.samskitchen.at\/index.php?rest_route=%2Fwp%2Fv2%2Fmedia&parent=1868"}],"wp:term":[{"taxonomy":"category","embeddable":true,"href":"https:\/\/www.samskitchen.at\/index.php?rest_route=%2Fwp%2Fv2%2Fcategories&post=1868"},{"taxonomy":"post_tag","embeddable":true,"href":"https:\/\/www.samskitchen.at\/index.php?rest_route=%2Fwp%2Fv2%2Ftags&post=1868"}],"curies":[{"name":"wp","href":"https:\/\/api.w.org\/{rel}","templated":true}]}}