{"id":1835,"date":"2016-02-01T16:02:23","date_gmt":"2016-02-01T15:02:23","guid":{"rendered":"http:\/\/www.samskitchen.at\/?p=1835"},"modified":"2016-02-01T16:02:23","modified_gmt":"2016-02-01T15:02:23","slug":"la-flute-baguettestangen","status":"publish","type":"post","link":"https:\/\/www.samskitchen.at\/?p=1835","title":{"rendered":"La Fl\u00fbte (Baguettestangen)"},"content":{"rendered":"<p><a href=\"http:\/\/www.samskitchen.at\/?attachment_id=2437#main\" rel=\"attachment wp-att-2437\"><img decoding=\"async\" loading=\"lazy\" class=\"alignnone wp-image-2437 size-large\" src=\"http:\/\/www.samskitchen.at\/wp-content\/uploads\/2016\/02\/2016-02-01-15.37.11-1-510x383.jpg\" alt=\"2016-02-01 15.37.11\" width=\"510\" height=\"383\" srcset=\"https:\/\/www.samskitchen.at\/wp-content\/uploads\/2016\/02\/2016-02-01-15.37.11-1-510x383.jpg 510w, https:\/\/www.samskitchen.at\/wp-content\/uploads\/2016\/02\/2016-02-01-15.37.11-1-300x225.jpg 300w, https:\/\/www.samskitchen.at\/wp-content\/uploads\/2016\/02\/2016-02-01-15.37.11-1-768x576.jpg 768w, https:\/\/www.samskitchen.at\/wp-content\/uploads\/2016\/02\/2016-02-01-15.37.11-1-330x248.jpg 330w, https:\/\/www.samskitchen.at\/wp-content\/uploads\/2016\/02\/2016-02-01-15.37.11-1-530x398.jpg 530w, https:\/\/www.samskitchen.at\/wp-content\/uploads\/2016\/02\/2016-02-01-15.37.11-1.jpg 1000w\" sizes=\"(max-width: 510px) 100vw, 510px\" \/><\/a>La Fl\u00fbte oder die Fl\u00f6te nennen sich die langen d\u00fcnnen Wei\u00dfbrotstangen aus Frankreich. Da die Herstellung eines Baguettes mit den typisch grossen Poren f\u00fcr einen Hobbyb\u00e4cker mit wenig Erfahrung recht schwierig ist, m\u00f6chte ich Heute eine etwas andere Art der Aufarbeitung vorstellen. Die Anregung fand ich\u00a0bei\u00a0<a href=\"http:\/\/www.homebaking.at\">Dietmar Kappl<\/a> mit seinen Baguettefl\u00f6ten. Also werden Sie Heute nachgebacken.<\/p>\n<p><strong>Rezept f\u00fcr 1348g Baguetteteig \/ 10Stk zu je 135g<\/strong><\/p>\n<p><strong>Poolish:<br \/>\n<\/strong><span style=\"line-height: 1.5;\">200 g T65<br \/>\n<\/span><span style=\"line-height: 1.5;\">200 g Wasser<br \/>\n<\/span><span style=\"line-height: 1.5;\">1 g Hefe<\/span><\/p>\n<p style=\"text-align: justify;\">TA 200 \u00a0 \u00a0 RZ: 18-36 Std \u00a0 \u00a0 \u00a0TT: 25-28\u00b0C \u00a0 \u00a0 \u00a0 \u00a0 \u00a0 RT: 4\u00b0C<\/p>\n<p><strong>Weizensauer:<\/strong><br \/>\n40 g T80<br \/>\n40 g Wasser<br \/>\n4 g Anstellgut<\/p>\n<p>TA: 200 \u00a0 \u00a0 \u00a0 TT: 25-28\u00b0C \u00a0 \u00a0 \u00a0 \u00a0 RZ: 15-18 Std<\/p>\n<p>&nbsp;<\/p>\n<p><strong>Hauptteig:<\/strong><br \/>\n401 g reifes Poolish<br \/>\n84 g reifer Weizensauerteig<br \/>\n560 g T65<br \/>\n280 g Wasser<br \/>\n20 g Meersalz<br \/>\n2g Hefe<\/p>\n<p>TA: 165\u00a0\u00a0\u00a0\u00a0\u00a0 TT: 23-25\u00b0C\u00a0\u00a0\u00a0\u00a0\u00a0\u00a0 MZ: 8 Minuten langsam\/1Minuten schnell\u00a0\u00a0\u00a0\u00a0\u00a0 RZ: 5 Stunden<\/p>\n<p>&nbsp;<\/p>\n<p>Poolish, Weizensauerteig, Mehl und Wasser\u00a0kurz vermischen und 60 Minuten stehen lassen. Salz und Hefe beimengen und 8 Minuten langsamen\u00a0und\u00a01 Minute schnell kneten.<\/p>\n<p>Der Teig bekommt nach der Mischphase eine 20 Minuten lange Kesselgare und wird in weiterer Folge auf eine bemehlte Arbeitsfl\u00e4che gekippt. Anschlie\u00dfend wird der Teig\u00a0zu einem rechteckigen Block gefaltet und in\u00a0eine leicht be\u00f6lte rechteckige Wanne gelegt.\u00a0Es ist darauf zu achten, das die Wanne\u00a0eine rechteckige Form aufweist! Der geformte Teig reift\u00a0nun \u00fcber mehrere Stunden bis zu seiner\u00a0Weiterverarbeitung im K\u00fchlschrank bei 4\u00b0C.<\/p>\n<p>Achtet bitte darauf das Backrohr rechtzeitig auf 250\u00b0C vorzuheizen, weil die Aufarbeitung recht schnell vor sich geht.<\/p>\n<p>Den reifen Teig auf eine gut bemehlte Arbeitsplatte kippen und mit einer langen Teigkarte oder \u00e4hnlichen Werkzeug werden nun ca. 130 g schwere Rohlinge abgestochen und an den Spitzen nachgerollt. Dann sofort auf eine mit Backpapier belegte Backschaufel gelegt, kurz gehen lassen (so ca. 15-20 Minuten) und \u00a0nach Wunsch einschneiden. Bei 250\u00b0C mit kr\u00e4ftigen Schwaden ca. 15-17 Minuten sch\u00f6n goldbraun ausbacken.<\/p>\n<p><a href=\"http:\/\/www.samskitchen.at\/?attachment_id=2441#main\" rel=\"attachment wp-att-2441\"><img decoding=\"async\" loading=\"lazy\" class=\"alignnone wp-image-2441 size-large\" src=\"http:\/\/www.samskitchen.at\/wp-content\/uploads\/2016\/02\/2016-02-01-15.45.11-1-510x383.jpg\" alt=\"2016-02-01 15.45.11\" width=\"510\" height=\"383\" srcset=\"https:\/\/www.samskitchen.at\/wp-content\/uploads\/2016\/02\/2016-02-01-15.45.11-1-510x383.jpg 510w, https:\/\/www.samskitchen.at\/wp-content\/uploads\/2016\/02\/2016-02-01-15.45.11-1-300x225.jpg 300w, https:\/\/www.samskitchen.at\/wp-content\/uploads\/2016\/02\/2016-02-01-15.45.11-1-768x576.jpg 768w, https:\/\/www.samskitchen.at\/wp-content\/uploads\/2016\/02\/2016-02-01-15.45.11-1-330x248.jpg 330w, https:\/\/www.samskitchen.at\/wp-content\/uploads\/2016\/02\/2016-02-01-15.45.11-1-530x398.jpg 530w, https:\/\/www.samskitchen.at\/wp-content\/uploads\/2016\/02\/2016-02-01-15.45.11-1.jpg 1000w\" sizes=\"(max-width: 510px) 100vw, 510px\" \/><\/a> <a href=\"http:\/\/www.samskitchen.at\/?attachment_id=2440#main\" rel=\"attachment wp-att-2440\"><img decoding=\"async\" loading=\"lazy\" class=\"alignnone wp-image-2440 size-large\" src=\"http:\/\/www.samskitchen.at\/wp-content\/uploads\/2016\/02\/2016-02-01-15.45.04-1-510x383.jpg\" alt=\"2016-02-01 15.45.04\" width=\"510\" height=\"383\" srcset=\"https:\/\/www.samskitchen.at\/wp-content\/uploads\/2016\/02\/2016-02-01-15.45.04-1-510x383.jpg 510w, https:\/\/www.samskitchen.at\/wp-content\/uploads\/2016\/02\/2016-02-01-15.45.04-1-300x225.jpg 300w, https:\/\/www.samskitchen.at\/wp-content\/uploads\/2016\/02\/2016-02-01-15.45.04-1-768x576.jpg 768w, https:\/\/www.samskitchen.at\/wp-content\/uploads\/2016\/02\/2016-02-01-15.45.04-1-330x248.jpg 330w, https:\/\/www.samskitchen.at\/wp-content\/uploads\/2016\/02\/2016-02-01-15.45.04-1-530x398.jpg 530w, https:\/\/www.samskitchen.at\/wp-content\/uploads\/2016\/02\/2016-02-01-15.45.04-1.jpg 1000w\" sizes=\"(max-width: 510px) 100vw, 510px\" \/><\/a> <a href=\"http:\/\/www.samskitchen.at\/?attachment_id=2439#main\" rel=\"attachment wp-att-2439\"><img decoding=\"async\" loading=\"lazy\" class=\"alignnone wp-image-2439 size-large\" src=\"http:\/\/www.samskitchen.at\/wp-content\/uploads\/2016\/02\/2016-02-01-15.45.00-1-510x383.jpg\" alt=\"2016-02-01 15.45.00\" width=\"510\" height=\"383\" srcset=\"https:\/\/www.samskitchen.at\/wp-content\/uploads\/2016\/02\/2016-02-01-15.45.00-1-510x383.jpg 510w, https:\/\/www.samskitchen.at\/wp-content\/uploads\/2016\/02\/2016-02-01-15.45.00-1-300x225.jpg 300w, https:\/\/www.samskitchen.at\/wp-content\/uploads\/2016\/02\/2016-02-01-15.45.00-1-768x576.jpg 768w, https:\/\/www.samskitchen.at\/wp-content\/uploads\/2016\/02\/2016-02-01-15.45.00-1-330x248.jpg 330w, https:\/\/www.samskitchen.at\/wp-content\/uploads\/2016\/02\/2016-02-01-15.45.00-1-530x398.jpg 530w, https:\/\/www.samskitchen.at\/wp-content\/uploads\/2016\/02\/2016-02-01-15.45.00-1.jpg 1000w\" sizes=\"(max-width: 510px) 100vw, 510px\" \/><\/a> <a href=\"http:\/\/www.samskitchen.at\/?attachment_id=2438#main\" rel=\"attachment wp-att-2438\"><img decoding=\"async\" loading=\"lazy\" class=\"alignnone wp-image-2438 size-large\" src=\"http:\/\/www.samskitchen.at\/wp-content\/uploads\/2016\/02\/2016-02-01-15.38.22-1-510x383.jpg\" alt=\"2016-02-01 15.38.22\" width=\"510\" height=\"383\" srcset=\"https:\/\/www.samskitchen.at\/wp-content\/uploads\/2016\/02\/2016-02-01-15.38.22-1-510x383.jpg 510w, https:\/\/www.samskitchen.at\/wp-content\/uploads\/2016\/02\/2016-02-01-15.38.22-1-300x225.jpg 300w, https:\/\/www.samskitchen.at\/wp-content\/uploads\/2016\/02\/2016-02-01-15.38.22-1-768x576.jpg 768w, https:\/\/www.samskitchen.at\/wp-content\/uploads\/2016\/02\/2016-02-01-15.38.22-1-330x248.jpg 330w, https:\/\/www.samskitchen.at\/wp-content\/uploads\/2016\/02\/2016-02-01-15.38.22-1-530x398.jpg 530w, https:\/\/www.samskitchen.at\/wp-content\/uploads\/2016\/02\/2016-02-01-15.38.22-1.jpg 1000w\" sizes=\"(max-width: 510px) 100vw, 510px\" \/><\/a><\/p>\n<p>Eingereicht bei: <a href=\"http:\/\/www.wildyeastblog.com\/yeastspotting\/\">Yeastspotting<\/a><\/p>\n<p>Quelle: www.homebaking.at<\/p>\n<p>&nbsp;<\/p>\n","protected":false},"excerpt":{"rendered":"<p>La Fl\u00fbte oder die Fl\u00f6te nennen sich die langen d\u00fcnnen Wei\u00dfbrotstangen aus Frankreich. Da die Herstellung eines Baguettes mit den typisch grossen Poren f\u00fcr einen Hobbyb\u00e4cker mit wenig Erfahrung recht schwierig ist, m\u00f6chte ich Heute eine etwas andere Art der Aufarbeitung vorstellen. Die Anregung fand ich\u00a0bei\u00a0Dietmar Kappl mit seinen Baguettefl\u00f6ten. Also werden Sie Heute nachgebacken. Rezept f\u00fcr 1348g Baguetteteig \/ &hellip;<\/p>\n","protected":false},"author":1,"featured_media":2437,"comment_status":"open","ping_status":"open","sticky":false,"template":"","format":"standard","meta":{"_mi_skip_tracking":false,"_exactmetrics_sitenote_active":false,"_exactmetrics_sitenote_note":"","_exactmetrics_sitenote_category":0,"ngg_post_thumbnail":0,"jetpack_post_was_ever_published":false,"_jetpack_newsletter_access":"","footnotes":"","jetpack_publicize_message":"","jetpack_is_tweetstorm":false,"jetpack_publicize_feature_enabled":true,"jetpack_social_post_already_shared":true,"jetpack_social_options":{"image_generator_settings":{"template":"highway","enabled":false}}},"categories":[2],"tags":[13,111,242,163,116],"jetpack_publicize_connections":[],"jetpack_featured_media_url":"https:\/\/www.samskitchen.at\/wp-content\/uploads\/2016\/02\/2016-02-01-15.37.11-1.jpg","jetpack_sharing_enabled":true,"jetpack_shortlink":"https:\/\/wp.me\/p41IW0-tB","_links":{"self":[{"href":"https:\/\/www.samskitchen.at\/index.php?rest_route=\/wp\/v2\/posts\/1835"}],"collection":[{"href":"https:\/\/www.samskitchen.at\/index.php?rest_route=\/wp\/v2\/posts"}],"about":[{"href":"https:\/\/www.samskitchen.at\/index.php?rest_route=\/wp\/v2\/types\/post"}],"author":[{"embeddable":true,"href":"https:\/\/www.samskitchen.at\/index.php?rest_route=\/wp\/v2\/users\/1"}],"replies":[{"embeddable":true,"href":"https:\/\/www.samskitchen.at\/index.php?rest_route=%2Fwp%2Fv2%2Fcomments&post=1835"}],"version-history":[{"count":5,"href":"https:\/\/www.samskitchen.at\/index.php?rest_route=\/wp\/v2\/posts\/1835\/revisions"}],"predecessor-version":[{"id":2442,"href":"https:\/\/www.samskitchen.at\/index.php?rest_route=\/wp\/v2\/posts\/1835\/revisions\/2442"}],"wp:featuredmedia":[{"embeddable":true,"href":"https:\/\/www.samskitchen.at\/index.php?rest_route=\/wp\/v2\/media\/2437"}],"wp:attachment":[{"href":"https:\/\/www.samskitchen.at\/index.php?rest_route=%2Fwp%2Fv2%2Fmedia&parent=1835"}],"wp:term":[{"taxonomy":"category","embeddable":true,"href":"https:\/\/www.samskitchen.at\/index.php?rest_route=%2Fwp%2Fv2%2Fcategories&post=1835"},{"taxonomy":"post_tag","embeddable":true,"href":"https:\/\/www.samskitchen.at\/index.php?rest_route=%2Fwp%2Fv2%2Ftags&post=1835"}],"curies":[{"name":"wp","href":"https:\/\/api.w.org\/{rel}","templated":true}]}}