{"id":1793,"date":"2015-01-13T13:32:36","date_gmt":"2015-01-13T12:32:36","guid":{"rendered":"http:\/\/www.samskitchen.at\/?p=1793"},"modified":"2017-03-13T19:28:59","modified_gmt":"2017-03-13T18:28:59","slug":"pain-des-amis-brot-von-freunden","status":"publish","type":"post","link":"https:\/\/www.samskitchen.at\/?p=1793","title":{"rendered":"Pain des Amis (Brot von Freunden)"},"content":{"rendered":"<p><a href=\"http:\/\/www.samskitchen.at\/?attachment_id=1798#main\" rel=\"attachment wp-att-1798\"><img decoding=\"async\" loading=\"lazy\" class=\"alignnone wp-image-1798 size-large\" src=\"http:\/\/www.samskitchen.at\/wp-content\/uploads\/2015\/01\/2015-01-13-12.58.04-510x383.jpg\" alt=\"2015-01-13 12.58.04\" width=\"510\" height=\"383\" srcset=\"https:\/\/www.samskitchen.at\/wp-content\/uploads\/2015\/01\/2015-01-13-12.58.04-510x383.jpg 510w, https:\/\/www.samskitchen.at\/wp-content\/uploads\/2015\/01\/2015-01-13-12.58.04-300x225.jpg 300w, https:\/\/www.samskitchen.at\/wp-content\/uploads\/2015\/01\/2015-01-13-12.58.04-330x248.jpg 330w, https:\/\/www.samskitchen.at\/wp-content\/uploads\/2015\/01\/2015-01-13-12.58.04-530x398.jpg 530w, https:\/\/www.samskitchen.at\/wp-content\/uploads\/2015\/01\/2015-01-13-12.58.04.jpg 1000w\" sizes=\"(max-width: 510px) 100vw, 510px\" \/><\/a><\/p>\n<p>Heute m\u00f6chte ich etwas Neues versuchen. Pain des Amis &#8211; oder &#8222;Brot von Freunden&#8220;. Einer meiner Freunde brachte mich auf diese Idee, als er mir den Vorschlag machte, so ein Brot zu backen. Also ging ich auf die Suche und fand in Paris eine B\u00e4ckerei die ein Brot mit dieser Bezeichnung herstellt:<br \/>\nDu Pain et des Id\u00e9es<br \/>\n34 rue Yves Toudic<br \/>\n75010 Paris<br \/>\nAngeblich, so ergaben meine Recherchen, entstand dieses Brot durch Zufall. Es war in dieser B\u00e4ckerei eine ganze Menge von Baguetteteig \u00fcbriggeblieben. Und so gab der B\u00e4cker diesen grossen Teigpatzen einfach ohne viel nachzudenken und aufzuarbeiten in den Ofen &#8211; und heraus kam das &#8222;Pain des Amis&#8220;. Nach einigen kleinen Verbesserungen ist dieses Brot der Hit dieser au\u00dfergew\u00f6hnlichen Boulangerie. Das Originalrezept ist nat\u00fcrlich ein streng geh\u00fctetes Geheimnis. Das original Pain des Amis hat ein Gewicht zwischen 6 &#8211; 7 Kg. So eine Menge passt in meinen Ofen nicht rein. Ich habe mit&nbsp;2,5 Kg. Teig versucht und bin an die Grenzen des Ofens gestossen.<\/p>\n<p>Ich hab mit gedacht, ich nehme T65 und einen kleinen Teil W 1600 (\u00d6sterr.) Ein Teil des Mehls wird als Sauerteig gef\u00fchrt. Wenn man einen sehr aktiven Sauerteig hat, sollte man ohne Hefe aufkommen.<\/p>\n<p>&nbsp;<\/p>\n<p>Weizensauerteig TA 160:<br \/>\n350&nbsp;g&nbsp;T65<br \/>\n210&nbsp;g Wasser<br \/>\n40&nbsp;g Weizen-Anstellgut oder vom Roggen<br \/>\nDie Zutaten verkneten, bis alles gel\u00f6st ist und 12-16 Stunden bei Raumtemperatur reifen lassen.<\/p>\n<p>Hauptteig TA 160:<br \/>\nSauerteig<br \/>\n900&nbsp;g Weizenmehl&nbsp;T65<br \/>\n250 g Weizenmehl W1600 (\u00f6sterr.)<br \/>\n690&nbsp;g Wasser<br \/>\n25&nbsp;g Backmalz&nbsp;<br \/>\n34&nbsp;g&nbsp;Oliven\u00f6l<br \/>\n33&nbsp;g Salz<\/p>\n<p>Alle Zutaten mit dem Kneter verkneten, 6 Minuten langsam und 1 Minuten schnell. Der Teig sollte glatt sein und sich vom Sch\u00fcsselrand l\u00f6sen. In eine Sch\u00fcssel geben und 3 bis 3 1\/2 Stunden reifen lassen. Der Teig sollte deutlich aufgehen. Den Teig drei Mal dehnen und falten.<br \/>\nAnschliessend den Teig auf ein mit Backpapier ausgelegtes Backblech geben und flach auseinander ziehen. Der &#8222;Fladen&#8220; sollte so ca. 3 cm dick sein. Dann kommt eine St\u00fcckgare von ca. 20 Minuten. Einschneiden und ab in den gut vorgeheizten Ofen (250 Grad). Schwaden nicht vergessen. Nach 10 Minuten Schwaden ablassen und fallend auf 220 Grad fertig backen. Dieses Brot sollte sehr kr\u00e4ftig ausgebacken werden. Um die Wartezeit bis zum Anschneiden zu verk\u00fcrzen empfiehlt es sich eine kr\u00e4ftigen Roten zu entkorken und einige pikante &#8222;Amuse Gueule&#8220; herzurichten.<\/p>\n<p>Pain des Amis oder &nbsp;Brot von Freunden f\u00fcr Freunde &#8211; weil alleine brauchst mindestens eine Woche.<\/p>\n<p><a href=\"http:\/\/www.samskitchen.at\/?attachment_id=1799#main\" rel=\"attachment wp-att-1799\"><img decoding=\"async\" loading=\"lazy\" class=\"alignnone wp-image-1799 size-large\" src=\"http:\/\/www.samskitchen.at\/wp-content\/uploads\/2015\/01\/2015-01-13-12.07.54-510x383.jpg\" alt=\"2015-01-13 12.07.54\" width=\"510\" height=\"383\" srcset=\"https:\/\/www.samskitchen.at\/wp-content\/uploads\/2015\/01\/2015-01-13-12.07.54-510x383.jpg 510w, https:\/\/www.samskitchen.at\/wp-content\/uploads\/2015\/01\/2015-01-13-12.07.54-300x225.jpg 300w, https:\/\/www.samskitchen.at\/wp-content\/uploads\/2015\/01\/2015-01-13-12.07.54-330x248.jpg 330w, https:\/\/www.samskitchen.at\/wp-content\/uploads\/2015\/01\/2015-01-13-12.07.54-530x398.jpg 530w, https:\/\/www.samskitchen.at\/wp-content\/uploads\/2015\/01\/2015-01-13-12.07.54.jpg 1000w\" sizes=\"(max-width: 510px) 100vw, 510px\" \/><\/a> <a href=\"http:\/\/www.samskitchen.at\/?attachment_id=1800#main\" rel=\"attachment wp-att-1800\"><img decoding=\"async\" loading=\"lazy\" class=\"alignnone wp-image-1800 size-large\" src=\"http:\/\/www.samskitchen.at\/wp-content\/uploads\/2015\/01\/2015-01-13-12.07.40-510x383.jpg\" alt=\"2015-01-13 12.07.40\" width=\"510\" height=\"383\" srcset=\"https:\/\/www.samskitchen.at\/wp-content\/uploads\/2015\/01\/2015-01-13-12.07.40-510x383.jpg 510w, https:\/\/www.samskitchen.at\/wp-content\/uploads\/2015\/01\/2015-01-13-12.07.40-300x225.jpg 300w, https:\/\/www.samskitchen.at\/wp-content\/uploads\/2015\/01\/2015-01-13-12.07.40-330x248.jpg 330w, https:\/\/www.samskitchen.at\/wp-content\/uploads\/2015\/01\/2015-01-13-12.07.40-530x398.jpg 530w, https:\/\/www.samskitchen.at\/wp-content\/uploads\/2015\/01\/2015-01-13-12.07.40.jpg 1000w\" sizes=\"(max-width: 510px) 100vw, 510px\" \/><\/a> <a href=\"http:\/\/www.samskitchen.at\/?attachment_id=1798#main\" rel=\"attachment wp-att-1798\"><img decoding=\"async\" loading=\"lazy\" class=\"alignnone wp-image-1798 size-large\" src=\"http:\/\/www.samskitchen.at\/wp-content\/uploads\/2015\/01\/2015-01-13-12.58.04-510x383.jpg\" alt=\"2015-01-13 12.58.04\" width=\"510\" height=\"383\" srcset=\"https:\/\/www.samskitchen.at\/wp-content\/uploads\/2015\/01\/2015-01-13-12.58.04-510x383.jpg 510w, https:\/\/www.samskitchen.at\/wp-content\/uploads\/2015\/01\/2015-01-13-12.58.04-300x225.jpg 300w, https:\/\/www.samskitchen.at\/wp-content\/uploads\/2015\/01\/2015-01-13-12.58.04-330x248.jpg 330w, https:\/\/www.samskitchen.at\/wp-content\/uploads\/2015\/01\/2015-01-13-12.58.04-530x398.jpg 530w, https:\/\/www.samskitchen.at\/wp-content\/uploads\/2015\/01\/2015-01-13-12.58.04.jpg 1000w\" sizes=\"(max-width: 510px) 100vw, 510px\" \/><\/a> <a href=\"http:\/\/www.samskitchen.at\/?attachment_id=1797#main\" rel=\"attachment wp-att-1797\"><img decoding=\"async\" loading=\"lazy\" class=\"alignnone wp-image-1797 size-large\" src=\"http:\/\/www.samskitchen.at\/wp-content\/uploads\/2015\/01\/2015-01-13-12.58.28-510x383.jpg\" alt=\"2015-01-13 12.58.28\" width=\"510\" height=\"383\" srcset=\"https:\/\/www.samskitchen.at\/wp-content\/uploads\/2015\/01\/2015-01-13-12.58.28-510x383.jpg 510w, https:\/\/www.samskitchen.at\/wp-content\/uploads\/2015\/01\/2015-01-13-12.58.28-300x225.jpg 300w, https:\/\/www.samskitchen.at\/wp-content\/uploads\/2015\/01\/2015-01-13-12.58.28-330x248.jpg 330w, https:\/\/www.samskitchen.at\/wp-content\/uploads\/2015\/01\/2015-01-13-12.58.28-530x398.jpg 530w, https:\/\/www.samskitchen.at\/wp-content\/uploads\/2015\/01\/2015-01-13-12.58.28.jpg 700w\" sizes=\"(max-width: 510px) 100vw, 510px\" \/><\/a>Eingereicht bei: <a href=\"http:\/\/www.wildyeastblog.com\/yeastspotting\/\">Yeastspottig<\/a><\/p>\n<p>&nbsp;<\/p>\n","protected":false},"excerpt":{"rendered":"<p>Heute m\u00f6chte ich etwas Neues versuchen. Pain des Amis &#8211; oder &#8222;Brot von Freunden&#8220;. Einer meiner Freunde brachte mich auf diese Idee, als er mir den Vorschlag machte, so ein Brot zu backen. Also ging ich auf die Suche und fand in Paris eine B\u00e4ckerei die ein Brot mit dieser Bezeichnung herstellt: Du Pain et des Id\u00e9es 34 rue Yves &hellip;<\/p>\n","protected":false},"author":1,"featured_media":1797,"comment_status":"open","ping_status":"open","sticky":false,"template":"","format":"standard","meta":{"_mi_skip_tracking":false,"_exactmetrics_sitenote_active":false,"_exactmetrics_sitenote_note":"","_exactmetrics_sitenote_category":0,"ngg_post_thumbnail":0,"jetpack_post_was_ever_published":false,"_jetpack_newsletter_access":"","footnotes":"","jetpack_publicize_message":"","jetpack_is_tweetstorm":false,"jetpack_publicize_feature_enabled":true,"jetpack_social_post_already_shared":true,"jetpack_social_options":{"image_generator_settings":{"template":"highway","enabled":false}}},"categories":[2],"tags":[13,35,116],"jetpack_publicize_connections":[],"jetpack_featured_media_url":"https:\/\/www.samskitchen.at\/wp-content\/uploads\/2015\/01\/2015-01-13-12.58.28.jpg","jetpack_sharing_enabled":true,"jetpack_shortlink":"https:\/\/wp.me\/p41IW0-sV","_links":{"self":[{"href":"https:\/\/www.samskitchen.at\/index.php?rest_route=\/wp\/v2\/posts\/1793"}],"collection":[{"href":"https:\/\/www.samskitchen.at\/index.php?rest_route=\/wp\/v2\/posts"}],"about":[{"href":"https:\/\/www.samskitchen.at\/index.php?rest_route=\/wp\/v2\/types\/post"}],"author":[{"embeddable":true,"href":"https:\/\/www.samskitchen.at\/index.php?rest_route=\/wp\/v2\/users\/1"}],"replies":[{"embeddable":true,"href":"https:\/\/www.samskitchen.at\/index.php?rest_route=%2Fwp%2Fv2%2Fcomments&post=1793"}],"version-history":[{"count":11,"href":"https:\/\/www.samskitchen.at\/index.php?rest_route=\/wp\/v2\/posts\/1793\/revisions"}],"predecessor-version":[{"id":2977,"href":"https:\/\/www.samskitchen.at\/index.php?rest_route=\/wp\/v2\/posts\/1793\/revisions\/2977"}],"wp:featuredmedia":[{"embeddable":true,"href":"https:\/\/www.samskitchen.at\/index.php?rest_route=\/wp\/v2\/media\/1797"}],"wp:attachment":[{"href":"https:\/\/www.samskitchen.at\/index.php?rest_route=%2Fwp%2Fv2%2Fmedia&parent=1793"}],"wp:term":[{"taxonomy":"category","embeddable":true,"href":"https:\/\/www.samskitchen.at\/index.php?rest_route=%2Fwp%2Fv2%2Fcategories&post=1793"},{"taxonomy":"post_tag","embeddable":true,"href":"https:\/\/www.samskitchen.at\/index.php?rest_route=%2Fwp%2Fv2%2Ftags&post=1793"}],"curies":[{"name":"wp","href":"https:\/\/api.w.org\/{rel}","templated":true}]}}