{"id":1759,"date":"2014-12-30T13:17:59","date_gmt":"2014-12-30T12:17:59","guid":{"rendered":"http:\/\/www.samskitchen.at\/?p=1759"},"modified":"2014-12-30T13:22:42","modified_gmt":"2014-12-30T12:22:42","slug":"liebster-award","status":"publish","type":"post","link":"https:\/\/www.samskitchen.at\/?p=1759","title":{"rendered":"Liebster Award"},"content":{"rendered":"<p><a href=\"http:\/\/www.samskitchen.at\/?attachment_id=1761#main\" rel=\"attachment wp-att-1761\"><img decoding=\"async\" loading=\"lazy\" class=\"alignnone wp-image-1761 size-large\" src=\"http:\/\/www.samskitchen.at\/wp-content\/uploads\/2014\/12\/liebster-award-2014-img-510x339.jpg\" alt=\"liebster-award-2014-img\" width=\"510\" height=\"339\" srcset=\"https:\/\/www.samskitchen.at\/wp-content\/uploads\/2014\/12\/liebster-award-2014-img-510x339.jpg 510w, https:\/\/www.samskitchen.at\/wp-content\/uploads\/2014\/12\/liebster-award-2014-img-300x199.jpg 300w, https:\/\/www.samskitchen.at\/wp-content\/uploads\/2014\/12\/liebster-award-2014-img-330x219.jpg 330w, https:\/\/www.samskitchen.at\/wp-content\/uploads\/2014\/12\/liebster-award-2014-img-530x352.jpg 530w, https:\/\/www.samskitchen.at\/wp-content\/uploads\/2014\/12\/liebster-award-2014-img.jpg 1024w\" sizes=\"(max-width: 510px) 100vw, 510px\" \/><\/a><\/p>\n<p>Mein B\u00e4ckerfreund Dietmar Kappl hat mich vor Kurzem f\u00fcr den &#8222;Liebster Award&#8220; nominiert und ich f\u00fchle mich geehrt in dieser Reihe mitmachen zu d\u00fcrfen.<\/p>\n<p>Hier Seine an mich gerichteten Fragen:<\/p>\n<p>&nbsp;<\/p>\n<p>1. Warum gerade Brot?<br \/>\nEine Speise oder ein Essen kann noch so gut sein &#8211; ohne ein gutes Brot oder Geb\u00e4ck fehlt was.<br \/>\n2. \u00a0Was ist dir so wichtig an gutem Brot?<br \/>\nR\u00f6sche Kruste &#8211; aromatische Krume, ich liebe grosse L\u00f6cher in der Krume.<br \/>\n3. \u00a0Hast du ein Lieblingsrezept?<br \/>\n<a href=\"http:\/\/www.samskitchen.at\/?p=110\">\u00a0Bosniaken\u00a0<\/a><br \/>\n4. \u00a0B\u00e4ckst du am Tag oder in der Nacht?<br \/>\nIch w\u00fcrde lieber unter Tags backen, aber oft macht mir das Zeitmanagement einen Strich durch die Rechnung.<br \/>\n5. \u00a0Vorteig oder Sauerteig?<br \/>\nBei Roggenbroten immer Sauerteig, bei Weizen oder Mischbroten je nach dem.<br \/>\n6. \u00a0W\u00fcrdest du den Beruf als B\u00e4cker w\u00e4hlen?<br \/>\nDiese Frage hab ich mir auch schon des \u00f6fteren gestellt &#8211; ich denke noch immer dar\u00fcber nach.<br \/>\n7. \u00a0Seit wann backst du dir dein Brot selber?<br \/>\nSeit ca. drei Jahren, aber so richtig erst seit einem Jahr.<br \/>\n8. \u00a0War dein erstes Brot von Erfolg gekr\u00f6nt?<br \/>\nEigentlich schon, ich hab gleich ein Roggenbrot mit einer drei Stufenf\u00fchrung versucht und das ist mir recht gut gelungen und von da an ging Bergauf. Nat\u00fcrlich hab ich schon oft Brote versammelt und dann an Pferd verf\u00fcttert.<br \/>\n9. \u00a0Verschenkst du auch dein Brot und Geb\u00e4ck?<br \/>\nEs wird nur verschenkt. Weil bei Geschenken gibts selten Reklamationen. Aber es kommt nur Ware raus, die zuerst durch die Qualit\u00e4tskontrolle meiner Frau gegangen ist und die ist ohne Erbarmen.<br \/>\n10. Backst du lieber mit Roggen oder Weizen?<br \/>\nBeides &#8211; aber ich liebe Babettes mit T65<br \/>\n11. Gibt es au\u00dfer Backen noch ein anderes Hobby?<br \/>\nKochen und Grillen. Ich hab eigentlich schon viel versucht. K\u00e4se selbst gemacht &#8211; aber Richtigen \u00a0&#8211; Bier gebraut \u00a0&#8211; Most vergoren u.s.w. aber nun hab ich ein Hobby gefunden, dass mich \u00a0fasziniert. Umso mehr ich mich mit dieser Materie besch\u00e4ftigen umso unzufriedener werde ich mit mir. Aber dann geh ich ein ein Lebensmittelgesch\u00e4ft und bin mir mir wieder zufrieden.<\/p>\n<p>&nbsp;<\/p>\n<p><strong>So und nun meine Nominierungen:<\/strong><\/p>\n<p>Zuerst m\u00f6chte ich eine ganz liebenswerte Bloggerkollegin nominieren: <a href=\"http:\/\/brotandbreaddeutsch.blogspot.co.at\">Karin Anderson<\/a>\u00a0aus Main, USA<\/p>\n<p>Da ich ein grosser Griechenlandfreund bin nominiere ich ausserdem: I<a href=\"http:\/\/griechischekueche.com\">oanna Area<\/a>\u00a0 eine Griechin in Deutschland.<\/p>\n<p>So das wars &#8211; obwohl ich diesen Award nur an zwei Blogger weitergebe.<\/p>\n<p><strong>Hier meine Fragen:<\/strong><\/p>\n<p>1. Warum bloggst Du?<\/p>\n<p>2. Was bloggst Du am liebsten?<\/p>\n<p>3. Seit wann betreibst Du dieses Hobby schon?<\/p>\n<p>4. Wie viel Zeit opferst Du dem Bloggen?<\/p>\n<p>5. Bloggst Du auch Niederlagen?<\/p>\n<p>6. \u00dcber was schreibst Du am Liebsten?<\/p>\n<p>7.\u00a0Welche 3 Eigenschaften beschreiben Dich am besten?<\/p>\n<p>8. Wie stehst Du zu &#8222;Werbung&#8220; auf Deinem Blog?<\/p>\n<p>9.\u00a0Hat sich Dein Leben durchs Bloggen ver\u00e4ndert?<\/p>\n<p>10. Welche Reichweite hat Dein Blog?<\/p>\n<p>11. Hattest Du schon negative Erlebnisse beim Bloggen?<\/p>\n<p>&nbsp;<\/p>\n<p>Hier noch die Liebster-Blog-Awardregeln einkopiert:<\/p>\n<p>Wer nominiert wurde halte sich bitte an die folgenden Regeln:<\/p>\n<p>Danke der Person, die Dich f\u00fcr den Liebster Award nominiert hat und verlinke ihren Blog in Deinem Artikel.<br \/>\nBeantworte die 11 Fragen, die dir der Blogger, der dich nominiert hat, stellt.<br \/>\nNominiere 5 bis 11 weitere Blogger f\u00fcr den Liebster Award, die bisher weniger als 1.000 Follower haben.<br \/>\nStelle eine neue Liste mit 11 Fragen f\u00fcr Deine nominierten Blogger zusammen.<br \/>\nSchreibe diese Regeln in Deinen Liebster Award Blog Artikel.<br \/>\nInformiere Deine nominierten Blogger \u00fcber den Blog Artikel.<\/p>\n<p><a href=\"http:\/\/www.samskitchen.at\/?attachment_id=1762#main\" rel=\"attachment wp-att-1762\"><img decoding=\"async\" loading=\"lazy\" class=\"alignnone size-full wp-image-1762\" src=\"http:\/\/www.samskitchen.at\/wp-content\/uploads\/2014\/12\/liebster-award-logo.png\" alt=\"liebster-award-logo\" width=\"200\" height=\"200\" srcset=\"https:\/\/www.samskitchen.at\/wp-content\/uploads\/2014\/12\/liebster-award-logo.png 200w, https:\/\/www.samskitchen.at\/wp-content\/uploads\/2014\/12\/liebster-award-logo-150x150.png 150w\" sizes=\"(max-width: 200px) 100vw, 200px\" \/><\/a><\/p>\n","protected":false},"excerpt":{"rendered":"<p>Mein B\u00e4ckerfreund Dietmar Kappl hat mich vor Kurzem f\u00fcr den &#8222;Liebster Award&#8220; nominiert und ich f\u00fchle mich geehrt in dieser Reihe mitmachen zu d\u00fcrfen. Hier Seine an mich gerichteten Fragen: &nbsp; 1. Warum gerade Brot? Eine Speise oder ein Essen kann noch so gut sein &#8211; ohne ein gutes Brot oder Geb\u00e4ck fehlt was. 2. \u00a0Was ist dir so wichtig &hellip;<\/p>\n","protected":false},"author":1,"featured_media":1761,"comment_status":"open","ping_status":"open","sticky":false,"template":"","format":"standard","meta":{"_mi_skip_tracking":false,"_exactmetrics_sitenote_active":false,"_exactmetrics_sitenote_note":"","_exactmetrics_sitenote_category":0,"ngg_post_thumbnail":0,"jetpack_post_was_ever_published":false,"_jetpack_newsletter_access":"","footnotes":"","jetpack_publicize_message":"","jetpack_is_tweetstorm":false,"jetpack_publicize_feature_enabled":true,"jetpack_social_post_already_shared":true,"jetpack_social_options":{"image_generator_settings":{"template":"highway","enabled":false}}},"categories":[8],"tags":[],"jetpack_publicize_connections":[],"jetpack_featured_media_url":"https:\/\/www.samskitchen.at\/wp-content\/uploads\/2014\/12\/liebster-award-2014-img.jpg","jetpack_sharing_enabled":true,"jetpack_shortlink":"https:\/\/wp.me\/p41IW0-sn","_links":{"self":[{"href":"https:\/\/www.samskitchen.at\/index.php?rest_route=\/wp\/v2\/posts\/1759"}],"collection":[{"href":"https:\/\/www.samskitchen.at\/index.php?rest_route=\/wp\/v2\/posts"}],"about":[{"href":"https:\/\/www.samskitchen.at\/index.php?rest_route=\/wp\/v2\/types\/post"}],"author":[{"embeddable":true,"href":"https:\/\/www.samskitchen.at\/index.php?rest_route=\/wp\/v2\/users\/1"}],"replies":[{"embeddable":true,"href":"https:\/\/www.samskitchen.at\/index.php?rest_route=%2Fwp%2Fv2%2Fcomments&post=1759"}],"version-history":[{"count":8,"href":"https:\/\/www.samskitchen.at\/index.php?rest_route=\/wp\/v2\/posts\/1759\/revisions"}],"predecessor-version":[{"id":1775,"href":"https:\/\/www.samskitchen.at\/index.php?rest_route=\/wp\/v2\/posts\/1759\/revisions\/1775"}],"wp:featuredmedia":[{"embeddable":true,"href":"https:\/\/www.samskitchen.at\/index.php?rest_route=\/wp\/v2\/media\/1761"}],"wp:attachment":[{"href":"https:\/\/www.samskitchen.at\/index.php?rest_route=%2Fwp%2Fv2%2Fmedia&parent=1759"}],"wp:term":[{"taxonomy":"category","embeddable":true,"href":"https:\/\/www.samskitchen.at\/index.php?rest_route=%2Fwp%2Fv2%2Fcategories&post=1759"},{"taxonomy":"post_tag","embeddable":true,"href":"https:\/\/www.samskitchen.at\/index.php?rest_route=%2Fwp%2Fv2%2Ftags&post=1759"}],"curies":[{"name":"wp","href":"https:\/\/api.w.org\/{rel}","templated":true}]}}