{"id":1745,"date":"2016-01-29T09:33:31","date_gmt":"2016-01-29T08:33:31","guid":{"rendered":"http:\/\/www.samskitchen.at\/?p=1745"},"modified":"2016-01-29T09:33:31","modified_gmt":"2016-01-29T08:33:31","slug":"panettone","status":"publish","type":"post","link":"https:\/\/www.samskitchen.at\/?p=1745","title":{"rendered":"Panettone"},"content":{"rendered":"<p><a href=\"http:\/\/www.samskitchen.at\/?attachment_id=2424#main\" rel=\"attachment wp-att-2424\"><img decoding=\"async\" loading=\"lazy\" class=\"alignnone wp-image-2424 size-large\" src=\"http:\/\/www.samskitchen.at\/wp-content\/uploads\/2016\/01\/2016-01-29-08.50.40-510x383.jpg\" alt=\"2016-01-29 08.50.40\" width=\"510\" height=\"383\" srcset=\"https:\/\/www.samskitchen.at\/wp-content\/uploads\/2016\/01\/2016-01-29-08.50.40-510x383.jpg 510w, https:\/\/www.samskitchen.at\/wp-content\/uploads\/2016\/01\/2016-01-29-08.50.40-300x225.jpg 300w, https:\/\/www.samskitchen.at\/wp-content\/uploads\/2016\/01\/2016-01-29-08.50.40-768x576.jpg 768w, https:\/\/www.samskitchen.at\/wp-content\/uploads\/2016\/01\/2016-01-29-08.50.40-330x248.jpg 330w, https:\/\/www.samskitchen.at\/wp-content\/uploads\/2016\/01\/2016-01-29-08.50.40-530x398.jpg 530w, https:\/\/www.samskitchen.at\/wp-content\/uploads\/2016\/01\/2016-01-29-08.50.40.jpg 1000w\" sizes=\"(max-width: 510px) 100vw, 510px\" \/><\/a><\/p>\n<p><span style=\"color: #646464;\"><span style=\"font-family: PTSans-Regular, serif;\"><span style=\"font-size: medium;\">Panettone ein Traum von einem Kuchen. Seit meiner Kindheit begleitet mich dieses Geb\u00e4ck. Italien \u00a0&#8211; eine knappe 3\/4 Stunde mit dem Auto &#8211; Tarvisio &#8211; die erste Stadt oder Ortschaft nach der Grenze &#8211; fr\u00fcher als meine Eltern noch kein Auto hatten, gings mit dem Zug nach Travis zum Einkaufen &#8211; Schuhe, \u00a0Bekleidung, Lebensmittel und nicht zu vergessen Italienischen Wein in Korbflaschen. F\u00fcr uns Kinder waren solche Ausfl\u00fcge \u00a0 immer wunderbare H\u00f6hepunkte. Damals gabs in Tarvis noch den ber\u00fchmten Markt unterhalb der Hauptstrasse. Da konnte man oder musste man feilschen um einen guten Preis zu bekommen &#8211; fast eine eigene Sportart. Den Markt gibts noch immer, inzwischen wurde er umgebaut und komplett Runderneuert. Im Jahre 2008 feierte er seinen 50 j\u00e4hrigen Bestand. Und um nicht vom Thema abzuschweifen &#8211; dort gabs Kuchen die wir nicht kannten &#8211; Panettone &#8211; ein Hauch von Zartheit und exotischem Geschmack &#8211; zumindest f\u00fcr uns Kinder.\u00a0<\/span><\/span><\/span><\/p>\n<p><span style=\"color: #646464;\"><span style=\"font-family: PTSans-Regular, serif;\"><span style=\"font-size: medium;\">Wer ein Panettone-Rezept sucht wird von der Vielzahl an Variationen fast verunsichert. Ich ging auf die Suche und fand viele hefelastige Rezepte, die eigentlich schon beim lesen nichts Gutes versprachen. Auch viele sogenannte &#8222;Originalrezepte&#8220; waren alles andere als Original. So machte ich mich auf die Suche und kam zu der Erkenntnis, dass dieser Kuchen fr\u00fcher so wie in Italien \u00fcblich mit &#8222;Pasta madre&#8220; oder &#8222;lievito Marie&#8220; einem Sauerteig hergestellt wurden, oder auch noch werden. Auch die originale Papierbackform sollte nicht fehlen. Diese hab ich von einem befreundetem B\u00e4cker bekommen. Wer einen treibstarken Weizensauerteig im K\u00fchlschrank pflegt, der kann schon loslegen. Aber ACHTUNG! Morgen kann \u00a0er noch nicht angeschnitten werden. Also plant mal einige Tage Vorlaufzeit ein. \u00a0Wer keine Zeit und Geduld hat &#8211; sollte schnell nach Travis fahren.<\/span><\/span><\/span><\/p>\n<p>&nbsp;<\/p>\n<p><strong>1.Sauerteigstufe<\/strong><\/p>\n<p>4 g (1 TL) Weizensauer aus dem K\u00fchlschrank mit 10 g Wasser und 18 g Weizenmehl Type 700 oder das italienische Tipo\u00a0\u00a00 \u00a0mischen. Die Temperatur sollte\u00a0m\u00f6glichst konstant bei 27\u00b0C gehalten, um die Hefen und die milden S\u00e4uren zu f\u00f6rdern. \u00a0Reifezeit ca. 6 Stunden. Der Sauerteig sollte sich verdreifacht haben.<\/p>\n<p><strong>2.Sauerteigstufe<\/strong><\/p>\n<p>32 g des 1.Sauerteiges \u00a0mit 93 g Wasser und 155 g Weizenmehl mischen.\u00a0Wieder bei\u00a0konstant 27\u00b0C ca. 6 Stunden reifen lassen. Der Sauerteig sollte sich wieder verdreifacht haben.<\/p>\n<p><strong>Vorteig<\/strong><\/p>\n<ul>\n<li><span style=\"color: #646464;\"><span style=\"font-family: PTSans-Regular, serif;\"><span style=\"font-size: medium;\">550 g kleberstarkes Weizenmehl Tipo 00\u00a0<\/span><\/span><\/span><\/li>\n<li><span style=\"color: #646464;\"><span style=\"font-family: PTSans-Regular, serif;\"><span style=\"font-size: medium;\">130 g Zucker<\/span><\/span><\/span><\/li>\n<li><span style=\"color: #646464;\"><span style=\"font-family: PTSans-Regular, serif;\"><span style=\"font-size: medium;\">140 g wachsweiche Butter<\/span><\/span><\/span><\/li>\n<li><span style=\"color: #646464;\"><span style=\"font-family: PTSans-Regular, serif;\"><span style=\"font-size: medium;\">250 g warmes Wasser<\/span><\/span><\/span><\/li>\n<li><span style=\"color: #646464;\"><span style=\"font-family: PTSans-Regular, serif;\"><span style=\"font-size: medium;\">225 g Weizensauerteig\u00a0<\/span><\/span><\/span><\/li>\n<li><span style=\"color: #646464;\"><span style=\"font-family: PTSans-Regular, serif;\"><span style=\"font-size: medium;\">6 Eigelb\u00a0<\/span><\/span><\/span><\/li>\n<\/ul>\n<p><span style=\"color: #646464;\"><span style=\"font-family: PTSans-Regular, serif;\"><span style=\"font-size: medium;\">Aus den Zutaten mit der K\u00fcchenmaschine einen weichen Teig bereiten und wieder bei 27 Grad ca. 6 Stunden\u00a0zugedeckt in der Sch\u00fcssel reifen lassen. Der Teig muss nicht gut geknetet sein, da er am n\u00e4chsten Tag l\u00e4nger geknetet wird.<\/span><\/span><\/span><\/p>\n<p>&nbsp;<\/p>\n<p><strong>Hauptteig:<\/strong><\/p>\n<p><span style=\"color: #646464;\"><span style=\"font-family: PTSans-Regular, serif;\"><span style=\"font-size: medium;\">Der Vorteig \u00a0sollte um das\u00a0Dreifache aufgegangen sein und fast \u00fcber die Sch\u00fcssel quellen!<\/span><\/span><\/span><\/p>\n<ul>\n<li><span style=\"color: #646464;\"><span style=\"font-family: PTSans-Regular, serif;\"><span style=\"font-size: medium;\">270 g \u00a0Weizenmehl 00\u00a0<\/span><\/span><\/span><\/li>\n<li><span style=\"color: #646464;\"><span style=\"font-family: PTSans-Regular, serif;\"><span style=\"font-size: medium;\">80 ml reduzierte Vollmilch (aus 160 ml runtergekocht und wieder abgek\u00fchlt) (normalerweise 80 ml Wasser und 25 g Milchpulver)<\/span><\/span><\/span><\/li>\n<li><span style=\"color: #646464;\"><span style=\"font-family: PTSans-Regular, serif;\"><span style=\"font-size: medium;\">50 g Zucker<\/span><\/span><\/span><\/li>\n<li><span style=\"color: #646464;\"><span style=\"font-family: PTSans-Regular, serif;\"><span style=\"font-size: medium;\">10 g Salz<\/span><\/span><\/span><\/li>\n<li><span style=\"color: #646464;\"><span style=\"font-family: PTSans-Regular, serif;\"><span style=\"font-size: medium;\">10 g Honig<\/span><\/span><\/span><\/li>\n<li><span style=\"color: #646464;\"><span style=\"font-family: PTSans-Regular, serif;\"><span style=\"font-size: medium;\">10 g Backmalz\u00a0<\/span><\/span><\/span><\/li>\n<li><span style=\"color: #646464;\"><span style=\"font-family: PTSans-Regular, serif;\"><span style=\"font-size: medium;\">6 Eigelb\u00a0<\/span><\/span><\/span><\/li>\n<li><span style=\"color: #646464;\"><span style=\"font-family: PTSans-Regular, serif;\"><span style=\"font-size: medium;\">Das Innere einer Vanillestange<\/span><\/span><\/span><\/li>\n<\/ul>\n<p><span style=\"color: #646464;\"><span style=\"font-family: PTSans-Regular, serif;\"><span style=\"font-size: medium;\">Aus\u00a0den Zutaten mit der Knetmaschine zu\u00a0einem weichen Teig kneten und anschlie\u00dfend mit dem \u00a0Vorteig ca. 5 Minuten auf der 2.\u00a0Stufe kneten.\u00a0<\/span><\/span><\/span><\/p>\n<ul>\n<li><span style=\"color: #646464;\"><span style=\"font-family: PTSans-Regular, serif;\"><span style=\"font-size: medium;\">140 g wachsweiche Butter zuf\u00fcgen<\/span><\/span><\/span><\/li>\n<\/ul>\n<p><span style=\"color: #646464;\"><span style=\"font-family: PTSans-Regular, serif;\"><span style=\"font-size: medium;\">Wieder 5 Minuten kneten, \u00a0solange bis der Teig gl\u00e4nzt. Das ist wichtig, da ansonsten beim Backen keine fluffige Teigkonsistenz ensteht. Fensterprobe machen.\u00a0<\/span><\/span><\/span><\/p>\n<ul>\n<li><span style=\"color: #646464;\"><span style=\"font-family: PTSans-Regular, serif;\"><span style=\"font-size: medium;\">350 g Rosinen (evtl. vorher eingeweicht)<\/span><\/span><\/span><\/li>\n<li><span style=\"color: #646464;\"><span style=\"font-family: PTSans-Regular, serif;\"><span style=\"font-size: medium;\">125 g Zitronat<\/span><\/span><\/span><\/li>\n<li><span style=\"color: #646464;\"><span style=\"font-family: PTSans-Regular, serif;\"><span style=\"font-size: medium;\">125 g Orangeat<\/span><\/span><\/span><\/li>\n<\/ul>\n<p><span style=\"color: #646464;\"><span style=\"font-family: PTSans-Regular, serif;\"><span style=\"font-size: medium;\">Noch einmal kurz unterkneten.<\/span><\/span><\/span><\/p>\n<p><span style=\"color: #646464;\"><span style=\"font-family: PTSans-Regular, serif;\"><span style=\"font-size: medium;\">4 \u00a0runde Backformen aus Papier mit dem Teig f\u00fcllen.\u00a0<\/span><\/span><\/span><\/p>\n<p><span style=\"color: #646464;\"><span style=\"font-family: PTSans-Regular, serif;\"><span style=\"font-size: medium;\">Die Backformen locker in Plastikt\u00fcten schlagen (M\u00fcllt\u00fcten bieten sich an). Vier bis f\u00fcnf Stunden (je nach Qualit\u00e4t des Sauerteiges) wieder bei 27 Grad gehen lassen. Der Teig sollte sich dabei verdreirfachen. Den Panettone \u00fcber Kreuz einschneiden und im Zentrum einen kleinen Butterw\u00fcrfel platzieren.\u00a0<\/span><\/span><\/span><\/p>\n<p><span style=\"color: #646464;\"><span style=\"font-family: PTSans-Regular, serif;\"><span style=\"font-size: medium;\">Ca. 30\u00a0Minuten bei 200 Grad backen<\/span><\/span><\/span><\/p>\n<p><span style=\"color: #646464;\"><span style=\"font-family: PTSans-Regular, serif;\"><span style=\"font-size: medium;\">Das Ergebnis ist ein Panettone, der feins\u00e4uerlich und aromatisch riecht. Den Panettone mit zwei langen Holzspiessen oder Stricknadeln am Boden durchstechen und verkehrt herum ausk\u00fchlen lassen, damit der Panettone nicht zusammenf\u00e4llt sondern sch\u00f6n aufgebl\u00e4ht bleibt.<\/span><\/span><\/span><\/p>\n<p><a href=\"http:\/\/www.samskitchen.at\/?attachment_id=2422#main\" rel=\"attachment wp-att-2422\"><img decoding=\"async\" loading=\"lazy\" class=\"alignnone wp-image-2422 size-large\" src=\"http:\/\/www.samskitchen.at\/wp-content\/uploads\/2016\/01\/2016-01-29-01.28.14-510x383.jpg\" alt=\"2016-01-29 01.28.14\" width=\"510\" height=\"383\" srcset=\"https:\/\/www.samskitchen.at\/wp-content\/uploads\/2016\/01\/2016-01-29-01.28.14-510x383.jpg 510w, https:\/\/www.samskitchen.at\/wp-content\/uploads\/2016\/01\/2016-01-29-01.28.14-300x225.jpg 300w, https:\/\/www.samskitchen.at\/wp-content\/uploads\/2016\/01\/2016-01-29-01.28.14-768x576.jpg 768w, https:\/\/www.samskitchen.at\/wp-content\/uploads\/2016\/01\/2016-01-29-01.28.14-330x248.jpg 330w, https:\/\/www.samskitchen.at\/wp-content\/uploads\/2016\/01\/2016-01-29-01.28.14-530x398.jpg 530w, https:\/\/www.samskitchen.at\/wp-content\/uploads\/2016\/01\/2016-01-29-01.28.14.jpg 1000w\" sizes=\"(max-width: 510px) 100vw, 510px\" \/><\/a> <a href=\"http:\/\/www.samskitchen.at\/?attachment_id=2423#main\" rel=\"attachment wp-att-2423\"><img decoding=\"async\" loading=\"lazy\" class=\"alignnone wp-image-2423 size-large\" src=\"http:\/\/www.samskitchen.at\/wp-content\/uploads\/2016\/01\/2016-01-29-08.48.21-510x383.jpg\" alt=\"2016-01-29 08.48.21\" width=\"510\" height=\"383\" srcset=\"https:\/\/www.samskitchen.at\/wp-content\/uploads\/2016\/01\/2016-01-29-08.48.21-510x383.jpg 510w, https:\/\/www.samskitchen.at\/wp-content\/uploads\/2016\/01\/2016-01-29-08.48.21-300x225.jpg 300w, https:\/\/www.samskitchen.at\/wp-content\/uploads\/2016\/01\/2016-01-29-08.48.21-768x576.jpg 768w, https:\/\/www.samskitchen.at\/wp-content\/uploads\/2016\/01\/2016-01-29-08.48.21-330x248.jpg 330w, https:\/\/www.samskitchen.at\/wp-content\/uploads\/2016\/01\/2016-01-29-08.48.21-530x398.jpg 530w, https:\/\/www.samskitchen.at\/wp-content\/uploads\/2016\/01\/2016-01-29-08.48.21.jpg 1000w\" sizes=\"(max-width: 510px) 100vw, 510px\" \/><\/a> <a href=\"http:\/\/www.samskitchen.at\/?attachment_id=2424#main\" rel=\"attachment wp-att-2424\"><img decoding=\"async\" loading=\"lazy\" class=\"alignnone wp-image-2424 size-large\" src=\"http:\/\/www.samskitchen.at\/wp-content\/uploads\/2016\/01\/2016-01-29-08.50.40-510x383.jpg\" alt=\"2016-01-29 08.50.40\" width=\"510\" height=\"383\" srcset=\"https:\/\/www.samskitchen.at\/wp-content\/uploads\/2016\/01\/2016-01-29-08.50.40-510x383.jpg 510w, https:\/\/www.samskitchen.at\/wp-content\/uploads\/2016\/01\/2016-01-29-08.50.40-300x225.jpg 300w, https:\/\/www.samskitchen.at\/wp-content\/uploads\/2016\/01\/2016-01-29-08.50.40-768x576.jpg 768w, https:\/\/www.samskitchen.at\/wp-content\/uploads\/2016\/01\/2016-01-29-08.50.40-330x248.jpg 330w, https:\/\/www.samskitchen.at\/wp-content\/uploads\/2016\/01\/2016-01-29-08.50.40-530x398.jpg 530w, https:\/\/www.samskitchen.at\/wp-content\/uploads\/2016\/01\/2016-01-29-08.50.40.jpg 1000w\" sizes=\"(max-width: 510px) 100vw, 510px\" \/><\/a> <a href=\"http:\/\/www.samskitchen.at\/?attachment_id=2425#main\" rel=\"attachment wp-att-2425\"><img decoding=\"async\" loading=\"lazy\" class=\"alignnone wp-image-2425 size-large\" src=\"http:\/\/www.samskitchen.at\/wp-content\/uploads\/2016\/01\/2016-01-29-08.51.37-510x680.jpg\" alt=\"2016-01-29 08.51.37\" width=\"510\" height=\"680\" srcset=\"https:\/\/www.samskitchen.at\/wp-content\/uploads\/2016\/01\/2016-01-29-08.51.37-510x680.jpg 510w, https:\/\/www.samskitchen.at\/wp-content\/uploads\/2016\/01\/2016-01-29-08.51.37-225x300.jpg 225w, https:\/\/www.samskitchen.at\/wp-content\/uploads\/2016\/01\/2016-01-29-08.51.37-768x1024.jpg 768w, https:\/\/www.samskitchen.at\/wp-content\/uploads\/2016\/01\/2016-01-29-08.51.37-330x440.jpg 330w, https:\/\/www.samskitchen.at\/wp-content\/uploads\/2016\/01\/2016-01-29-08.51.37-530x706.jpg 530w, https:\/\/www.samskitchen.at\/wp-content\/uploads\/2016\/01\/2016-01-29-08.51.37.jpg 1000w\" sizes=\"(max-width: 510px) 100vw, 510px\" \/><\/a> <a href=\"http:\/\/www.samskitchen.at\/?attachment_id=2426#main\" rel=\"attachment wp-att-2426\"><img decoding=\"async\" loading=\"lazy\" class=\"alignnone wp-image-2426 size-large\" src=\"http:\/\/www.samskitchen.at\/wp-content\/uploads\/2016\/01\/2016-01-29-08.51.47-510x383.jpg\" alt=\"2016-01-29 08.51.47\" width=\"510\" height=\"383\" srcset=\"https:\/\/www.samskitchen.at\/wp-content\/uploads\/2016\/01\/2016-01-29-08.51.47-510x383.jpg 510w, https:\/\/www.samskitchen.at\/wp-content\/uploads\/2016\/01\/2016-01-29-08.51.47-300x225.jpg 300w, https:\/\/www.samskitchen.at\/wp-content\/uploads\/2016\/01\/2016-01-29-08.51.47-768x576.jpg 768w, https:\/\/www.samskitchen.at\/wp-content\/uploads\/2016\/01\/2016-01-29-08.51.47-330x248.jpg 330w, https:\/\/www.samskitchen.at\/wp-content\/uploads\/2016\/01\/2016-01-29-08.51.47-530x398.jpg 530w, https:\/\/www.samskitchen.at\/wp-content\/uploads\/2016\/01\/2016-01-29-08.51.47.jpg 1000w\" sizes=\"(max-width: 510px) 100vw, 510px\" \/><\/a> <a href=\"http:\/\/www.samskitchen.at\/?attachment_id=2427#main\" rel=\"attachment wp-att-2427\"><img decoding=\"async\" loading=\"lazy\" class=\"alignnone wp-image-2427 size-large\" src=\"http:\/\/www.samskitchen.at\/wp-content\/uploads\/2016\/01\/2016-01-29-09.14.12-510x680.jpg\" alt=\"2016-01-29 09.14.12\" width=\"510\" height=\"680\" srcset=\"https:\/\/www.samskitchen.at\/wp-content\/uploads\/2016\/01\/2016-01-29-09.14.12-510x680.jpg 510w, https:\/\/www.samskitchen.at\/wp-content\/uploads\/2016\/01\/2016-01-29-09.14.12-225x300.jpg 225w, https:\/\/www.samskitchen.at\/wp-content\/uploads\/2016\/01\/2016-01-29-09.14.12-768x1024.jpg 768w, https:\/\/www.samskitchen.at\/wp-content\/uploads\/2016\/01\/2016-01-29-09.14.12-330x440.jpg 330w, https:\/\/www.samskitchen.at\/wp-content\/uploads\/2016\/01\/2016-01-29-09.14.12-530x706.jpg 530w, https:\/\/www.samskitchen.at\/wp-content\/uploads\/2016\/01\/2016-01-29-09.14.12.jpg 1000w\" sizes=\"(max-width: 510px) 100vw, 510px\" \/><\/a><\/p>\n<p>eingereicht bei <a href=\"http:\/\/www.wildyeastblog.com\/yeastspotting-12-18-14-page-2\/\">Yeastspotting<\/a>:<\/p>\n<p>&nbsp;<\/p>\n<p>&nbsp;<\/p>\n","protected":false},"excerpt":{"rendered":"<p>Panettone ein Traum von einem Kuchen. Seit meiner Kindheit begleitet mich dieses Geb\u00e4ck. Italien \u00a0&#8211; eine knappe 3\/4 Stunde mit dem Auto &#8211; Tarvisio &#8211; die erste Stadt oder Ortschaft nach der Grenze &#8211; fr\u00fcher als meine Eltern noch kein Auto hatten, gings mit dem Zug nach Travis zum Einkaufen &#8211; Schuhe, \u00a0Bekleidung, Lebensmittel und nicht zu vergessen Italienischen Wein &hellip;<\/p>\n","protected":false},"author":1,"featured_media":2425,"comment_status":"open","ping_status":"open","sticky":false,"template":"","format":"standard","meta":{"_mi_skip_tracking":false,"_exactmetrics_sitenote_active":false,"_exactmetrics_sitenote_note":"","_exactmetrics_sitenote_category":0,"ngg_post_thumbnail":0,"jetpack_post_was_ever_published":false,"_jetpack_newsletter_access":"","footnotes":"","jetpack_publicize_message":"Panettone","jetpack_is_tweetstorm":false,"jetpack_publicize_feature_enabled":true,"jetpack_social_post_already_shared":true,"jetpack_social_options":{"image_generator_settings":{"template":"highway","enabled":false}}},"categories":[2],"tags":[150,275,35],"jetpack_publicize_connections":[],"jetpack_featured_media_url":"https:\/\/www.samskitchen.at\/wp-content\/uploads\/2016\/01\/2016-01-29-08.51.37.jpg","jetpack_sharing_enabled":true,"jetpack_shortlink":"https:\/\/wp.me\/p41IW0-s9","_links":{"self":[{"href":"https:\/\/www.samskitchen.at\/index.php?rest_route=\/wp\/v2\/posts\/1745"}],"collection":[{"href":"https:\/\/www.samskitchen.at\/index.php?rest_route=\/wp\/v2\/posts"}],"about":[{"href":"https:\/\/www.samskitchen.at\/index.php?rest_route=\/wp\/v2\/types\/post"}],"author":[{"embeddable":true,"href":"https:\/\/www.samskitchen.at\/index.php?rest_route=\/wp\/v2\/users\/1"}],"replies":[{"embeddable":true,"href":"https:\/\/www.samskitchen.at\/index.php?rest_route=%2Fwp%2Fv2%2Fcomments&post=1745"}],"version-history":[{"count":10,"href":"https:\/\/www.samskitchen.at\/index.php?rest_route=\/wp\/v2\/posts\/1745\/revisions"}],"predecessor-version":[{"id":2429,"href":"https:\/\/www.samskitchen.at\/index.php?rest_route=\/wp\/v2\/posts\/1745\/revisions\/2429"}],"wp:featuredmedia":[{"embeddable":true,"href":"https:\/\/www.samskitchen.at\/index.php?rest_route=\/wp\/v2\/media\/2425"}],"wp:attachment":[{"href":"https:\/\/www.samskitchen.at\/index.php?rest_route=%2Fwp%2Fv2%2Fmedia&parent=1745"}],"wp:term":[{"taxonomy":"category","embeddable":true,"href":"https:\/\/www.samskitchen.at\/index.php?rest_route=%2Fwp%2Fv2%2Fcategories&post=1745"},{"taxonomy":"post_tag","embeddable":true,"href":"https:\/\/www.samskitchen.at\/index.php?rest_route=%2Fwp%2Fv2%2Ftags&post=1745"}],"curies":[{"name":"wp","href":"https:\/\/api.w.org\/{rel}","templated":true}]}}