{"id":1735,"date":"2014-12-06T09:38:00","date_gmt":"2014-12-06T08:38:00","guid":{"rendered":"http:\/\/www.samskitchen.at\/?p=1735"},"modified":"2014-12-06T09:38:00","modified_gmt":"2014-12-06T08:38:00","slug":"landbrot","status":"publish","type":"post","link":"https:\/\/www.samskitchen.at\/?p=1735","title":{"rendered":"Landbrot"},"content":{"rendered":"<p><a href=\"http:\/\/www.samskitchen.at\/?attachment_id=1741#main\" rel=\"attachment wp-att-1741\"><img decoding=\"async\" loading=\"lazy\" class=\"alignnone wp-image-1741 size-large\" src=\"http:\/\/www.samskitchen.at\/wp-content\/uploads\/2014\/12\/2014-12-06-09.19.27-510x382.jpg\" alt=\"2014-12-06 09.19.27\" width=\"510\" height=\"382\" srcset=\"https:\/\/www.samskitchen.at\/wp-content\/uploads\/2014\/12\/2014-12-06-09.19.27-510x382.jpg 510w, https:\/\/www.samskitchen.at\/wp-content\/uploads\/2014\/12\/2014-12-06-09.19.27-300x225.jpg 300w, https:\/\/www.samskitchen.at\/wp-content\/uploads\/2014\/12\/2014-12-06-09.19.27-330x247.jpg 330w, https:\/\/www.samskitchen.at\/wp-content\/uploads\/2014\/12\/2014-12-06-09.19.27-530x397.jpg 530w, https:\/\/www.samskitchen.at\/wp-content\/uploads\/2014\/12\/2014-12-06-09.19.27.jpg 700w\" sizes=\"(max-width: 510px) 100vw, 510px\" \/><\/a>Landbrot &#8211; was versteckt sich hinter dieser Typisierung? Fast jeder B\u00e4cker und auch inzwischen jeder Aufb\u00e4cker oder jeder Supermarkt mit sogenannter Backbox oder wie die es nennen, hat in seinem Sortiment &#8222;Landbrot&#8220;. Was aber bitte ist ein Landbrot. Es ist mir unm\u00f6glich irgendwo eine genaue Beschreibung oder Definition dieses Begriffes zu finden. Unz\u00e4hlige Bezeichnungen wie zum Beispiel, Paderborner Landbrot, Nussd\u00f6rfer Landbrot, Gurktaler Landbrot, Gurktaler Landbrot, Griechisches, Italienisches, Franz\u00f6sisches u.s.w. \u00a0jede Region hat ihr eigenes Landbrot. Nur amerikanisches \u00a0Landbrot gibts anscheinend keines. Also mach auch ich mir ein LANDBROT.<\/p>\n<p>Mein Ziel war es, ein rustikales aber doch sehr luftiges Weizenbrot mit geringem Roggenanteil herzustellen. Ein Brot dass eine sehr r\u00f6sche Kruste aufweist und deren Inneres mit unregelm\u00e4ssigen Poren durchdrungen ist. Die Krume sollte weich, elastisch aber doch kompakt sein. Auch auf die Zugabe von Hefe sollte verzichtet werden. Dieses Weizenbrot wird einzig und alleine durch die F\u00fchrung eines mehrstufigen Sauerteiges gelockert. \u00a0Um den Geschmack recht mild zu halten sollte man darauf achten, dass die Sauerteigtemperatur immer konstant gehalten werden sollte um die Bildung vom Hefen und Milchs\u00e4urebakterien ausgewogen zu halten. Die Temperatur zwischen 25 \u2013 28 \u00b0C sollte unbedingt eingehalten werden um bei der Grundsuerbildung die Hefeentwicklung sicherzustellen und gleichzeitig wenige Essigs\u00e4ure zu produzieren.<\/p>\n<p>Um einen triebf\u00e4higen und leistungsstarken Grundsauer zu bekommen, muss dieser vor der Vorteigf\u00fchrung mind. 3 mal zu je 3-4 Stunden aufgefrischt werden. Mit dieser Methode wird der Grundsauer innerhalb der 12 Stunden neutralisiert und die Triebkraft aktiviert.<\/p>\n<p>Wie schon kurz angesprochen wird aus dem ausgereiften und triebf\u00e4higen Grundsauer der Vorteig f\u00fcr das Brot hergestellt. Dieser Vorteig wird dazu verwendet, um eine ausreichende und gleichm\u00e4\u00dfige Triebleistung zu erreichen. Zwar mag diese Herstellung f\u00fcr den einen oder anderen etwas aufwendig klingen, aber durch diese Herstellungsmethode erreicht man bei Broten Spitzenqualit\u00e4t.<\/p>\n<p>Vorteile eines mit Grundsauer hergestellten Brot:<\/p>\n<p>einzigartiges Brotaroma<br \/>\nIntensiver Geschmack der Krume<br \/>\nLang anhaltende R\u00f6sche und Frischhaltung<br \/>\nSchimmelschutz<\/p>\n<p><strong>Herstellung eines Triebf\u00e4higen Grundsauers:<\/strong><br \/>\n<strong>1. Grundsauer ansetzten:<\/strong><\/p>\n<p>100g Weizenmehl Type 700<br \/>\n100g Anstellgut<br \/>\n60g Wasser<br \/>\nTT: 26-28\u00b0C MZ: 3-4 Min. RZ: 18-20 Stunden<\/p>\n<p>Der Grundsauer hat seine volle Reife erreicht, wenn sich das Volumen verdoppelt hat. Je h\u00f6her die Mehltype, desto aktiver ist die Entwicklungsphase.<\/p>\n<p><strong>2. Weitere Auffrischungen:<\/strong><\/p>\n<p>100g Weizenmehl Type 700<br \/>\n100g ausgereifter Grundsauer<br \/>\n60g Wasser<br \/>\nTT: 26-28\u00b0C MZ: 3-4 Min. RZ: 3 &#8211; 4 Stunden<\/p>\n<p>Die Auffrischung des Grundsauers so lange Widerholen, bis sich das Volumen des Teiges innerhalb 3-4 Stunden verdoppelt hat.<\/p>\n<p>Rezept f\u00fcr 2 Landbrote von einem Teiggewicht mit 1752 (2x876g)<\/p>\n<p><strong>Vorteig:<\/strong><\/p>\n<p>155g Wasser (35\u00b0C)<br \/>\n170g Weizenmehl Type 700<br \/>\n80g Weizenmehl Type 1600<br \/>\n45g ausgereifter Grundsauer<br \/>\n1,2g Meersalz<br \/>\nTT: 26-28\u00b0C RZ: 6-8 Stunden MZ: 4\/4Min<\/p>\n<p>Der Vorteig hat seine volle Reife erreicht, wenn sich das Volumen verdreifacht hat. Ich w\u00fcrde auch eine etwas h\u00f6here Teigtemperatur von 32-34\u00b0C ansetzten. Durch die lange Stehzeit von 6-8Stunden bei Raumtemperatur k\u00fchlt der Vorteig wahrscheinlich zu rasch aus, daher die w\u00e4rmere Anfangstemperatur um eine sp\u00e4teres Mitte von 28\u00b0C zu erreichen.<\/p>\n<p><strong>Hauptteig:<\/strong><\/p>\n<p>462g reifer Vorteig<br \/>\n500g Weizenmehl Type 700<br \/>\n125g Weizenmehl Type 1600<br \/>\n125g Roggenmehl Type 960<br \/>\n522g Wasser<br \/>\n18g Meersalz<br \/>\nTT: 28-30\u00b0C RZ: 100-120Min. MZ: 7\/5-6Min.<\/p>\n<p>Alle Zutaten zu einem glatten Teig Auskneten. Anschlie\u00dfend reift der Teig zugedeckt f\u00fcr 100-120Minuten in einer ge\u00f6lten Wanne.<\/p>\n<p>Danach wird der Teig in zwei gleich gro\u00dfe St\u00fccke geteilt, zu runden Laiben geformt und mit dem Schluss nach oben in einen bestaubten G\u00e4rkorb (Simperl) gelegt. Diese geformten Laibe reifen nun bei Raumtemperatur heran, und k\u00f6nnen danach je nach Wunsch weiter im K\u00fchlschrank bei 5\u00b0C lagern. Bei voller Gare sollten Die Laibe nicht l\u00e4nger als 4-5Stunden gelagert werden.<\/p>\n<p>Vor dem Backen an der Oberseite mit einer scharfen Klinge einschneiden und mit reichlich Schwaden bei 250\u00b0C in den Ofen schieben. Nach etwa 10 Minuten den Ofen auf 195\u00b0C zur\u00fcckschalten und knusprig ausbacken. Um die R\u00f6sche zu erh\u00f6hen, kann nach der halben Backzeit der Schwaden aus dem Ofen abgelassen werden.<\/p>\n<p><a href=\"http:\/\/www.samskitchen.at\/?attachment_id=1742#main\" rel=\"attachment wp-att-1742\"><img decoding=\"async\" loading=\"lazy\" class=\"alignnone wp-image-1742 size-large\" src=\"http:\/\/www.samskitchen.at\/wp-content\/uploads\/2014\/12\/2014-12-06-09.18.32-510x382.jpg\" alt=\"2014-12-06 09.18.32\" width=\"510\" height=\"382\" srcset=\"https:\/\/www.samskitchen.at\/wp-content\/uploads\/2014\/12\/2014-12-06-09.18.32-510x382.jpg 510w, https:\/\/www.samskitchen.at\/wp-content\/uploads\/2014\/12\/2014-12-06-09.18.32-300x225.jpg 300w, https:\/\/www.samskitchen.at\/wp-content\/uploads\/2014\/12\/2014-12-06-09.18.32-330x247.jpg 330w, https:\/\/www.samskitchen.at\/wp-content\/uploads\/2014\/12\/2014-12-06-09.18.32-530x397.jpg 530w, https:\/\/www.samskitchen.at\/wp-content\/uploads\/2014\/12\/2014-12-06-09.18.32.jpg 700w\" sizes=\"(max-width: 510px) 100vw, 510px\" \/><\/a> <a href=\"http:\/\/www.samskitchen.at\/?attachment_id=1741#main\" rel=\"attachment wp-att-1741\"><img decoding=\"async\" loading=\"lazy\" class=\"alignnone wp-image-1741 size-large\" src=\"http:\/\/www.samskitchen.at\/wp-content\/uploads\/2014\/12\/2014-12-06-09.19.27-510x382.jpg\" alt=\"2014-12-06 09.19.27\" width=\"510\" height=\"382\" srcset=\"https:\/\/www.samskitchen.at\/wp-content\/uploads\/2014\/12\/2014-12-06-09.19.27-510x382.jpg 510w, https:\/\/www.samskitchen.at\/wp-content\/uploads\/2014\/12\/2014-12-06-09.19.27-300x225.jpg 300w, https:\/\/www.samskitchen.at\/wp-content\/uploads\/2014\/12\/2014-12-06-09.19.27-330x247.jpg 330w, https:\/\/www.samskitchen.at\/wp-content\/uploads\/2014\/12\/2014-12-06-09.19.27-530x397.jpg 530w, https:\/\/www.samskitchen.at\/wp-content\/uploads\/2014\/12\/2014-12-06-09.19.27.jpg 700w\" sizes=\"(max-width: 510px) 100vw, 510px\" \/><\/a> <a href=\"http:\/\/www.samskitchen.at\/?attachment_id=1740#main\" rel=\"attachment wp-att-1740\"><img decoding=\"async\" loading=\"lazy\" class=\"alignnone wp-image-1740 size-large\" src=\"http:\/\/www.samskitchen.at\/wp-content\/uploads\/2014\/12\/2014-12-06-09.20.32-510x382.jpg\" alt=\"2014-12-06 09.20.32\" width=\"510\" height=\"382\" srcset=\"https:\/\/www.samskitchen.at\/wp-content\/uploads\/2014\/12\/2014-12-06-09.20.32-510x382.jpg 510w, https:\/\/www.samskitchen.at\/wp-content\/uploads\/2014\/12\/2014-12-06-09.20.32-300x225.jpg 300w, https:\/\/www.samskitchen.at\/wp-content\/uploads\/2014\/12\/2014-12-06-09.20.32-330x247.jpg 330w, https:\/\/www.samskitchen.at\/wp-content\/uploads\/2014\/12\/2014-12-06-09.20.32-530x397.jpg 530w, https:\/\/www.samskitchen.at\/wp-content\/uploads\/2014\/12\/2014-12-06-09.20.32.jpg 700w\" sizes=\"(max-width: 510px) 100vw, 510px\" \/><\/a> <a href=\"http:\/\/www.samskitchen.at\/?attachment_id=1739#main\" rel=\"attachment wp-att-1739\"><img decoding=\"async\" loading=\"lazy\" class=\"alignnone wp-image-1739 size-large\" src=\"http:\/\/www.samskitchen.at\/wp-content\/uploads\/2014\/12\/2014-12-06-09.20.38-510x382.jpg\" alt=\"2014-12-06 09.20.38\" width=\"510\" height=\"382\" srcset=\"https:\/\/www.samskitchen.at\/wp-content\/uploads\/2014\/12\/2014-12-06-09.20.38-510x382.jpg 510w, https:\/\/www.samskitchen.at\/wp-content\/uploads\/2014\/12\/2014-12-06-09.20.38-300x225.jpg 300w, https:\/\/www.samskitchen.at\/wp-content\/uploads\/2014\/12\/2014-12-06-09.20.38-330x247.jpg 330w, https:\/\/www.samskitchen.at\/wp-content\/uploads\/2014\/12\/2014-12-06-09.20.38-530x397.jpg 530w, https:\/\/www.samskitchen.at\/wp-content\/uploads\/2014\/12\/2014-12-06-09.20.38.jpg 700w\" sizes=\"(max-width: 510px) 100vw, 510px\" \/><\/a><\/p>\n<p>Quelle: <a href=\"http:\/\/www.homebaking.at\/landbrot\/\">www.homebaking.at<\/a><\/p>\n<p>eingereicht bei <a href=\"http:\/\/www.wildyeastblog.com\/yeastspotting\/\">Yeastspotting<\/a><\/p>\n","protected":false},"excerpt":{"rendered":"<p>Landbrot &#8211; was versteckt sich hinter dieser Typisierung? Fast jeder B\u00e4cker und auch inzwischen jeder Aufb\u00e4cker oder jeder Supermarkt mit sogenannter Backbox oder wie die es nennen, hat in seinem Sortiment &#8222;Landbrot&#8220;. Was aber bitte ist ein Landbrot. Es ist mir unm\u00f6glich irgendwo eine genaue Beschreibung oder Definition dieses Begriffes zu finden. Unz\u00e4hlige Bezeichnungen wie zum Beispiel, Paderborner Landbrot, Nussd\u00f6rfer &hellip;<\/p>\n","protected":false},"author":1,"featured_media":1742,"comment_status":"open","ping_status":"open","sticky":false,"template":"","format":"standard","meta":{"_mi_skip_tracking":false,"_exactmetrics_sitenote_active":false,"_exactmetrics_sitenote_note":"","_exactmetrics_sitenote_category":0,"ngg_post_thumbnail":0,"jetpack_post_was_ever_published":false,"_jetpack_newsletter_access":"","footnotes":"","jetpack_publicize_message":"","jetpack_is_tweetstorm":false,"jetpack_publicize_feature_enabled":true,"jetpack_social_post_already_shared":true,"jetpack_social_options":{"image_generator_settings":{"template":"highway","enabled":false}}},"categories":[2],"tags":[235,234,20,35,66],"jetpack_publicize_connections":[],"jetpack_featured_media_url":"https:\/\/www.samskitchen.at\/wp-content\/uploads\/2014\/12\/2014-12-06-09.18.32.jpg","jetpack_sharing_enabled":true,"jetpack_shortlink":"https:\/\/wp.me\/s41IW0-landbrot","_links":{"self":[{"href":"https:\/\/www.samskitchen.at\/index.php?rest_route=\/wp\/v2\/posts\/1735"}],"collection":[{"href":"https:\/\/www.samskitchen.at\/index.php?rest_route=\/wp\/v2\/posts"}],"about":[{"href":"https:\/\/www.samskitchen.at\/index.php?rest_route=\/wp\/v2\/types\/post"}],"author":[{"embeddable":true,"href":"https:\/\/www.samskitchen.at\/index.php?rest_route=\/wp\/v2\/users\/1"}],"replies":[{"embeddable":true,"href":"https:\/\/www.samskitchen.at\/index.php?rest_route=%2Fwp%2Fv2%2Fcomments&post=1735"}],"version-history":[{"count":3,"href":"https:\/\/www.samskitchen.at\/index.php?rest_route=\/wp\/v2\/posts\/1735\/revisions"}],"predecessor-version":[{"id":1743,"href":"https:\/\/www.samskitchen.at\/index.php?rest_route=\/wp\/v2\/posts\/1735\/revisions\/1743"}],"wp:featuredmedia":[{"embeddable":true,"href":"https:\/\/www.samskitchen.at\/index.php?rest_route=\/wp\/v2\/media\/1742"}],"wp:attachment":[{"href":"https:\/\/www.samskitchen.at\/index.php?rest_route=%2Fwp%2Fv2%2Fmedia&parent=1735"}],"wp:term":[{"taxonomy":"category","embeddable":true,"href":"https:\/\/www.samskitchen.at\/index.php?rest_route=%2Fwp%2Fv2%2Fcategories&post=1735"},{"taxonomy":"post_tag","embeddable":true,"href":"https:\/\/www.samskitchen.at\/index.php?rest_route=%2Fwp%2Fv2%2Ftags&post=1735"}],"curies":[{"name":"wp","href":"https:\/\/api.w.org\/{rel}","templated":true}]}}