{"id":1722,"date":"2014-12-02T15:24:30","date_gmt":"2014-12-02T14:24:30","guid":{"rendered":"http:\/\/www.samskitchen.at\/?p=1722"},"modified":"2014-12-02T15:25:28","modified_gmt":"2014-12-02T14:25:28","slug":"sams-kitchen-im-kaerntner-monat","status":"publish","type":"post","link":"https:\/\/www.samskitchen.at\/?p=1722","title":{"rendered":"Sam\u00b4s Kitchen im &#8222;K\u00e4rntner Monat&#8220;"},"content":{"rendered":"<p>&nbsp;<\/p>\n<p><a href=\"http:\/\/www.samskitchen.at\/?attachment_id=1567#main\" rel=\"attachment wp-att-1567\"><img decoding=\"async\" loading=\"lazy\" class=\"alignnone wp-image-1567 size-large\" src=\"http:\/\/www.samskitchen.at\/wp-content\/uploads\/2014\/10\/2014-10-07-15.20.04-510x510.jpg\" alt=\"2014-10-07 15.20.04\" width=\"510\" height=\"510\" srcset=\"https:\/\/www.samskitchen.at\/wp-content\/uploads\/2014\/10\/2014-10-07-15.20.04-510x510.jpg 510w, https:\/\/www.samskitchen.at\/wp-content\/uploads\/2014\/10\/2014-10-07-15.20.04-150x150.jpg 150w, https:\/\/www.samskitchen.at\/wp-content\/uploads\/2014\/10\/2014-10-07-15.20.04-300x300.jpg 300w, https:\/\/www.samskitchen.at\/wp-content\/uploads\/2014\/10\/2014-10-07-15.20.04-330x330.jpg 330w, https:\/\/www.samskitchen.at\/wp-content\/uploads\/2014\/10\/2014-10-07-15.20.04-530x530.jpg 530w, https:\/\/www.samskitchen.at\/wp-content\/uploads\/2014\/10\/2014-10-07-15.20.04.jpg 1200w\" sizes=\"(max-width: 510px) 100vw, 510px\" \/><\/a>In der aktuellen Dezemberausgabe des Magazins &#8222;<a href=\"http:\/\/www.monat.at\/das-magazin-und-archiv\/\">K\u00e4rntner Mona<\/a>t&#8220; findet ihr\u00a0\u00a0ein Interview mit mir. Im November war eine Journalistin bei mir und nun gibts das Interview nachzulesen. H\u00e4tte mir nicht gedacht, dass dieses Lifestylemagazin \u00fcber meine bescheidenen Backk\u00fcnste berichtet.<\/p>\n<p>&nbsp;<\/p>\n","protected":false},"excerpt":{"rendered":"<p>&nbsp; In der aktuellen Dezemberausgabe des Magazins &#8222;K\u00e4rntner Monat&#8220; findet ihr\u00a0\u00a0ein Interview mit mir. Im November war eine Journalistin bei mir und nun gibts das Interview nachzulesen. H\u00e4tte mir nicht gedacht, dass dieses Lifestylemagazin \u00fcber meine bescheidenen Backk\u00fcnste berichtet. &nbsp;<\/p>\n","protected":false},"author":1,"featured_media":1298,"comment_status":"open","ping_status":"open","sticky":false,"template":"","format":"standard","meta":{"_mi_skip_tracking":false,"_exactmetrics_sitenote_active":false,"_exactmetrics_sitenote_note":"","_exactmetrics_sitenote_category":0,"ngg_post_thumbnail":0,"jetpack_post_was_ever_published":false,"_jetpack_newsletter_access":"","footnotes":"","jetpack_publicize_message":"","jetpack_is_tweetstorm":false,"jetpack_publicize_feature_enabled":true,"jetpack_social_post_already_shared":true,"jetpack_social_options":{"image_generator_settings":{"template":"highway","enabled":false}}},"categories":[1],"tags":[],"jetpack_publicize_connections":[],"jetpack_featured_media_url":"https:\/\/www.samskitchen.at\/wp-content\/uploads\/2014\/07\/LogoSamsKitchen_final_CMYK.jpg","jetpack_sharing_enabled":true,"jetpack_shortlink":"https:\/\/wp.me\/p41IW0-rM","_links":{"self":[{"href":"https:\/\/www.samskitchen.at\/index.php?rest_route=\/wp\/v2\/posts\/1722"}],"collection":[{"href":"https:\/\/www.samskitchen.at\/index.php?rest_route=\/wp\/v2\/posts"}],"about":[{"href":"https:\/\/www.samskitchen.at\/index.php?rest_route=\/wp\/v2\/types\/post"}],"author":[{"embeddable":true,"href":"https:\/\/www.samskitchen.at\/index.php?rest_route=\/wp\/v2\/users\/1"}],"replies":[{"embeddable":true,"href":"https:\/\/www.samskitchen.at\/index.php?rest_route=%2Fwp%2Fv2%2Fcomments&post=1722"}],"version-history":[{"count":1,"href":"https:\/\/www.samskitchen.at\/index.php?rest_route=\/wp\/v2\/posts\/1722\/revisions"}],"predecessor-version":[{"id":1723,"href":"https:\/\/www.samskitchen.at\/index.php?rest_route=\/wp\/v2\/posts\/1722\/revisions\/1723"}],"wp:featuredmedia":[{"embeddable":true,"href":"https:\/\/www.samskitchen.at\/index.php?rest_route=\/wp\/v2\/media\/1298"}],"wp:attachment":[{"href":"https:\/\/www.samskitchen.at\/index.php?rest_route=%2Fwp%2Fv2%2Fmedia&parent=1722"}],"wp:term":[{"taxonomy":"category","embeddable":true,"href":"https:\/\/www.samskitchen.at\/index.php?rest_route=%2Fwp%2Fv2%2Fcategories&post=1722"},{"taxonomy":"post_tag","embeddable":true,"href":"https:\/\/www.samskitchen.at\/index.php?rest_route=%2Fwp%2Fv2%2Ftags&post=1722"}],"curies":[{"name":"wp","href":"https:\/\/api.w.org\/{rel}","templated":true}]}}