{"id":1705,"date":"2014-11-25T15:53:26","date_gmt":"2014-11-25T14:53:26","guid":{"rendered":"http:\/\/www.samskitchen.at\/?p=1705"},"modified":"2014-11-25T15:53:26","modified_gmt":"2014-11-25T14:53:26","slug":"tabatiere-franzoesische-spezialitaet","status":"publish","type":"post","link":"https:\/\/www.samskitchen.at\/?p=1705","title":{"rendered":"Tabatiere (franz\u00f6sische Spezialit\u00e4t)"},"content":{"rendered":"<p><a href=\"http:\/\/www.samskitchen.at\/?attachment_id=1710#main\" rel=\"attachment wp-att-1710\"><img decoding=\"async\" loading=\"lazy\" class=\"alignnone wp-image-1710 size-large\" src=\"http:\/\/www.samskitchen.at\/wp-content\/uploads\/2014\/11\/2014-11-25-14.52.20-510x382.jpg\" alt=\"2014-11-25 14.52.20\" width=\"510\" height=\"382\" srcset=\"https:\/\/www.samskitchen.at\/wp-content\/uploads\/2014\/11\/2014-11-25-14.52.20-510x382.jpg 510w, https:\/\/www.samskitchen.at\/wp-content\/uploads\/2014\/11\/2014-11-25-14.52.20-300x225.jpg 300w, https:\/\/www.samskitchen.at\/wp-content\/uploads\/2014\/11\/2014-11-25-14.52.20-330x247.jpg 330w, https:\/\/www.samskitchen.at\/wp-content\/uploads\/2014\/11\/2014-11-25-14.52.20-530x397.jpg 530w, https:\/\/www.samskitchen.at\/wp-content\/uploads\/2014\/11\/2014-11-25-14.52.20.jpg 1000w\" sizes=\"(max-width: 510px) 100vw, 510px\" \/><\/a>Eine Tabatiere (franz\u00f6sisch tabati\u00e8re, \u00e4lter tabaqui\u00e8re) ist eine Dose zur Aufbewahrung von Schnupftabak. Diese war besonders im 18. Jahrhundert beliebt und war oftmals mit Email-, Tula- und Schildpattarbeiten sowie Intarsien reich verziert. Aber warum nennt man ein Brot nach so einer Dose? \u00a0Die Interessante Form des Brotes erinnert an eine solche Tabakdose (der Tank quillt aus der Dose). Durch die besondere Formgebung beim Wirken den Brotes erreicht man dieses Gebilde.<br \/>\nBeim St\u00f6bern durch andere B\u00e4ckerblogs stiess ich des \u00d6fteren auf diese franz\u00f6sische Spezialit\u00e4t. Also was liegt n\u00e4her als es selbst zu versuchen.<\/p>\n<p>So sind bei diesem Weizenbrot bereits 50% der Mehlmenge im Vorteig (P\u00e2te Ferment\u00eae) enthalten. Dem Hauptteig wurde dann noch ein kleiner Teil an Vollkornmehl zugesetzt, so dass bei diesem Brot das Kleberger\u00fcst bereits durch den hohen Mehlanteil im Vorteig etwas gehemmt wurde. Auch in den G\u00e4rzeiten (k\u00fchle Gare) ist ein Zusammenhang zu sehen. Hohe Vorteigmengen schlie\u00dfen eine sehr lange St\u00fcckgare aus, weil der Abbau des Klebers durch die hohe Vorteigmenge bereits zu weit fortgeschritten ist.<\/p>\n<p>So wurde bei der k\u00fchlen (und kurzen) Teigreife das Kleberger\u00fcst weiter geschw\u00e4cht, aber die Aromen entwickelten sich unterdessen weiter. Weiters w\u00e4re eine Aromaverbesserung bei einer h\u00f6heren Teigausbeute (TA) zu erreichen gewesen. Teigausbeuten \u00fcber 170 sind vorteilhaft f\u00fcr eine optimale Aromabildung.<\/p>\n<p>Noch intensiver kommt das in der Backphase entstehende Krustenaroma zu Tragen. Je nach Krustenf\u00e4rbung und Krustenst\u00e4rke werden die Genusseigenschaften bei Broten weiter durch die Kombination von Krumenaroma, Krumensftigkeit und Krustengeschmack bestimmt.<\/p>\n<p><strong>Rezept f\u00fcr ein Teiggewicht von 910g ( 2 Stk zu je 455g)<\/strong><\/p>\n<p>Vorteig:<\/p>\n<p>260g Weizenmehl Type 700<br \/>\n140g Wasser<br \/>\n5g Meersalz<br \/>\n2g Hefe<br \/>\nTT: 28\u00b0C RZ: 18- 48 Stunden TA: 154<\/p>\n<p>In der Knetmaschine am langsamen Gang 3-4 Minuten Knollenfrei mischen und nach 90Minuten Reifezeit bei Raumtemperatur zugedeckt im K\u00fchlschrank weiter bei 4\u00b0C lagern.<\/p>\n<p>Hauptteig:<\/p>\n<p>407g reifer Vorteig<br \/>\n200g Weizenmehl Type 700<br \/>\n6og Weizenvollkornmehl<br \/>\n230g Wasser (k\u00f6nnte durch das Vollkornmehl auch eventuell h\u00f6her ausfallen)<br \/>\n7g Meersalz<br \/>\n3g Fl\u00fcssigmalz<br \/>\n3g Hefe<br \/>\nTT: 27-28\u00b0C TA: 171 (die TA t\u00e4uscht durch den Vollkornanteil)<\/p>\n<p>Alle Zutaten zu einem glatten Teig Auskneten, wobei durch den hohen Vorteiganteil eine Mischzeit von 7 langsam und 3 Minuten schnell gen\u00fcgen werden. Nach dem Kneten reift der Teig zugedeckt f\u00fcr 60 Minuten im Knetkessel.<\/p>\n<p>Nach der eingehaltenen Teigreife wird der Teig in gleich gro\u00dfe St\u00fccke geteilt und zu runden Laiben geformt. Mit dem Schluss nach unten rasten die Laibe zugedeckt f\u00fcr weitere 30 Minuten.<\/p>\n<p>Nun folgt die Aufarbeitung: Der Laib wird mit der flachen Hand etwas flach gedr\u00fcckt und mit einem Rundholz (runder Holzstab) wird eine h\u00e4lfte des Laibes von der Mitte nach au\u00dfen aus d\u00fcnn ausgerollt. Die ausgerollte H\u00e4lfte sollte beim \u00dcberschlagen die Nicht-Ausgerollte H\u00e4lfte des Laibes vollst\u00e4ndig bedecken. Vor dem zusammenlegen wird die \u00dcberlappte Stelle mit Wasser d\u00fcnn bestrichen. Durch das Abstreichen mit Wasser verbinden sich die Teigst\u00fccke miteinander.<\/p>\n<p>Die geformten Teigst\u00fccke werden nun zum Garen mit der d\u00fcnn ausgerollten Seite nach Oben auf ein Trennpapier weggesetzt. Noch einmal etwas Nachformen und nach belieben mit Mehl bestauben.<\/p>\n<p>Zum Backen werden die geformten Teigst\u00fccke mit dem Trennpapier auf die Backschaufel gezogen und in den Ofen auf den Backstein geschoben. Durch das Trennpapier rutschen die Teiglinge leichter von der Backschaufel.<\/p>\n<p>Bei 3\/4 Gare mit kr\u00e4ftiger Schwaden bei 250\u00b0C Backen. Nach 3 Minuten den Ofen auf 210\u00b0C zur\u00fcckschalten und kr\u00e4ftig ausbacken. Die Backzeit sollte etwa 35-40 Minuten betragen.<\/p>\n<p>&nbsp;<\/p>\n<p><a href=\"http:\/\/www.samskitchen.at\/?attachment_id=1715#main\" rel=\"attachment wp-att-1715\"><img decoding=\"async\" loading=\"lazy\" class=\"alignnone wp-image-1715 size-large\" src=\"http:\/\/www.samskitchen.at\/wp-content\/uploads\/2014\/11\/2014-11-25-15.10.28-510x382.jpg\" alt=\"2014-11-25 15.10.28\" width=\"510\" height=\"382\" srcset=\"https:\/\/www.samskitchen.at\/wp-content\/uploads\/2014\/11\/2014-11-25-15.10.28-510x382.jpg 510w, https:\/\/www.samskitchen.at\/wp-content\/uploads\/2014\/11\/2014-11-25-15.10.28-300x225.jpg 300w, https:\/\/www.samskitchen.at\/wp-content\/uploads\/2014\/11\/2014-11-25-15.10.28-330x247.jpg 330w, https:\/\/www.samskitchen.at\/wp-content\/uploads\/2014\/11\/2014-11-25-15.10.28-530x397.jpg 530w, https:\/\/www.samskitchen.at\/wp-content\/uploads\/2014\/11\/2014-11-25-15.10.28.jpg 1000w\" sizes=\"(max-width: 510px) 100vw, 510px\" \/><\/a><a href=\"http:\/\/www.samskitchen.at\/?attachment_id=1713#main\" rel=\"attachment wp-att-1713\"><img decoding=\"async\" loading=\"lazy\" class=\"alignnone wp-image-1713 size-large\" src=\"http:\/\/www.samskitchen.at\/wp-content\/uploads\/2014\/11\/2014-11-25-14.52.45-510x362.jpg\" alt=\"2014-11-25 14.52.45\" width=\"510\" height=\"362\" srcset=\"https:\/\/www.samskitchen.at\/wp-content\/uploads\/2014\/11\/2014-11-25-14.52.45-510x362.jpg 510w, https:\/\/www.samskitchen.at\/wp-content\/uploads\/2014\/11\/2014-11-25-14.52.45-300x213.jpg 300w, https:\/\/www.samskitchen.at\/wp-content\/uploads\/2014\/11\/2014-11-25-14.52.45-330x234.jpg 330w, https:\/\/www.samskitchen.at\/wp-content\/uploads\/2014\/11\/2014-11-25-14.52.45-530x376.jpg 530w, https:\/\/www.samskitchen.at\/wp-content\/uploads\/2014\/11\/2014-11-25-14.52.45.jpg 1000w\" sizes=\"(max-width: 510px) 100vw, 510px\" \/><\/a> <a href=\"http:\/\/www.samskitchen.at\/?attachment_id=1712#main\" rel=\"attachment wp-att-1712\"><img decoding=\"async\" loading=\"lazy\" class=\"alignnone wp-image-1712 size-large\" src=\"http:\/\/www.samskitchen.at\/wp-content\/uploads\/2014\/11\/2014-11-25-14.52.37-510x382.jpg\" alt=\"2014-11-25 14.52.37\" width=\"510\" height=\"382\" srcset=\"https:\/\/www.samskitchen.at\/wp-content\/uploads\/2014\/11\/2014-11-25-14.52.37-510x382.jpg 510w, https:\/\/www.samskitchen.at\/wp-content\/uploads\/2014\/11\/2014-11-25-14.52.37-300x225.jpg 300w, https:\/\/www.samskitchen.at\/wp-content\/uploads\/2014\/11\/2014-11-25-14.52.37-330x247.jpg 330w, https:\/\/www.samskitchen.at\/wp-content\/uploads\/2014\/11\/2014-11-25-14.52.37-530x397.jpg 530w, https:\/\/www.samskitchen.at\/wp-content\/uploads\/2014\/11\/2014-11-25-14.52.37.jpg 1000w\" sizes=\"(max-width: 510px) 100vw, 510px\" \/><\/a> <a href=\"http:\/\/www.samskitchen.at\/?attachment_id=1711#main\" rel=\"attachment wp-att-1711\"><img decoding=\"async\" loading=\"lazy\" class=\"alignnone wp-image-1711 size-large\" src=\"http:\/\/www.samskitchen.at\/wp-content\/uploads\/2014\/11\/2014-11-25-14.52.27-510x382.jpg\" alt=\"2014-11-25 14.52.27\" width=\"510\" height=\"382\" srcset=\"https:\/\/www.samskitchen.at\/wp-content\/uploads\/2014\/11\/2014-11-25-14.52.27-510x382.jpg 510w, https:\/\/www.samskitchen.at\/wp-content\/uploads\/2014\/11\/2014-11-25-14.52.27-300x225.jpg 300w, https:\/\/www.samskitchen.at\/wp-content\/uploads\/2014\/11\/2014-11-25-14.52.27-330x247.jpg 330w, https:\/\/www.samskitchen.at\/wp-content\/uploads\/2014\/11\/2014-11-25-14.52.27-530x397.jpg 530w, https:\/\/www.samskitchen.at\/wp-content\/uploads\/2014\/11\/2014-11-25-14.52.27.jpg 1000w\" sizes=\"(max-width: 510px) 100vw, 510px\" \/><\/a><\/p>\n<p>Quelle: <a href=\"http:\/\/www.homebaking.at\">www.homebaking.at<\/a><\/p>\n<p>Eingereicht bei: <a href=\"http:\/\/www.wildyeastblog.com\/yeastspotting\/\">Yeastspotting<\/a><\/p>\n","protected":false},"excerpt":{"rendered":"<p>Eine Tabatiere (franz\u00f6sisch tabati\u00e8re, \u00e4lter tabaqui\u00e8re) ist eine Dose zur Aufbewahrung von Schnupftabak. Diese war besonders im 18. Jahrhundert beliebt und war oftmals mit Email-, Tula- und Schildpattarbeiten sowie Intarsien reich verziert. Aber warum nennt man ein Brot nach so einer Dose? \u00a0Die Interessante Form des Brotes erinnert an eine solche Tabakdose (der Tank quillt aus der Dose). Durch die &hellip;<\/p>\n","protected":false},"author":1,"featured_media":1710,"comment_status":"open","ping_status":"open","sticky":false,"template":"","format":"standard","meta":{"_mi_skip_tracking":false,"_exactmetrics_sitenote_active":false,"_exactmetrics_sitenote_note":"","_exactmetrics_sitenote_category":0,"ngg_post_thumbnail":0,"jetpack_post_was_ever_published":false,"_jetpack_newsletter_access":"","footnotes":"","jetpack_publicize_message":"","jetpack_is_tweetstorm":false,"jetpack_publicize_feature_enabled":true,"jetpack_social_post_already_shared":true,"jetpack_social_options":{"image_generator_settings":{"template":"highway","enabled":false}}},"categories":[2],"tags":[132,233,66],"jetpack_publicize_connections":[],"jetpack_featured_media_url":"https:\/\/www.samskitchen.at\/wp-content\/uploads\/2014\/11\/2014-11-25-14.52.20.jpg","jetpack_sharing_enabled":true,"jetpack_shortlink":"https:\/\/wp.me\/p41IW0-rv","_links":{"self":[{"href":"https:\/\/www.samskitchen.at\/index.php?rest_route=\/wp\/v2\/posts\/1705"}],"collection":[{"href":"https:\/\/www.samskitchen.at\/index.php?rest_route=\/wp\/v2\/posts"}],"about":[{"href":"https:\/\/www.samskitchen.at\/index.php?rest_route=\/wp\/v2\/types\/post"}],"author":[{"embeddable":true,"href":"https:\/\/www.samskitchen.at\/index.php?rest_route=\/wp\/v2\/users\/1"}],"replies":[{"embeddable":true,"href":"https:\/\/www.samskitchen.at\/index.php?rest_route=%2Fwp%2Fv2%2Fcomments&post=1705"}],"version-history":[{"count":6,"href":"https:\/\/www.samskitchen.at\/index.php?rest_route=\/wp\/v2\/posts\/1705\/revisions"}],"predecessor-version":[{"id":1718,"href":"https:\/\/www.samskitchen.at\/index.php?rest_route=\/wp\/v2\/posts\/1705\/revisions\/1718"}],"wp:featuredmedia":[{"embeddable":true,"href":"https:\/\/www.samskitchen.at\/index.php?rest_route=\/wp\/v2\/media\/1710"}],"wp:attachment":[{"href":"https:\/\/www.samskitchen.at\/index.php?rest_route=%2Fwp%2Fv2%2Fmedia&parent=1705"}],"wp:term":[{"taxonomy":"category","embeddable":true,"href":"https:\/\/www.samskitchen.at\/index.php?rest_route=%2Fwp%2Fv2%2Fcategories&post=1705"},{"taxonomy":"post_tag","embeddable":true,"href":"https:\/\/www.samskitchen.at\/index.php?rest_route=%2Fwp%2Fv2%2Ftags&post=1705"}],"curies":[{"name":"wp","href":"https:\/\/api.w.org\/{rel}","templated":true}]}}