{"id":1635,"date":"2015-10-05T10:57:17","date_gmt":"2015-10-05T08:57:17","guid":{"rendered":"http:\/\/www.samskitchen.at\/?p=1635"},"modified":"2015-10-05T12:23:36","modified_gmt":"2015-10-05T10:23:36","slug":"corn-rye-kornbroyd","status":"publish","type":"post","link":"https:\/\/www.samskitchen.at\/?p=1635","title":{"rendered":"Corn Rye \/ Kornbroyd"},"content":{"rendered":"<p><span style=\"font-size: large;\"><b><a href=\"http:\/\/www.samskitchen.at\/?attachment_id=1639#main\" rel=\"attachment wp-att-1639\"><img decoding=\"async\" loading=\"lazy\" class=\"alignnone wp-image-1639 size-large\" src=\"http:\/\/www.samskitchen.at\/wp-content\/uploads\/2014\/10\/2014-10-30-11.04.12-510x382.jpg\" alt=\"2014-10-30 11.04.12\" width=\"510\" height=\"382\" srcset=\"https:\/\/www.samskitchen.at\/wp-content\/uploads\/2014\/10\/2014-10-30-11.04.12-510x382.jpg 510w, https:\/\/www.samskitchen.at\/wp-content\/uploads\/2014\/10\/2014-10-30-11.04.12-300x225.jpg 300w, https:\/\/www.samskitchen.at\/wp-content\/uploads\/2014\/10\/2014-10-30-11.04.12-330x247.jpg 330w, https:\/\/www.samskitchen.at\/wp-content\/uploads\/2014\/10\/2014-10-30-11.04.12-530x397.jpg 530w, https:\/\/www.samskitchen.at\/wp-content\/uploads\/2014\/10\/2014-10-30-11.04.12.jpg 700w\" sizes=\"(max-width: 510px) 100vw, 510px\" \/><\/a>Corn Rye \/ Kornbroyd &#8211;\u00a0<\/b>das ist kein Schreibfehler &#8222;<a href=\"http:\/\/newyork.seriouseats.com\/2014\/03\/jewish-corn-rye-comeback.html\">Kornbroyd<\/a>&#8220; schreibt man wirklich so!<\/span><\/p>\n<p>Ich dachte zuerst auch \u00a0&#8211; Schreibfehler &#8211; aber dann hab ich Nachgeforscht und bin f\u00fcndig geworden. Ein j\u00fcdisches Alltagsbrot, dass j\u00fcdische Einwanderer aus Osteuropa \u00a0nach Amerika brachten. Sechs Tage in der Woche assen sie dieses Dunkle Roggenmischbrot und am Sabbat gab dann das weise goldene Challah einen Hefezopf. Charakteristisch f\u00fcr dieses Brot ist, dass eigentlich f\u00fcr unsere Geschmacksnerven mit viel zuwenig Salz gebacken wird. Aber wir kennen das ja aus der Toskana &#8211; wo Weissbrot \u00fcberhaupt ohne Salz gebacken wird und man gew\u00f6hnt sich schnell dran. Ein weiteres f\u00fcr mich merkw\u00fcrdiges Detail ist, dass viel Hefe beigesetzt wird. Ich war \u00fcberrascht wie schnell der Teig an Volumen zunahm. Das n\u00e4chste Mal werde ich die Hefemenge drastisch reduzieren. Aber ich hab mich ans Originalrezept (Stanley Ginsberg\u201eInside the Jewish Bakery)gehalten.<\/p>\n<p>Und nun zum Rezept:<\/p>\n<p><strong>Rezept f\u00fcr einen Leib mit 1,35 kg<\/strong><\/p>\n<p><strong>Vorteig:<\/strong><\/p>\n<p>55 g Roggenanstellgut<br \/>\n225 g warmes Wasser (32 Grad)<br \/>\n285 g Roggenmehl 960<br \/>\n2g Salz<\/p>\n<p><strong>Hauptteig:<\/strong><\/p>\n<p>567 g Vorteig<br \/>\n270 g warmes Wasser (42 Grad)<br \/>\n540 g Weizenvollkornmehl<br \/>\n20\u00a0g\u00a0frische Hefe<br \/>\n6 g Salz<br \/>\n14 g K\u00fcmmel<br \/>\n6 g Maisst\u00e4rke f\u00fcr Glanzstreiche<\/p>\n<p>F\u00fcr den Vorteig die Zutaten in einer Sch\u00fcssel gut vermengen und bei Raumtemperatur \u00fcber Nacht stehen lassen.<\/p>\n<p>Alle Zutaten des Hauptteiges incl. des Vorteiges bei langsamer Geschwindigkeit ca. 6-8 Minuten gut durchmischen und in einer Sch\u00fcssel bei Raumtemperatur solange stehen lassen, bis sich der Teig verdoppelt hat.<\/p>\n<p>Den Teig rund formen etwas flach dr\u00fccken, mit Wasser abstreichen und bei Raumtemperatur zur Gare stellen. Nach erreichen der fast vollen Gare in den Ofen einschiessen.<\/p>\n<p>In der Zwischenzeit sollte der Ofen schon gut aufgeheizt sein.<\/p>\n<p>Bei 230 Grad fallend auf 175 Grad ca. 90 Minuten backen. Die Kruste sollte sch\u00f6n dunkelbraun sein. Aus dem Ofen nehmen und sofort mit der im kochenden Wasser aufgel\u00f6ssten Speisest\u00e4rke (150g kochendes Wasser mit 4\u00a0g Maisst\u00e4rke vermischen und ausk\u00fchlen lassen) bestreichen. Vor dem Anschneiden das Brot \u00a0ausk\u00fchlen lassen.<\/p>\n<p><a href=\"http:\/\/www.samskitchen.at\/?attachment_id=1643#main\" rel=\"attachment wp-att-1643\"><img decoding=\"async\" loading=\"lazy\" class=\"alignnone wp-image-1643 size-large\" src=\"http:\/\/www.samskitchen.at\/wp-content\/uploads\/2014\/10\/2014-10-30-14.30.34-510x382.jpg\" alt=\"2014-10-30 14.30.34\" width=\"510\" height=\"382\" srcset=\"https:\/\/www.samskitchen.at\/wp-content\/uploads\/2014\/10\/2014-10-30-14.30.34-510x382.jpg 510w, https:\/\/www.samskitchen.at\/wp-content\/uploads\/2014\/10\/2014-10-30-14.30.34-300x225.jpg 300w, https:\/\/www.samskitchen.at\/wp-content\/uploads\/2014\/10\/2014-10-30-14.30.34-330x247.jpg 330w, https:\/\/www.samskitchen.at\/wp-content\/uploads\/2014\/10\/2014-10-30-14.30.34-530x397.jpg 530w, https:\/\/www.samskitchen.at\/wp-content\/uploads\/2014\/10\/2014-10-30-14.30.34.jpg 1200w\" sizes=\"(max-width: 510px) 100vw, 510px\" \/><\/a> <a href=\"http:\/\/www.samskitchen.at\/?attachment_id=1644#main\" rel=\"attachment wp-att-1644\"><img decoding=\"async\" loading=\"lazy\" class=\"alignnone wp-image-1644 size-large\" src=\"http:\/\/www.samskitchen.at\/wp-content\/uploads\/2014\/10\/2014-10-30-14.30.40-510x382.jpg\" alt=\"2014-10-30 14.30.40\" width=\"510\" height=\"382\" srcset=\"https:\/\/www.samskitchen.at\/wp-content\/uploads\/2014\/10\/2014-10-30-14.30.40-510x382.jpg 510w, https:\/\/www.samskitchen.at\/wp-content\/uploads\/2014\/10\/2014-10-30-14.30.40-300x225.jpg 300w, https:\/\/www.samskitchen.at\/wp-content\/uploads\/2014\/10\/2014-10-30-14.30.40-330x247.jpg 330w, https:\/\/www.samskitchen.at\/wp-content\/uploads\/2014\/10\/2014-10-30-14.30.40-530x397.jpg 530w, https:\/\/www.samskitchen.at\/wp-content\/uploads\/2014\/10\/2014-10-30-14.30.40.jpg 1200w\" sizes=\"(max-width: 510px) 100vw, 510px\" \/><\/a><a href=\"http:\/\/www.samskitchen.at\/?attachment_id=1640#main\" rel=\"attachment wp-att-1640\"><img decoding=\"async\" loading=\"lazy\" class=\"alignnone wp-image-1640 size-large\" src=\"http:\/\/www.samskitchen.at\/wp-content\/uploads\/2014\/10\/2014-10-30-11.04.29-510x382.jpg\" alt=\"2014-10-30 11.04.29\" width=\"510\" height=\"382\" srcset=\"https:\/\/www.samskitchen.at\/wp-content\/uploads\/2014\/10\/2014-10-30-11.04.29-510x382.jpg 510w, https:\/\/www.samskitchen.at\/wp-content\/uploads\/2014\/10\/2014-10-30-11.04.29-300x225.jpg 300w, https:\/\/www.samskitchen.at\/wp-content\/uploads\/2014\/10\/2014-10-30-11.04.29-330x247.jpg 330w, https:\/\/www.samskitchen.at\/wp-content\/uploads\/2014\/10\/2014-10-30-11.04.29-530x397.jpg 530w, https:\/\/www.samskitchen.at\/wp-content\/uploads\/2014\/10\/2014-10-30-11.04.29.jpg 1200w\" sizes=\"(max-width: 510px) 100vw, 510px\" \/><\/a> <a href=\"http:\/\/www.samskitchen.at\/?attachment_id=1638#main\" rel=\"attachment wp-att-1638\"><img decoding=\"async\" loading=\"lazy\" class=\"alignnone wp-image-1638 size-large\" src=\"http:\/\/www.samskitchen.at\/wp-content\/uploads\/2014\/10\/2014-10-30-11.04.01-510x382.jpg\" alt=\"2014-10-30 11.04.01\" width=\"510\" height=\"382\" srcset=\"https:\/\/www.samskitchen.at\/wp-content\/uploads\/2014\/10\/2014-10-30-11.04.01-510x382.jpg 510w, https:\/\/www.samskitchen.at\/wp-content\/uploads\/2014\/10\/2014-10-30-11.04.01-300x225.jpg 300w, https:\/\/www.samskitchen.at\/wp-content\/uploads\/2014\/10\/2014-10-30-11.04.01-330x247.jpg 330w, https:\/\/www.samskitchen.at\/wp-content\/uploads\/2014\/10\/2014-10-30-11.04.01-530x397.jpg 530w, https:\/\/www.samskitchen.at\/wp-content\/uploads\/2014\/10\/2014-10-30-11.04.01.jpg 700w\" sizes=\"(max-width: 510px) 100vw, 510px\" \/><\/a> <a href=\"http:\/\/www.samskitchen.at\/?attachment_id=1637#main\" rel=\"attachment wp-att-1637\"><img decoding=\"async\" loading=\"lazy\" class=\"alignnone wp-image-1637 size-large\" src=\"http:\/\/www.samskitchen.at\/wp-content\/uploads\/2014\/10\/2014-10-30-11.03.56-510x382.jpg\" alt=\"2014-10-30 11.03.56\" width=\"510\" height=\"382\" srcset=\"https:\/\/www.samskitchen.at\/wp-content\/uploads\/2014\/10\/2014-10-30-11.03.56-510x382.jpg 510w, https:\/\/www.samskitchen.at\/wp-content\/uploads\/2014\/10\/2014-10-30-11.03.56-300x225.jpg 300w, https:\/\/www.samskitchen.at\/wp-content\/uploads\/2014\/10\/2014-10-30-11.03.56-330x247.jpg 330w, https:\/\/www.samskitchen.at\/wp-content\/uploads\/2014\/10\/2014-10-30-11.03.56-530x397.jpg 530w, https:\/\/www.samskitchen.at\/wp-content\/uploads\/2014\/10\/2014-10-30-11.03.56.jpg 700w\" sizes=\"(max-width: 510px) 100vw, 510px\" \/><\/a><\/p>\n","protected":false},"excerpt":{"rendered":"<p>Corn Rye \/ Kornbroyd &#8211;\u00a0das ist kein Schreibfehler &#8222;Kornbroyd&#8220; schreibt man wirklich so! Ich dachte zuerst auch \u00a0&#8211; Schreibfehler &#8211; aber dann hab ich Nachgeforscht und bin f\u00fcndig geworden. Ein j\u00fcdisches Alltagsbrot, dass j\u00fcdische Einwanderer aus Osteuropa \u00a0nach Amerika brachten. Sechs Tage in der Woche assen sie dieses Dunkle Roggenmischbrot und am Sabbat gab dann das weise goldene Challah einen &hellip;<\/p>\n","protected":false},"author":1,"featured_media":1637,"comment_status":"open","ping_status":"open","sticky":false,"template":"","format":"standard","meta":{"_mi_skip_tracking":false,"_exactmetrics_sitenote_active":false,"_exactmetrics_sitenote_note":"","_exactmetrics_sitenote_category":0,"ngg_post_thumbnail":0,"jetpack_post_was_ever_published":false,"_jetpack_newsletter_access":"","footnotes":"","jetpack_publicize_message":"","jetpack_is_tweetstorm":false,"jetpack_publicize_feature_enabled":true,"jetpack_social_post_already_shared":true,"jetpack_social_options":{"image_generator_settings":{"template":"highway","enabled":false}}},"categories":[2],"tags":[230,229,90,12],"jetpack_publicize_connections":[],"jetpack_featured_media_url":"https:\/\/www.samskitchen.at\/wp-content\/uploads\/2014\/10\/2014-10-30-11.03.56.jpg","jetpack_sharing_enabled":true,"jetpack_shortlink":"https:\/\/wp.me\/p41IW0-qn","_links":{"self":[{"href":"https:\/\/www.samskitchen.at\/index.php?rest_route=\/wp\/v2\/posts\/1635"}],"collection":[{"href":"https:\/\/www.samskitchen.at\/index.php?rest_route=\/wp\/v2\/posts"}],"about":[{"href":"https:\/\/www.samskitchen.at\/index.php?rest_route=\/wp\/v2\/types\/post"}],"author":[{"embeddable":true,"href":"https:\/\/www.samskitchen.at\/index.php?rest_route=\/wp\/v2\/users\/1"}],"replies":[{"embeddable":true,"href":"https:\/\/www.samskitchen.at\/index.php?rest_route=%2Fwp%2Fv2%2Fcomments&post=1635"}],"version-history":[{"count":10,"href":"https:\/\/www.samskitchen.at\/index.php?rest_route=\/wp\/v2\/posts\/1635\/revisions"}],"predecessor-version":[{"id":2200,"href":"https:\/\/www.samskitchen.at\/index.php?rest_route=\/wp\/v2\/posts\/1635\/revisions\/2200"}],"wp:featuredmedia":[{"embeddable":true,"href":"https:\/\/www.samskitchen.at\/index.php?rest_route=\/wp\/v2\/media\/1637"}],"wp:attachment":[{"href":"https:\/\/www.samskitchen.at\/index.php?rest_route=%2Fwp%2Fv2%2Fmedia&parent=1635"}],"wp:term":[{"taxonomy":"category","embeddable":true,"href":"https:\/\/www.samskitchen.at\/index.php?rest_route=%2Fwp%2Fv2%2Fcategories&post=1635"},{"taxonomy":"post_tag","embeddable":true,"href":"https:\/\/www.samskitchen.at\/index.php?rest_route=%2Fwp%2Fv2%2Ftags&post=1635"}],"curies":[{"name":"wp","href":"https:\/\/api.w.org\/{rel}","templated":true}]}}