{"id":1627,"date":"2014-10-27T09:25:46","date_gmt":"2014-10-27T08:25:46","guid":{"rendered":"http:\/\/www.samskitchen.at\/?p=1627"},"modified":"2014-10-27T09:25:46","modified_gmt":"2014-10-27T08:25:46","slug":"vintschgerl","status":"publish","type":"post","link":"https:\/\/www.samskitchen.at\/?p=1627","title":{"rendered":"Vintschgerl"},"content":{"rendered":"<p><a href=\"http:\/\/www.samskitchen.at\/?attachment_id=1632#main\" rel=\"attachment wp-att-1632\"><img decoding=\"async\" loading=\"lazy\" class=\"alignnone wp-image-1632 size-large\" src=\"http:\/\/www.samskitchen.at\/wp-content\/uploads\/2014\/10\/2014-10-25-21.37.00-510x382.jpg\" alt=\"2014-10-25 21.37.00\" width=\"510\" height=\"382\" srcset=\"https:\/\/www.samskitchen.at\/wp-content\/uploads\/2014\/10\/2014-10-25-21.37.00-510x382.jpg 510w, https:\/\/www.samskitchen.at\/wp-content\/uploads\/2014\/10\/2014-10-25-21.37.00-300x225.jpg 300w, https:\/\/www.samskitchen.at\/wp-content\/uploads\/2014\/10\/2014-10-25-21.37.00-330x247.jpg 330w, https:\/\/www.samskitchen.at\/wp-content\/uploads\/2014\/10\/2014-10-25-21.37.00-530x397.jpg 530w, https:\/\/www.samskitchen.at\/wp-content\/uploads\/2014\/10\/2014-10-25-21.37.00.jpg 1200w\" sizes=\"(max-width: 510px) 100vw, 510px\" \/><\/a>Vintschgerl &#8211; eine S\u00fcdtiroler Sp\u00e4zialit\u00e4t. Flache stark gemaserte Laberln die an einen Fladen erinnern. Interessant ist auch die hohe Teilausbeute sollte aber keine allzu grossen Probleme bereiten.Als Gew\u00fcrzt hab ich lediglich eine Mischung aus gemahlenem K\u00fcmmel und Fenchel genommen. Normalerweise kommt noch\u00a0Schabziegenklee\u00a0oder\u00a0Zigeunerkraut dazu.<\/p>\n<p>Die trockene St\u00fcckgare bewirkt eine sch\u00f6ne Maserung an der Oberfl\u00e4che und unterstreicht den rustikalen Charakter des Geb\u00e4ckes. Gebacken werden die Vinschgerl ohne Schwaden bei 250\u00b0C fallend auf 235\u00b0C etwa 25 &#8211; 30 Minuten. Das fertige Geb\u00e4ck sollte eine gut gemaserte, und r\u00f6sche Kruste aufweisen, denn durch die lange Backzeit erreicht man das volle Aroma.<\/p>\n<p>Rezept:<\/p>\n<p>Vorteig:<\/p>\n<p>150g Roggenvollkornmehl<br \/>\n150 g Wasser<br \/>\n20 g Roggenanstellgut<\/p>\n<p>Poolish:<\/p>\n<p>150 g Weizenvollkornmehl<br \/>\n150 g Wasser<br \/>\n1 g Hefe<\/p>\n<p>Hauptteig:<\/p>\n<p>320 g Vorteig<br \/>\n301 gPoolish<br \/>\n400 g Roggenmehl T960<br \/>\n200 g Weizenmehl T700<br \/>\n500 g Wasser (warm)<br \/>\n20 g Salz<br \/>\n10 g Brotgew\u00fcrz (Fenchel\/K\u00fcmmel)<br \/>\n80 g Lievito Madre<br \/>\n4 g Hefe<\/p>\n<p>&nbsp;<\/p>\n<p>Vorteig mischen und bei 28-30 Grad 6 Stunden reifen lassen. Ebenso Poolish mischen und ca 2 Stunden anspringen lassen, dann ab in den K\u00fchlschrank.<\/p>\n<p>F\u00fcr den Hauptteig alle Zutaten gr\u00fcndlich ca. 10 Minuten bei langsamer Geschwindigkeit mischen und anschliessend f\u00fcr 30 Minuten im Kessel lassen. Dann die Arbeitsplatte stakt bemehlen, den Teig aus dem Kessel nehmen und \u00a0Teilst\u00fccke zu je 100 g \u00a0abwiegen und rund formen. \u00a0Diese sofort auf Backpapier geben und solange gehen lassen bis sich sch\u00f6ne Risse auf der Oberfl\u00e4che bilden. Bei mir ca. 45 Minuten. Den Ofen rechtzeitig vorheizen und von 250 Grad \u00a0fallend auf 235 Grad ca 25 Minuten ohne Schwaden backen. Sie sollten eine sch\u00f6ne r\u00f6sche Kruste haben.<a href=\"http:\/\/www.samskitchen.at\/?attachment_id=1630#main\" rel=\"attachment wp-att-1630\"><img decoding=\"async\" loading=\"lazy\" class=\"alignnone wp-image-1630 size-large\" src=\"http:\/\/www.samskitchen.at\/wp-content\/uploads\/2014\/10\/2014-10-27-09.02.52-510x382.jpg\" alt=\"2014-10-27 09.02.52\" width=\"510\" height=\"382\" srcset=\"https:\/\/www.samskitchen.at\/wp-content\/uploads\/2014\/10\/2014-10-27-09.02.52-510x382.jpg 510w, https:\/\/www.samskitchen.at\/wp-content\/uploads\/2014\/10\/2014-10-27-09.02.52-300x225.jpg 300w, https:\/\/www.samskitchen.at\/wp-content\/uploads\/2014\/10\/2014-10-27-09.02.52-330x247.jpg 330w, https:\/\/www.samskitchen.at\/wp-content\/uploads\/2014\/10\/2014-10-27-09.02.52-530x397.jpg 530w, https:\/\/www.samskitchen.at\/wp-content\/uploads\/2014\/10\/2014-10-27-09.02.52.jpg 1200w\" sizes=\"(max-width: 510px) 100vw, 510px\" \/><\/a> <a href=\"http:\/\/www.samskitchen.at\/?attachment_id=1631#main\" rel=\"attachment wp-att-1631\"><img decoding=\"async\" loading=\"lazy\" class=\"alignnone wp-image-1631 size-large\" src=\"http:\/\/www.samskitchen.at\/wp-content\/uploads\/2014\/10\/2014-10-25-21.36.41-510x382.jpg\" alt=\"2014-10-25 21.36.41\" width=\"510\" height=\"382\" srcset=\"https:\/\/www.samskitchen.at\/wp-content\/uploads\/2014\/10\/2014-10-25-21.36.41-510x382.jpg 510w, https:\/\/www.samskitchen.at\/wp-content\/uploads\/2014\/10\/2014-10-25-21.36.41-300x225.jpg 300w, https:\/\/www.samskitchen.at\/wp-content\/uploads\/2014\/10\/2014-10-25-21.36.41-330x247.jpg 330w, https:\/\/www.samskitchen.at\/wp-content\/uploads\/2014\/10\/2014-10-25-21.36.41-530x397.jpg 530w, https:\/\/www.samskitchen.at\/wp-content\/uploads\/2014\/10\/2014-10-25-21.36.41.jpg 700w\" sizes=\"(max-width: 510px) 100vw, 510px\" \/><\/a> <a href=\"http:\/\/www.samskitchen.at\/?attachment_id=1632#main\" rel=\"attachment wp-att-1632\"><img decoding=\"async\" loading=\"lazy\" class=\"alignnone wp-image-1632 size-large\" src=\"http:\/\/www.samskitchen.at\/wp-content\/uploads\/2014\/10\/2014-10-25-21.37.00-510x382.jpg\" alt=\"2014-10-25 21.37.00\" width=\"510\" height=\"382\" srcset=\"https:\/\/www.samskitchen.at\/wp-content\/uploads\/2014\/10\/2014-10-25-21.37.00-510x382.jpg 510w, https:\/\/www.samskitchen.at\/wp-content\/uploads\/2014\/10\/2014-10-25-21.37.00-300x225.jpg 300w, https:\/\/www.samskitchen.at\/wp-content\/uploads\/2014\/10\/2014-10-25-21.37.00-330x247.jpg 330w, https:\/\/www.samskitchen.at\/wp-content\/uploads\/2014\/10\/2014-10-25-21.37.00-530x397.jpg 530w, https:\/\/www.samskitchen.at\/wp-content\/uploads\/2014\/10\/2014-10-25-21.37.00.jpg 1200w\" sizes=\"(max-width: 510px) 100vw, 510px\" \/><\/a><a href=\"http:\/\/www.wildyeastblog.com\/yeastspotting\/\">Eingereicht bei Yeastspotting<\/a><\/p>\n<p>&nbsp;<\/p>\n","protected":false},"excerpt":{"rendered":"<p>Vintschgerl &#8211; eine S\u00fcdtiroler Sp\u00e4zialit\u00e4t. Flache stark gemaserte Laberln die an einen Fladen erinnern. Interessant ist auch die hohe Teilausbeute sollte aber keine allzu grossen Probleme bereiten.Als Gew\u00fcrzt hab ich lediglich eine Mischung aus gemahlenem K\u00fcmmel und Fenchel genommen. Normalerweise kommt noch\u00a0Schabziegenklee\u00a0oder\u00a0Zigeunerkraut dazu. Die trockene St\u00fcckgare bewirkt eine sch\u00f6ne Maserung an der Oberfl\u00e4che und unterstreicht den rustikalen Charakter des Geb\u00e4ckes. &hellip;<\/p>\n","protected":false},"author":1,"featured_media":1631,"comment_status":"open","ping_status":"open","sticky":false,"template":"","format":"standard","meta":{"_mi_skip_tracking":false,"_exactmetrics_sitenote_active":false,"_exactmetrics_sitenote_note":"","_exactmetrics_sitenote_category":0,"ngg_post_thumbnail":0,"jetpack_post_was_ever_published":false,"_jetpack_newsletter_access":"","footnotes":"","jetpack_publicize_message":"","jetpack_is_tweetstorm":false,"jetpack_publicize_feature_enabled":true,"jetpack_social_post_already_shared":true,"jetpack_social_options":{"image_generator_settings":{"template":"highway","enabled":false}}},"categories":[2],"tags":[228,169,163,90,227,110,66],"jetpack_publicize_connections":[],"jetpack_featured_media_url":"https:\/\/www.samskitchen.at\/wp-content\/uploads\/2014\/10\/2014-10-25-21.36.41.jpg","jetpack_sharing_enabled":true,"jetpack_shortlink":"https:\/\/wp.me\/p41IW0-qf","_links":{"self":[{"href":"https:\/\/www.samskitchen.at\/index.php?rest_route=\/wp\/v2\/posts\/1627"}],"collection":[{"href":"https:\/\/www.samskitchen.at\/index.php?rest_route=\/wp\/v2\/posts"}],"about":[{"href":"https:\/\/www.samskitchen.at\/index.php?rest_route=\/wp\/v2\/types\/post"}],"author":[{"embeddable":true,"href":"https:\/\/www.samskitchen.at\/index.php?rest_route=\/wp\/v2\/users\/1"}],"replies":[{"embeddable":true,"href":"https:\/\/www.samskitchen.at\/index.php?rest_route=%2Fwp%2Fv2%2Fcomments&post=1627"}],"version-history":[{"count":2,"href":"https:\/\/www.samskitchen.at\/index.php?rest_route=\/wp\/v2\/posts\/1627\/revisions"}],"predecessor-version":[{"id":1633,"href":"https:\/\/www.samskitchen.at\/index.php?rest_route=\/wp\/v2\/posts\/1627\/revisions\/1633"}],"wp:featuredmedia":[{"embeddable":true,"href":"https:\/\/www.samskitchen.at\/index.php?rest_route=\/wp\/v2\/media\/1631"}],"wp:attachment":[{"href":"https:\/\/www.samskitchen.at\/index.php?rest_route=%2Fwp%2Fv2%2Fmedia&parent=1627"}],"wp:term":[{"taxonomy":"category","embeddable":true,"href":"https:\/\/www.samskitchen.at\/index.php?rest_route=%2Fwp%2Fv2%2Fcategories&post=1627"},{"taxonomy":"post_tag","embeddable":true,"href":"https:\/\/www.samskitchen.at\/index.php?rest_route=%2Fwp%2Fv2%2Ftags&post=1627"}],"curies":[{"name":"wp","href":"https:\/\/api.w.org\/{rel}","templated":true}]}}