{"id":1590,"date":"2014-10-14T14:29:15","date_gmt":"2014-10-14T12:29:15","guid":{"rendered":"http:\/\/www.samskitchen.at\/?p=1590"},"modified":"2014-10-14T14:29:15","modified_gmt":"2014-10-14T12:29:15","slug":"rustikales-vollkornbrot","status":"publish","type":"post","link":"https:\/\/www.samskitchen.at\/?p=1590","title":{"rendered":"Rustikales Vollkornbrot"},"content":{"rendered":"<p><a href=\"http:\/\/www.samskitchen.at\/?attachment_id=1598#main\" rel=\"attachment wp-att-1598\"><img decoding=\"async\" loading=\"lazy\" class=\"alignnone wp-image-1598 size-large\" src=\"http:\/\/www.samskitchen.at\/wp-content\/uploads\/2014\/10\/2014-10-14-13.54.12-510x382.jpg\" alt=\"2014-10-14 13.54.12\" width=\"510\" height=\"382\" srcset=\"https:\/\/www.samskitchen.at\/wp-content\/uploads\/2014\/10\/2014-10-14-13.54.12-510x382.jpg 510w, https:\/\/www.samskitchen.at\/wp-content\/uploads\/2014\/10\/2014-10-14-13.54.12-300x225.jpg 300w, https:\/\/www.samskitchen.at\/wp-content\/uploads\/2014\/10\/2014-10-14-13.54.12-330x247.jpg 330w, https:\/\/www.samskitchen.at\/wp-content\/uploads\/2014\/10\/2014-10-14-13.54.12-530x397.jpg 530w, https:\/\/www.samskitchen.at\/wp-content\/uploads\/2014\/10\/2014-10-14-13.54.12.jpg 700w\" sizes=\"(max-width: 510px) 100vw, 510px\" \/><\/a>Ich m\u00f6chte Heute ein Rezept nachbacken &#8211; ohne es irgendwie abzuwandeln &#8211; also genau so wie es Meisterb\u00e4cker <a href=\"http:\/\/www.homebaking.at\/rustikales-vollkornbrot\/\">Dietmar Kappl\u00a0<\/a>\u00a0in seinem Blog ver\u00f6ffentlicht hat. \u00a0Da seine Beschreibungen f\u00fcr Hobbyb\u00e4cker sehr lehrreich sind, m\u00f6chte ich sie ungek\u00fcrzt und ohne Kommentare in meinen Blog \u00fcbernehmen.<\/p>\n<p>Hier das Rezept imcl. Erl\u00e4uterungen:<\/p>\n<p>Dieses Rustikale Vollkornbrot hat eine lange Frischhaltung, die ich von Vollkornbroten so nicht gewohnt war. So betr\u00e4gt der Roggenanteil bei diesem Brot 80%, wobei von diesem Roggenanteil 37% in der Detmolder Einstufenf\u00fchrung vers\u00e4uert wurden. Ein gro\u00dfer Vorteil dieser Sauerteigf\u00fchrung liegt im Verarbeitungszeitraum, denn dieser kann nach der Reifezeit von 15 Stunden \u00fcber einen Zeitraum von 5-9 Stunden ohne Qualit\u00e4tsverlust verarbeitet werden. Da dieser Sauerteig \u00fcber mehrere Stunden ungek\u00fchlt zum Backen zur Verf\u00fcgung steht, ist man beim \u201cHomebaking\u201d nicht an einen fixen Backzeitplan gebunden.<\/p>\n<p>Das Brotaroma h\u00e4lt dem der drei- oder zweistufigen Sauerteigf\u00fchrung stand. Gewisse S\u00e4urespitzen lassen sich mit der Anstellgutmenge und Sauerteigtemperaturen korrigieren.<\/p>\n<p>Je h\u00f6her die Sauerteigtemperatur , desto niedriger die Anstellgutmenge und desto mild-s\u00e4uerlicher ist der Geschmack. Im \u201creifen\u201d Sauerteig ergeben sich trotz der langen Verarbeitungsspanne nur geringe S\u00e4uregraddifferenzen, die aber im Brotgeschmack kaum wahrnehmbar sind. Daher sind h\u00f6here Sauerteigtemperaturen und geringere Anstellgutmengen von Vorteil, denn sie verhindern S\u00e4urespitzen und beg\u00fcnstigen einen mild-s\u00e4uerlichen und aromatischen Brotgeschmack.<\/p>\n<p>WIE SCHON ERW\u00c4HNT, RICHTET SICH DIE ANSTELLGUTMENGE NACH DER SAUERTEIGTEMPERATUR, DIE SICH ABER OFT NUR AUS EINEM MITTELWERT ERGIBT.<\/p>\n<p>Beispiel 1: Die Raumtemperatur betr\u00e4gt 22\u00b0C und die gew\u00fcnschte Sauerteigtemperatur sollte 27\u00b0C betragen!<\/p>\n<p>Anfangstemperatur: 32\u00b0C (+5\u00b0C der gew\u00fcnschten Sauerteigtemp.)<br \/>\nSoll-Temperatur: 27\u00b0C<br \/>\nEndtemperatur: 22\u00b0C (-5\u00b0C der gew\u00fcnschten Sauerteigtemp.)<br \/>\nBeispiel 2: Die Raumtemperatur betr\u00e4gt 20\u00b0C und die gew\u00fcnschte Sauerteigtemperatur sollte 24\u00b0C betragen!<\/p>\n<p>Anfangstemperatur: 28\u00b0C (+4\u00b0C der gew\u00fcnschten Sauerteigtemp.)<br \/>\nSoll-Temperatur: 24\u00b0C<br \/>\nEndtemperatur: 20\u00b0C (-4\u00b0C der gew\u00fcnschten Sauerteigtemp.)<\/p>\n<p>RICHTWERTE:<br \/>\n23-25\u00b0C Sauerteigtemperatur \/ 10% Anstellgutmenge \/ TA 180 \/ kr\u00e4ftig-s\u00e4uerlich<br \/>\n26-27\u00b0C Sauerteigtemperatur \/ 5% Anstellgutmenge \/ TA 180 \/ herzhaft-s\u00e4uerlich<br \/>\n28-30\u00b0C Sauerteigtemperatur \/ 3% Anstellgutmenge \/ TA 180 \/ mild-s\u00e4uerlich<\/p>\n<p>REZEPT F\u00dcR EIN TEIGGEWICHT VON 1268G \/ 2 STK. JE 634G<\/p>\n<p>Sauerteig:<\/p>\n<p>200g Roggenvollkornmehl<br \/>\n160g Wasser<br \/>\n20g Anstellgut<br \/>\nTA: 180 TT: 23-25\u00b0C RZ: 15-18 Stunden<\/p>\n<p>Hauptteig:<\/p>\n<p>380g reifer Vollkornsauerteig<br \/>\n135g Weizenvollkornmehl<br \/>\n335g Roggenvollkornmehl<br \/>\n375g Wasser<br \/>\n20g getrocknete\/gemahlene Brotreste<br \/>\n15g Meesrsalz<br \/>\n5g Hefe<br \/>\nTA: 180 TT: 28-32\u00b0C MZ: 6 Min. langsam \/ 2 Min. schnell<\/p>\n<p>Alle Zutaten zu einem Teig mischen, und anschlie\u00dfend 40 Minuten Reifezeit einlegen (Kesselrand mit einer Teigkarte einschaben und mit einem Tuch den Teig gleich im Kessel zudecken).<\/p>\n<p>Nachdem sich der Teig gelockert und zugleich entspannt hat, wird dieser in zwei gleich gro\u00dfe St\u00fccke geteilt. Rund wirken und mit dem Schluss nach unten auf die bemehlte Tafel legen.<\/p>\n<p>In der Zwischenzeit sollte das Backrohr schon eine weile Eingeschaltet sein, den dieser Teig reift schnell herbei. Nach etwa max. 10 Minuten werden die geformten Laibe mit dem Schluss nach oben auf ein Backtrennpapier gesetzt, und auf die Endgare gestellt.<\/p>\n<p>Die Endgare ist an der Oberfl\u00e4che sehr leicht zu erkennen, den die Oberfl\u00e4che zerrei\u00dft \u201cInselartig\u201d.<\/p>\n<p>Gebacken wird das Brot bei 250\u00b0C fallend auf 200\u00b0C. Schwadengabe erfolgt erst nach 45 Sek. und dieser sollte nach 3-4 Minuten wieder abgelassen werden. Kr\u00e4ftig ausbacken, damit eine lange Frischhaltung gew\u00e4hrleistet ist. Backzeit f\u00fcr 650g Laibe betr\u00e4gt ca. 45-50 Minuten \u2013 je nach Krustenfarbe l\u00e4nger oder k\u00fcrzer.<a href=\"http:\/\/www.samskitchen.at\/?attachment_id=1602#main\" rel=\"attachment wp-att-1602\"><img decoding=\"async\" loading=\"lazy\" class=\"alignnone wp-image-1602 size-large\" src=\"http:\/\/www.samskitchen.at\/wp-content\/uploads\/2014\/10\/2014-10-14-14.16.02-510x382.jpg\" alt=\"2014-10-14 14.16.02\" width=\"510\" height=\"382\" srcset=\"https:\/\/www.samskitchen.at\/wp-content\/uploads\/2014\/10\/2014-10-14-14.16.02-510x382.jpg 510w, https:\/\/www.samskitchen.at\/wp-content\/uploads\/2014\/10\/2014-10-14-14.16.02-300x225.jpg 300w, https:\/\/www.samskitchen.at\/wp-content\/uploads\/2014\/10\/2014-10-14-14.16.02-330x247.jpg 330w, https:\/\/www.samskitchen.at\/wp-content\/uploads\/2014\/10\/2014-10-14-14.16.02-530x397.jpg 530w, https:\/\/www.samskitchen.at\/wp-content\/uploads\/2014\/10\/2014-10-14-14.16.02.jpg 1200w\" sizes=\"(max-width: 510px) 100vw, 510px\" \/><\/a> <a href=\"http:\/\/www.samskitchen.at\/?attachment_id=1603#main\" rel=\"attachment wp-att-1603\"><img decoding=\"async\" loading=\"lazy\" class=\"alignnone wp-image-1603 size-large\" src=\"http:\/\/www.samskitchen.at\/wp-content\/uploads\/2014\/10\/2014-10-14-14.16.32-510x382.jpg\" alt=\"2014-10-14 14.16.32\" width=\"510\" height=\"382\" srcset=\"https:\/\/www.samskitchen.at\/wp-content\/uploads\/2014\/10\/2014-10-14-14.16.32-510x382.jpg 510w, https:\/\/www.samskitchen.at\/wp-content\/uploads\/2014\/10\/2014-10-14-14.16.32-300x225.jpg 300w, https:\/\/www.samskitchen.at\/wp-content\/uploads\/2014\/10\/2014-10-14-14.16.32-330x247.jpg 330w, https:\/\/www.samskitchen.at\/wp-content\/uploads\/2014\/10\/2014-10-14-14.16.32-530x397.jpg 530w, https:\/\/www.samskitchen.at\/wp-content\/uploads\/2014\/10\/2014-10-14-14.16.32.jpg 1200w\" sizes=\"(max-width: 510px) 100vw, 510px\" \/><\/a> <a href=\"http:\/\/www.samskitchen.at\/?attachment_id=1604#main\" rel=\"attachment wp-att-1604\"><img decoding=\"async\" loading=\"lazy\" class=\"alignnone wp-image-1604 size-large\" src=\"http:\/\/www.samskitchen.at\/wp-content\/uploads\/2014\/10\/2014-10-14-14.16.42-510x382.jpg\" alt=\"2014-10-14 14.16.42\" width=\"510\" height=\"382\" srcset=\"https:\/\/www.samskitchen.at\/wp-content\/uploads\/2014\/10\/2014-10-14-14.16.42-510x382.jpg 510w, https:\/\/www.samskitchen.at\/wp-content\/uploads\/2014\/10\/2014-10-14-14.16.42-300x225.jpg 300w, https:\/\/www.samskitchen.at\/wp-content\/uploads\/2014\/10\/2014-10-14-14.16.42-330x247.jpg 330w, https:\/\/www.samskitchen.at\/wp-content\/uploads\/2014\/10\/2014-10-14-14.16.42-530x397.jpg 530w, https:\/\/www.samskitchen.at\/wp-content\/uploads\/2014\/10\/2014-10-14-14.16.42.jpg 1200w\" sizes=\"(max-width: 510px) 100vw, 510px\" \/><\/a><a href=\"http:\/\/www.samskitchen.at\/?attachment_id=1599#main\" rel=\"attachment wp-att-1599\"><img decoding=\"async\" loading=\"lazy\" class=\"alignnone wp-image-1599 size-large\" src=\"http:\/\/www.samskitchen.at\/wp-content\/uploads\/2014\/10\/2014-10-14-13.54.18-510x382.jpg\" alt=\"2014-10-14 13.54.18\" width=\"510\" height=\"382\" srcset=\"https:\/\/www.samskitchen.at\/wp-content\/uploads\/2014\/10\/2014-10-14-13.54.18-510x382.jpg 510w, https:\/\/www.samskitchen.at\/wp-content\/uploads\/2014\/10\/2014-10-14-13.54.18-300x225.jpg 300w, https:\/\/www.samskitchen.at\/wp-content\/uploads\/2014\/10\/2014-10-14-13.54.18-330x247.jpg 330w, https:\/\/www.samskitchen.at\/wp-content\/uploads\/2014\/10\/2014-10-14-13.54.18-530x397.jpg 530w, https:\/\/www.samskitchen.at\/wp-content\/uploads\/2014\/10\/2014-10-14-13.54.18.jpg 1200w\" sizes=\"(max-width: 510px) 100vw, 510px\" \/><\/a> <a href=\"http:\/\/www.samskitchen.at\/?attachment_id=1600#main\" rel=\"attachment wp-att-1600\"><img decoding=\"async\" loading=\"lazy\" class=\"alignnone wp-image-1600 size-large\" src=\"http:\/\/www.samskitchen.at\/wp-content\/uploads\/2014\/10\/2014-10-14-13.55.30-510x382.jpg\" alt=\"2014-10-14 13.55.30\" width=\"510\" height=\"382\" srcset=\"https:\/\/www.samskitchen.at\/wp-content\/uploads\/2014\/10\/2014-10-14-13.55.30-510x382.jpg 510w, https:\/\/www.samskitchen.at\/wp-content\/uploads\/2014\/10\/2014-10-14-13.55.30-300x225.jpg 300w, https:\/\/www.samskitchen.at\/wp-content\/uploads\/2014\/10\/2014-10-14-13.55.30-330x247.jpg 330w, https:\/\/www.samskitchen.at\/wp-content\/uploads\/2014\/10\/2014-10-14-13.55.30-530x397.jpg 530w, https:\/\/www.samskitchen.at\/wp-content\/uploads\/2014\/10\/2014-10-14-13.55.30.jpg 1200w\" sizes=\"(max-width: 510px) 100vw, 510px\" \/><\/a><\/p>\n<p>Quelle: <a href=\"http:\/\/www.homebaking.at\/rustikales-vollkornbrot\/\">www.Homebaking.at<\/a><\/p>\n<p>Eingereicht bei: <a href=\"http:\/\/www.wildyeastblog.com\/yeastspotting\/\">Yeastspotting<\/a><\/p>\n","protected":false},"excerpt":{"rendered":"<p>Ich m\u00f6chte Heute ein Rezept nachbacken &#8211; ohne es irgendwie abzuwandeln &#8211; also genau so wie es Meisterb\u00e4cker Dietmar Kappl\u00a0\u00a0in seinem Blog ver\u00f6ffentlicht hat. \u00a0Da seine Beschreibungen f\u00fcr Hobbyb\u00e4cker sehr lehrreich sind, m\u00f6chte ich sie ungek\u00fcrzt und ohne Kommentare in meinen Blog \u00fcbernehmen. Hier das Rezept imcl. Erl\u00e4uterungen: Dieses Rustikale Vollkornbrot hat eine lange Frischhaltung, die ich von Vollkornbroten so &hellip;<\/p>\n","protected":false},"author":1,"featured_media":0,"comment_status":"open","ping_status":"open","sticky":false,"template":"","format":"standard","meta":{"_mi_skip_tracking":false,"_exactmetrics_sitenote_active":false,"_exactmetrics_sitenote_note":"","_exactmetrics_sitenote_category":0,"ngg_post_thumbnail":0,"jetpack_post_was_ever_published":false,"_jetpack_newsletter_access":"","footnotes":"","jetpack_publicize_message":"","jetpack_is_tweetstorm":false,"jetpack_publicize_feature_enabled":true,"jetpack_social_post_already_shared":true,"jetpack_social_options":{"image_generator_settings":{"template":"highway","enabled":false}}},"categories":[2],"tags":[190,35,221],"jetpack_publicize_connections":[],"jetpack_featured_media_url":"","jetpack_sharing_enabled":true,"jetpack_shortlink":"https:\/\/wp.me\/p41IW0-pE","_links":{"self":[{"href":"https:\/\/www.samskitchen.at\/index.php?rest_route=\/wp\/v2\/posts\/1590"}],"collection":[{"href":"https:\/\/www.samskitchen.at\/index.php?rest_route=\/wp\/v2\/posts"}],"about":[{"href":"https:\/\/www.samskitchen.at\/index.php?rest_route=\/wp\/v2\/types\/post"}],"author":[{"embeddable":true,"href":"https:\/\/www.samskitchen.at\/index.php?rest_route=\/wp\/v2\/users\/1"}],"replies":[{"embeddable":true,"href":"https:\/\/www.samskitchen.at\/index.php?rest_route=%2Fwp%2Fv2%2Fcomments&post=1590"}],"version-history":[{"count":4,"href":"https:\/\/www.samskitchen.at\/index.php?rest_route=\/wp\/v2\/posts\/1590\/revisions"}],"predecessor-version":[{"id":1605,"href":"https:\/\/www.samskitchen.at\/index.php?rest_route=\/wp\/v2\/posts\/1590\/revisions\/1605"}],"wp:attachment":[{"href":"https:\/\/www.samskitchen.at\/index.php?rest_route=%2Fwp%2Fv2%2Fmedia&parent=1590"}],"wp:term":[{"taxonomy":"category","embeddable":true,"href":"https:\/\/www.samskitchen.at\/index.php?rest_route=%2Fwp%2Fv2%2Fcategories&post=1590"},{"taxonomy":"post_tag","embeddable":true,"href":"https:\/\/www.samskitchen.at\/index.php?rest_route=%2Fwp%2Fv2%2Ftags&post=1590"}],"curies":[{"name":"wp","href":"https:\/\/api.w.org\/{rel}","templated":true}]}}