{"id":1577,"date":"2014-10-10T11:57:16","date_gmt":"2014-10-10T09:57:16","guid":{"rendered":"http:\/\/www.samskitchen.at\/?p=1577"},"modified":"2015-05-20T15:03:38","modified_gmt":"2015-05-20T13:03:38","slug":"schwarzwaelder-landbrot","status":"publish","type":"post","link":"https:\/\/www.samskitchen.at\/?p=1577","title":{"rendered":"Schwarzw\u00e4lder Landbrot"},"content":{"rendered":"<p><a href=\"http:\/\/www.samskitchen.at\/?attachment_id=1587#main\" rel=\"attachment wp-att-1587\"><img decoding=\"async\" loading=\"lazy\" class=\"alignnone size-full wp-image-1587\" src=\"http:\/\/www.samskitchen.at\/wp-content\/uploads\/2014\/10\/2014-10-10-11.53.03.jpg\" alt=\"2014-10-10 11.53.03\" width=\"1000\" height=\"750\" srcset=\"https:\/\/www.samskitchen.at\/wp-content\/uploads\/2014\/10\/2014-10-10-11.53.03.jpg 1000w, https:\/\/www.samskitchen.at\/wp-content\/uploads\/2014\/10\/2014-10-10-11.53.03-300x225.jpg 300w, https:\/\/www.samskitchen.at\/wp-content\/uploads\/2014\/10\/2014-10-10-11.53.03-510x382.jpg 510w, https:\/\/www.samskitchen.at\/wp-content\/uploads\/2014\/10\/2014-10-10-11.53.03-330x247.jpg 330w, https:\/\/www.samskitchen.at\/wp-content\/uploads\/2014\/10\/2014-10-10-11.53.03-530x397.jpg 530w\" sizes=\"(max-width: 1000px) 100vw, 1000px\" \/><\/a><a href=\"http:\/\/www.samskitchen.at\/?attachment_id=1582#main\" rel=\"attachment wp-att-1582\"><img decoding=\"async\" loading=\"lazy\" class=\"alignnone size-full wp-image-1582\" src=\"http:\/\/www.samskitchen.at\/wp-content\/uploads\/2014\/10\/2014-10-10-11.27.16.jpg\" alt=\"2014-10-10 11.27.16\" width=\"750\" height=\"563\" srcset=\"https:\/\/www.samskitchen.at\/wp-content\/uploads\/2014\/10\/2014-10-10-11.27.16.jpg 750w, https:\/\/www.samskitchen.at\/wp-content\/uploads\/2014\/10\/2014-10-10-11.27.16-300x225.jpg 300w, https:\/\/www.samskitchen.at\/wp-content\/uploads\/2014\/10\/2014-10-10-11.27.16-510x382.jpg 510w, https:\/\/www.samskitchen.at\/wp-content\/uploads\/2014\/10\/2014-10-10-11.27.16-330x247.jpg 330w, https:\/\/www.samskitchen.at\/wp-content\/uploads\/2014\/10\/2014-10-10-11.27.16-530x397.jpg 530w\" sizes=\"(max-width: 750px) 100vw, 750px\" \/><\/a> Es ist wieder an der Zeit ein Brot von <a href=\"http:\/\/www.homebaking.at\">Dietmar Kappl<\/a>\u00a0\u00a0zu backen. Ich entschied mich f\u00fcr das Schwarzw\u00e4lder Landbrot weil es mich an meine Kindheit erinnerte &#8211; nicht der Name sondern das Aussehen und die Geschmacksbeschreibung dieses Brotes. Das Schwarzw\u00e4lder Landbrot ist ein Weizenmischbrot mit kr\u00e4ftiger Kruste und einem leicht mild-s\u00e4uerlichen Brotgeschmack. Um eine etwas kr\u00e4ftige und zugleich lebhafte Kruste zu bekommen, wird dieses\u00a0Brot die ersten 15 Minuten mit 250\u00b0C angebacken. Erst nach dieser kr\u00e4ftigen Anbackphase wurde die Ofentemperatur wieder auf 190\u00b0C zur\u00fcckgestellt. Um eine Gesamtbackzeit von 45 Minuten erreichen zu k\u00f6nnen, sollte man\u00a0die Ofent\u00fcr einen Spalt ge\u00f6ffnet, denn durch das \u00f6ffnen der Backkammer sinkt die Ofentemperatur rascher auf 190\u00b0C.<br \/>\nLaut Dietmar, w\u00e4ren bei diesem Brot normalerweise Roggensauerteig und ein Weizenvorteig zum Einsatz gekommen. Er hatte sich aber aus geschmacklichen Gr\u00fcnden f\u00fcr einen Weizensauerteig entschieden.<\/p>\n<p>&nbsp;<\/p>\n<p><strong>Rezept f\u00fcr einen Brotteig von 1679g \/ 3 x 560g<\/strong><\/p>\n<p>Roggensauerteig:<\/p>\n<p>190g Roggenmehl Type 960<br \/>\n190g Wasser<br \/>\n20g Anstellgut<br \/>\nTT: 25-28\u00b0C RZ: 18Stunden TA: 200<\/p>\n<p>Weizensauerteig:<\/p>\n<p>90g Weizenmehl Type 700<br \/>\n90g Wasser<br \/>\n20g Anstellgut<br \/>\nTT: 28\u00b0C RZ: 15-18 Std. TA: 200<\/p>\n<p>Hauptteig:<\/p>\n<p>400g Roggensauerteig<br \/>\n200g Weizensauerteig<br \/>\n350g Weizenmehl Type 700<br \/>\n350g Weizenmehl Type 1600<br \/>\n350g Wasser<br \/>\n22g Meersalz<br \/>\n7g Hefe<\/p>\n<p>Alle Zutaten mit den Sauerteigen 7 Minuten am langsamen Gang mischen. Anschlie\u00dfend werden noch weitere 3-4 Minuten am schnellen Gang geknetet. Den Teig hatte ich kurz vor dem vollst\u00e4ndigen l\u00f6sen von der Schale ausgeschaltet. Nach der Knetphase folgte eine Kesselgare von 60 Minuten.<\/p>\n<p>Nach der Teigreife wird der Teig in 3 gleich gro\u00dfe St\u00fccke geteilt und zu runden Laiben geformt. Diese Laibe entspannen nun zugedeckt f\u00fcr 20 Minuten. Erst jetzt die entspannten Laibe zu l\u00e4nglichen Broten formen und mit dem Schluss nach oben in G\u00e4rk\u00f6rbe (Simperl) legen.<\/p>\n<p>Bei 3\/4 Gare die Brote auf einen Brotschieben st\u00fcrzen, und mit einem scharfen Messer (Rasierklinge) in der Mitte 1cm tief der l\u00e4nge nach schneiden. Mit kr\u00e4ftigen Schwaden bei 250\u00b0C in den Ofen schieben und erst nach 15 Minuten die Ofentemperatur auf 190\u00b0C zur\u00fcckschalten. Um das volle Aroma des Brotes zu genie\u00dfen, sollte die gesamte Backzeit 45 Minuten nicht unterschreiten.<\/p>\n<p>Dieses Brot entwickelt einen wahnsinnigen Ofentrieb. Zuerst dachte ich es hat die 3\/4 Gare schon weit \u00fcberschritten.<a href=\"http:\/\/www.samskitchen.at\/?attachment_id=1579#main\" rel=\"attachment wp-att-1579\"><img decoding=\"async\" loading=\"lazy\" class=\"alignnone wp-image-1579 size-large\" src=\"http:\/\/www.samskitchen.at\/wp-content\/uploads\/2014\/10\/2014-10-10-10.29.39-510x292.jpg\" alt=\"2014-10-10 10.29.39\" width=\"510\" height=\"292\" srcset=\"https:\/\/www.samskitchen.at\/wp-content\/uploads\/2014\/10\/2014-10-10-10.29.39-510x292.jpg 510w, https:\/\/www.samskitchen.at\/wp-content\/uploads\/2014\/10\/2014-10-10-10.29.39-300x172.jpg 300w, https:\/\/www.samskitchen.at\/wp-content\/uploads\/2014\/10\/2014-10-10-10.29.39-330x189.jpg 330w, https:\/\/www.samskitchen.at\/wp-content\/uploads\/2014\/10\/2014-10-10-10.29.39-530x304.jpg 530w, https:\/\/www.samskitchen.at\/wp-content\/uploads\/2014\/10\/2014-10-10-10.29.39.jpg 1133w\" sizes=\"(max-width: 510px) 100vw, 510px\" \/><\/a><a href=\"http:\/\/www.samskitchen.at\/?attachment_id=1584#main\" rel=\"attachment wp-att-1584\"><img decoding=\"async\" loading=\"lazy\" class=\"alignnone wp-image-1584 size-large\" src=\"http:\/\/www.samskitchen.at\/wp-content\/uploads\/2014\/10\/2014-10-10-11.40.37-510x382.jpg\" alt=\"2014-10-10 11.40.37\" width=\"510\" height=\"382\" srcset=\"https:\/\/www.samskitchen.at\/wp-content\/uploads\/2014\/10\/2014-10-10-11.40.37-510x382.jpg 510w, https:\/\/www.samskitchen.at\/wp-content\/uploads\/2014\/10\/2014-10-10-11.40.37-300x225.jpg 300w, https:\/\/www.samskitchen.at\/wp-content\/uploads\/2014\/10\/2014-10-10-11.40.37-330x247.jpg 330w, https:\/\/www.samskitchen.at\/wp-content\/uploads\/2014\/10\/2014-10-10-11.40.37-530x397.jpg 530w, https:\/\/www.samskitchen.at\/wp-content\/uploads\/2014\/10\/2014-10-10-11.40.37.jpg 1200w\" sizes=\"(max-width: 510px) 100vw, 510px\" \/><\/a><a href=\"http:\/\/www.samskitchen.at\/?attachment_id=1583#main\" rel=\"attachment wp-att-1583\"><img decoding=\"async\" loading=\"lazy\" class=\"alignnone wp-image-1583 size-large\" src=\"http:\/\/www.samskitchen.at\/wp-content\/uploads\/2014\/10\/2014-10-10-11.26.42-510x382.jpg\" alt=\"2014-10-10 11.26.42\" width=\"510\" height=\"382\" srcset=\"https:\/\/www.samskitchen.at\/wp-content\/uploads\/2014\/10\/2014-10-10-11.26.42-510x382.jpg 510w, https:\/\/www.samskitchen.at\/wp-content\/uploads\/2014\/10\/2014-10-10-11.26.42-300x225.jpg 300w, https:\/\/www.samskitchen.at\/wp-content\/uploads\/2014\/10\/2014-10-10-11.26.42-330x247.jpg 330w, https:\/\/www.samskitchen.at\/wp-content\/uploads\/2014\/10\/2014-10-10-11.26.42-530x397.jpg 530w, https:\/\/www.samskitchen.at\/wp-content\/uploads\/2014\/10\/2014-10-10-11.26.42.jpg 1200w\" sizes=\"(max-width: 510px) 100vw, 510px\" \/><\/a><a href=\"http:\/\/www.samskitchen.at\/?attachment_id=1581#main\" rel=\"attachment wp-att-1581\"><img decoding=\"async\" loading=\"lazy\" class=\"alignnone wp-image-1581 size-large\" src=\"http:\/\/www.samskitchen.at\/wp-content\/uploads\/2014\/10\/2014-10-10-11.27.22-510x382.jpg\" alt=\"2014-10-10 11.27.22\" width=\"510\" height=\"382\" srcset=\"https:\/\/www.samskitchen.at\/wp-content\/uploads\/2014\/10\/2014-10-10-11.27.22-510x382.jpg 510w, https:\/\/www.samskitchen.at\/wp-content\/uploads\/2014\/10\/2014-10-10-11.27.22-300x225.jpg 300w, https:\/\/www.samskitchen.at\/wp-content\/uploads\/2014\/10\/2014-10-10-11.27.22-330x247.jpg 330w, https:\/\/www.samskitchen.at\/wp-content\/uploads\/2014\/10\/2014-10-10-11.27.22-530x397.jpg 530w, https:\/\/www.samskitchen.at\/wp-content\/uploads\/2014\/10\/2014-10-10-11.27.22.jpg 1200w\" sizes=\"(max-width: 510px) 100vw, 510px\" \/><\/a><\/p>\n<p>Quelle: <a href=\"http:\/\/www.homebaking.at\/schwarzwaelder-landbrot\/\">www.homebaking.at<\/a><\/p>\n<p>Eingereicht bei: <a href=\"http:\/\/www.wildyeastblog.com\/yeastspotting\/\">Yeastspotting<\/a><\/p>\n","protected":false},"excerpt":{"rendered":"<p>Es ist wieder an der Zeit ein Brot von Dietmar Kappl\u00a0\u00a0zu backen. Ich entschied mich f\u00fcr das Schwarzw\u00e4lder Landbrot weil es mich an meine Kindheit erinnerte &#8211; nicht der Name sondern das Aussehen und die Geschmacksbeschreibung dieses Brotes. Das Schwarzw\u00e4lder Landbrot ist ein Weizenmischbrot mit kr\u00e4ftiger Kruste und einem leicht mild-s\u00e4uerlichen Brotgeschmack. Um eine etwas kr\u00e4ftige und zugleich lebhafte Kruste &hellip;<\/p>\n","protected":false},"author":1,"featured_media":1582,"comment_status":"open","ping_status":"open","sticky":false,"template":"","format":"standard","meta":{"_mi_skip_tracking":false,"_exactmetrics_sitenote_active":false,"_exactmetrics_sitenote_note":"","_exactmetrics_sitenote_category":0,"ngg_post_thumbnail":0,"jetpack_post_was_ever_published":false,"_jetpack_newsletter_access":"","footnotes":"","jetpack_publicize_message":"","jetpack_is_tweetstorm":false,"jetpack_publicize_feature_enabled":true,"jetpack_social_post_already_shared":true,"jetpack_social_options":{"image_generator_settings":{"template":"highway","enabled":false}}},"categories":[2],"tags":[59,12,220,130],"jetpack_publicize_connections":[],"jetpack_featured_media_url":"https:\/\/www.samskitchen.at\/wp-content\/uploads\/2014\/10\/2014-10-10-11.27.16.jpg","jetpack_sharing_enabled":true,"jetpack_shortlink":"https:\/\/wp.me\/p41IW0-pr","_links":{"self":[{"href":"https:\/\/www.samskitchen.at\/index.php?rest_route=\/wp\/v2\/posts\/1577"}],"collection":[{"href":"https:\/\/www.samskitchen.at\/index.php?rest_route=\/wp\/v2\/posts"}],"about":[{"href":"https:\/\/www.samskitchen.at\/index.php?rest_route=\/wp\/v2\/types\/post"}],"author":[{"embeddable":true,"href":"https:\/\/www.samskitchen.at\/index.php?rest_route=\/wp\/v2\/users\/1"}],"replies":[{"embeddable":true,"href":"https:\/\/www.samskitchen.at\/index.php?rest_route=%2Fwp%2Fv2%2Fcomments&post=1577"}],"version-history":[{"count":6,"href":"https:\/\/www.samskitchen.at\/index.php?rest_route=\/wp\/v2\/posts\/1577\/revisions"}],"predecessor-version":[{"id":2029,"href":"https:\/\/www.samskitchen.at\/index.php?rest_route=\/wp\/v2\/posts\/1577\/revisions\/2029"}],"wp:featuredmedia":[{"embeddable":true,"href":"https:\/\/www.samskitchen.at\/index.php?rest_route=\/wp\/v2\/media\/1582"}],"wp:attachment":[{"href":"https:\/\/www.samskitchen.at\/index.php?rest_route=%2Fwp%2Fv2%2Fmedia&parent=1577"}],"wp:term":[{"taxonomy":"category","embeddable":true,"href":"https:\/\/www.samskitchen.at\/index.php?rest_route=%2Fwp%2Fv2%2Fcategories&post=1577"},{"taxonomy":"post_tag","embeddable":true,"href":"https:\/\/www.samskitchen.at\/index.php?rest_route=%2Fwp%2Fv2%2Ftags&post=1577"}],"curies":[{"name":"wp","href":"https:\/\/api.w.org\/{rel}","templated":true}]}}