{"id":1563,"date":"2014-10-09T09:05:32","date_gmt":"2014-10-09T07:05:32","guid":{"rendered":"http:\/\/www.samskitchen.at\/?p=1563"},"modified":"2014-10-09T09:05:32","modified_gmt":"2014-10-09T07:05:32","slug":"pane-a-lievitazione-naturale-con-prefermento","status":"publish","type":"post","link":"https:\/\/www.samskitchen.at\/?p=1563","title":{"rendered":"Pane a Lievitazione Naturale con Prefermento"},"content":{"rendered":"<p><a href=\"http:\/\/www.samskitchen.at\/?attachment_id=1570#main\" rel=\"attachment wp-att-1570\"><img decoding=\"async\" loading=\"lazy\" class=\"alignnone wp-image-1570 size-large\" src=\"http:\/\/www.samskitchen.at\/wp-content\/uploads\/2014\/10\/2014-10-09-08.09.59-510x382.jpg\" alt=\"2014-10-09 08.09.59\" width=\"510\" height=\"382\" srcset=\"https:\/\/www.samskitchen.at\/wp-content\/uploads\/2014\/10\/2014-10-09-08.09.59-510x382.jpg 510w, https:\/\/www.samskitchen.at\/wp-content\/uploads\/2014\/10\/2014-10-09-08.09.59-300x225.jpg 300w, https:\/\/www.samskitchen.at\/wp-content\/uploads\/2014\/10\/2014-10-09-08.09.59-330x247.jpg 330w, https:\/\/www.samskitchen.at\/wp-content\/uploads\/2014\/10\/2014-10-09-08.09.59-530x397.jpg 530w, https:\/\/www.samskitchen.at\/wp-content\/uploads\/2014\/10\/2014-10-09-08.09.59.jpg 1200w\" sizes=\"(max-width: 510px) 100vw, 510px\" \/><\/a>Ein sehr einfaches Brot, mit einer sehr aromatischen und duftenden Kruste, die Krume ist weich und flauschig. Ich liebe diese italienischen Brote, die es auch in Italien immer seltener gibt. Aber es gibt noch immer \u00a0diese kleinen in Seitengassen versteckten kleinen B\u00e4ckereien oder L\u00e4den, die wunderbare Brote anbieten, man muss nur die Augen ein Wenig offen halten.<\/p>\n<p>Wer einmal so ein Brot gebacken hat kann es gar nicht erwarten es anzuschneiden. Das ist glaub ich die gr\u00f6sste \u00dcbung in Selbstbeherrschung, aber man wird Schlussendlich f\u00fcrstlich daf\u00fcr belohnt. Brot in der urspr\u00fcnglichsten Art \u00a0und sonst Nichts. Eventuell ein Glass Wein &#8211; aber ein Italiener sollte es sein.<\/p>\n<p><strong>Rezept:<\/strong><\/p>\n<p>Vorteig:<\/p>\n<p>25 g Sauerteig<br \/>\n100\u00a0g Weizenmehl Tipo 0<br \/>\n150 g Wasser<br \/>\n5 Gramm Zucker, Honig oder Malz<\/p>\n<p>8-12 Stunden bei Raumtemperatur reifen lassen.<\/p>\n<p>Hauptteig:<\/p>\n<p>275 g\u00a0Vorteig<br \/>\n220 g\u00a0kaltes Wasser\u00a0+ 50 g\u00a0f\u00fcr sp\u00e4tere Zugabe<br \/>\n500 g di farina tipo &#8222;0&#8220;<br \/>\n10-12 g\u00a0Salz<br \/>\n5 g Hefe<br \/>\n10\u00a0g Oliven\u00f6l<\/p>\n<p>Den Vorteig, 220g Wasser und 500g Mehl in einer Sch\u00fcssel grob vermengen. Diese Masse dann 30 Minuten ruhen lassen (Autolyse). Dann im restlichen Wasser das Salz aufl\u00f6sen und in kleinen Mengen zugeben.Auch die Hefe hinzuf\u00fcgen. Am Ende das Oliven\u00f6l unterkneten. Den Teig solange kneten bis er sch\u00f6n Glatt ist. Dann alles 20 Minuten \u00a0dehnen und falten. Insgesamt vier Mal. Danach den Teig zu einer Kugel formen und in einem verschliessbaren Beh\u00e4lter luftdicht reifen lassen, bis sich das Volumen ca. verdreifacht hat.<\/p>\n<p>Auf eine bemehlte Arbeitsplatte st\u00fcrzen und schnell zu einem \u00a0runden Laib formen. In einem gut bemehlten G\u00e4rkorb bis zur 3\/4 Gare reifen lassen. Den Backofen rechtzeitig auf 250 Grad vorheizen.<\/p>\n<p>Mit reichlich Schwaden fallend auf 200 Grad kr\u00e4ftig aufbacken. Die letzten 10 Minuten mit leicht ge\u00f6ffneter Ofent\u00fcr.<\/p>\n<p><a href=\"http:\/\/www.samskitchen.at\/?attachment_id=1573#main\" rel=\"attachment wp-att-1573\"><img decoding=\"async\" loading=\"lazy\" class=\"alignnone wp-image-1573 size-large\" src=\"http:\/\/www.samskitchen.at\/wp-content\/uploads\/2014\/10\/2014-10-09-08.12.24-510x382.jpg\" alt=\"2014-10-09 08.12.24\" width=\"510\" height=\"382\" srcset=\"https:\/\/www.samskitchen.at\/wp-content\/uploads\/2014\/10\/2014-10-09-08.12.24-510x382.jpg 510w, https:\/\/www.samskitchen.at\/wp-content\/uploads\/2014\/10\/2014-10-09-08.12.24-300x225.jpg 300w, https:\/\/www.samskitchen.at\/wp-content\/uploads\/2014\/10\/2014-10-09-08.12.24-330x247.jpg 330w, https:\/\/www.samskitchen.at\/wp-content\/uploads\/2014\/10\/2014-10-09-08.12.24-530x397.jpg 530w, https:\/\/www.samskitchen.at\/wp-content\/uploads\/2014\/10\/2014-10-09-08.12.24.jpg 1200w\" sizes=\"(max-width: 510px) 100vw, 510px\" \/><\/a> <a href=\"http:\/\/www.samskitchen.at\/?attachment_id=1572#main\" rel=\"attachment wp-att-1572\"><img decoding=\"async\" loading=\"lazy\" class=\"alignnone wp-image-1572 size-large\" src=\"http:\/\/www.samskitchen.at\/wp-content\/uploads\/2014\/10\/2014-10-09-08.12.16-510x382.jpg\" alt=\"2014-10-09 08.12.16\" width=\"510\" height=\"382\" srcset=\"https:\/\/www.samskitchen.at\/wp-content\/uploads\/2014\/10\/2014-10-09-08.12.16-510x382.jpg 510w, https:\/\/www.samskitchen.at\/wp-content\/uploads\/2014\/10\/2014-10-09-08.12.16-300x225.jpg 300w, https:\/\/www.samskitchen.at\/wp-content\/uploads\/2014\/10\/2014-10-09-08.12.16-330x247.jpg 330w, https:\/\/www.samskitchen.at\/wp-content\/uploads\/2014\/10\/2014-10-09-08.12.16-530x397.jpg 530w, https:\/\/www.samskitchen.at\/wp-content\/uploads\/2014\/10\/2014-10-09-08.12.16.jpg 1200w\" sizes=\"(max-width: 510px) 100vw, 510px\" \/><\/a><a href=\"http:\/\/www.samskitchen.at\/?attachment_id=1571#main\" rel=\"attachment wp-att-1571\"><img decoding=\"async\" loading=\"lazy\" class=\"alignnone wp-image-1571 size-large\" src=\"http:\/\/www.samskitchen.at\/wp-content\/uploads\/2014\/10\/2014-10-09-08.11.01-510x382.jpg\" alt=\"2014-10-09 08.11.01\" width=\"510\" height=\"382\" srcset=\"https:\/\/www.samskitchen.at\/wp-content\/uploads\/2014\/10\/2014-10-09-08.11.01-510x382.jpg 510w, https:\/\/www.samskitchen.at\/wp-content\/uploads\/2014\/10\/2014-10-09-08.11.01-300x225.jpg 300w, https:\/\/www.samskitchen.at\/wp-content\/uploads\/2014\/10\/2014-10-09-08.11.01-330x247.jpg 330w, https:\/\/www.samskitchen.at\/wp-content\/uploads\/2014\/10\/2014-10-09-08.11.01-530x397.jpg 530w, https:\/\/www.samskitchen.at\/wp-content\/uploads\/2014\/10\/2014-10-09-08.11.01.jpg 700w\" sizes=\"(max-width: 510px) 100vw, 510px\" \/><\/a>Eingereicht bei <a href=\"http:\/\/www.wildyeastblog.com\/yeastspotting\/\">Yeastspotting<\/a><\/p>\n","protected":false},"excerpt":{"rendered":"<p>Ein sehr einfaches Brot, mit einer sehr aromatischen und duftenden Kruste, die Krume ist weich und flauschig. Ich liebe diese italienischen Brote, die es auch in Italien immer seltener gibt. Aber es gibt noch immer \u00a0diese kleinen in Seitengassen versteckten kleinen B\u00e4ckereien oder L\u00e4den, die wunderbare Brote anbieten, man muss nur die Augen ein Wenig offen halten. Wer einmal so &hellip;<\/p>\n","protected":false},"author":1,"featured_media":1571,"comment_status":"open","ping_status":"open","sticky":false,"template":"","format":"standard","meta":{"_mi_skip_tracking":false,"_exactmetrics_sitenote_active":false,"_exactmetrics_sitenote_note":"","_exactmetrics_sitenote_category":0,"ngg_post_thumbnail":0,"jetpack_post_was_ever_published":false,"_jetpack_newsletter_access":"","footnotes":"","jetpack_publicize_message":"","jetpack_is_tweetstorm":false,"jetpack_publicize_feature_enabled":true,"jetpack_social_post_already_shared":true,"jetpack_social_options":{"image_generator_settings":{"template":"highway","enabled":false}}},"categories":[2],"tags":[193,35,219,66],"jetpack_publicize_connections":[],"jetpack_featured_media_url":"https:\/\/www.samskitchen.at\/wp-content\/uploads\/2014\/10\/2014-10-09-08.11.01.jpg","jetpack_sharing_enabled":true,"jetpack_shortlink":"https:\/\/wp.me\/p41IW0-pd","_links":{"self":[{"href":"https:\/\/www.samskitchen.at\/index.php?rest_route=\/wp\/v2\/posts\/1563"}],"collection":[{"href":"https:\/\/www.samskitchen.at\/index.php?rest_route=\/wp\/v2\/posts"}],"about":[{"href":"https:\/\/www.samskitchen.at\/index.php?rest_route=\/wp\/v2\/types\/post"}],"author":[{"embeddable":true,"href":"https:\/\/www.samskitchen.at\/index.php?rest_route=\/wp\/v2\/users\/1"}],"replies":[{"embeddable":true,"href":"https:\/\/www.samskitchen.at\/index.php?rest_route=%2Fwp%2Fv2%2Fcomments&post=1563"}],"version-history":[{"count":5,"href":"https:\/\/www.samskitchen.at\/index.php?rest_route=\/wp\/v2\/posts\/1563\/revisions"}],"predecessor-version":[{"id":1575,"href":"https:\/\/www.samskitchen.at\/index.php?rest_route=\/wp\/v2\/posts\/1563\/revisions\/1575"}],"wp:featuredmedia":[{"embeddable":true,"href":"https:\/\/www.samskitchen.at\/index.php?rest_route=\/wp\/v2\/media\/1571"}],"wp:attachment":[{"href":"https:\/\/www.samskitchen.at\/index.php?rest_route=%2Fwp%2Fv2%2Fmedia&parent=1563"}],"wp:term":[{"taxonomy":"category","embeddable":true,"href":"https:\/\/www.samskitchen.at\/index.php?rest_route=%2Fwp%2Fv2%2Fcategories&post=1563"},{"taxonomy":"post_tag","embeddable":true,"href":"https:\/\/www.samskitchen.at\/index.php?rest_route=%2Fwp%2Fv2%2Ftags&post=1563"}],"curies":[{"name":"wp","href":"https:\/\/api.w.org\/{rel}","templated":true}]}}