{"id":1561,"date":"2014-10-07T16:04:00","date_gmt":"2014-10-07T14:04:00","guid":{"rendered":"http:\/\/www.samskitchen.at\/?p=1561"},"modified":"2014-10-07T16:04:00","modified_gmt":"2014-10-07T14:04:00","slug":"sams-kitchen-wird-ein-jahr-alt","status":"publish","type":"post","link":"https:\/\/www.samskitchen.at\/?p=1561","title":{"rendered":"Sam\u00b4s Kitchen wird EIN Jahr alt"},"content":{"rendered":"<p><a href=\"http:\/\/www.samskitchen.at\/?attachment_id=1567#main\" rel=\"attachment wp-att-1567\"><img decoding=\"async\" loading=\"lazy\" class=\"alignnone size-full wp-image-1567\" src=\"http:\/\/www.samskitchen.at\/wp-content\/uploads\/2014\/10\/2014-10-07-15.20.04.jpg\" alt=\"2014-10-07 15.20.04\" width=\"1200\" height=\"1200\" srcset=\"https:\/\/www.samskitchen.at\/wp-content\/uploads\/2014\/10\/2014-10-07-15.20.04.jpg 1200w, https:\/\/www.samskitchen.at\/wp-content\/uploads\/2014\/10\/2014-10-07-15.20.04-150x150.jpg 150w, https:\/\/www.samskitchen.at\/wp-content\/uploads\/2014\/10\/2014-10-07-15.20.04-300x300.jpg 300w, https:\/\/www.samskitchen.at\/wp-content\/uploads\/2014\/10\/2014-10-07-15.20.04-510x510.jpg 510w, https:\/\/www.samskitchen.at\/wp-content\/uploads\/2014\/10\/2014-10-07-15.20.04-330x330.jpg 330w, https:\/\/www.samskitchen.at\/wp-content\/uploads\/2014\/10\/2014-10-07-15.20.04-530x530.jpg 530w\" sizes=\"(max-width: 1200px) 100vw, 1200px\" \/><\/a>Am 8. Oktober 2013 ver\u00f6ffentlichte ich meinen ersten Beitrag. Inzwischen ist ein Jahr vergangen und es ist an der Zeit Bilanz zu ziehen.<\/p>\n<p>Was am 8. Oktober noch recht einfach begann, hat sich in den letzten 12 Monaten zu einer ganz ansehnlichen Sammlung von eigenen und nachgebackenen oder leicht ver\u00e4nderten Rezepten entwickelt. Einige werden von mir regelm\u00e4ssig gebacken. Ich \u00a0bin immer wieder \u00fcberrascht welche Fortschritte und auch Qualit\u00e4tsanspr\u00fcche ich bei meinen Versuchen bemerke. Anfangs war ich schon damit zufrieden ein Brot oder Geb\u00e4ck aus dem Ofen zu ziehen, das wenigstens essbar war. Und so wuchsen meine Anspr\u00fcche von Mal zu Mal.<\/p>\n<p>Mein besonderer Dank gilt all den vielen Bloggerinnen und Bloggern, deren Beitr\u00e4ge mir geholfen haben mein Ziel langsam aber stetig zu verfolgen.<\/p>\n<p>Nicht zu vergessen sind auch die vielen Besuche bei inn- und ausl\u00e4ndischen B\u00e4ckern, die mich inspirieren selbst Rezepte zu entwickeln. \u00a0Es gibt sie noch die leidenschaftlichen B\u00e4ckerinnen und B\u00e4cker &#8211; man muss sie nur suchen. Einen ganz Besonderen hab ich gefunden und durfte viel aus seinem Erfahrungsschatz lernen &#8211; <a href=\"http:\/\/www.homebaking.at\">Dietmar Kappl.<\/a><\/p>\n<p>Bei meinem Hobby bin ich erst am Anfang einer Herausforderung angelangt, dessen Ende nicht absehbar ist.<\/p>\n<p>Zugriffe aus 94 verschiedenen L\u00e4ndern &#8211; viele deren Namen ich noch nicht einmal geh\u00f6rt habe. In diesem ersten Jahr brachte es mein Blog auf 47.000 Zugriffe. Im Durchschnitt also t\u00e4glich ca. 130 Zugriffe &#8211; Tendenz steigend.<\/p>\n<p>Ich m\u00f6chte mich bei allen meinen Lesern recht herzlich Bedanken und wenn mir die Lust aufs Backen und die Rezepte nicht ausgehen, gibts weiterhin regelm\u00e4ssig was Neues.<\/p>\n<p>In diesem Sinne &#8211; back mas!<\/p>\n<p>&nbsp;<\/p>\n","protected":false},"excerpt":{"rendered":"<p>Am 8. Oktober 2013 ver\u00f6ffentlichte ich meinen ersten Beitrag. Inzwischen ist ein Jahr vergangen und es ist an der Zeit Bilanz zu ziehen. Was am 8. Oktober noch recht einfach begann, hat sich in den letzten 12 Monaten zu einer ganz ansehnlichen Sammlung von eigenen und nachgebackenen oder leicht ver\u00e4nderten Rezepten entwickelt. Einige werden von mir regelm\u00e4ssig gebacken. Ich \u00a0bin &hellip;<\/p>\n","protected":false},"author":1,"featured_media":1567,"comment_status":"open","ping_status":"open","sticky":false,"template":"","format":"standard","meta":{"_mi_skip_tracking":false,"_exactmetrics_sitenote_active":false,"_exactmetrics_sitenote_note":"","_exactmetrics_sitenote_category":0,"ngg_post_thumbnail":0,"jetpack_post_was_ever_published":false,"_jetpack_newsletter_access":"","footnotes":"","jetpack_publicize_message":"","jetpack_is_tweetstorm":false,"jetpack_publicize_feature_enabled":true,"jetpack_social_post_already_shared":true,"jetpack_social_options":{"image_generator_settings":{"template":"highway","enabled":false}}},"categories":[1],"tags":[],"jetpack_publicize_connections":[],"jetpack_featured_media_url":"https:\/\/www.samskitchen.at\/wp-content\/uploads\/2014\/10\/2014-10-07-15.20.04.jpg","jetpack_sharing_enabled":true,"jetpack_shortlink":"https:\/\/wp.me\/p41IW0-pb","_links":{"self":[{"href":"https:\/\/www.samskitchen.at\/index.php?rest_route=\/wp\/v2\/posts\/1561"}],"collection":[{"href":"https:\/\/www.samskitchen.at\/index.php?rest_route=\/wp\/v2\/posts"}],"about":[{"href":"https:\/\/www.samskitchen.at\/index.php?rest_route=\/wp\/v2\/types\/post"}],"author":[{"embeddable":true,"href":"https:\/\/www.samskitchen.at\/index.php?rest_route=\/wp\/v2\/users\/1"}],"replies":[{"embeddable":true,"href":"https:\/\/www.samskitchen.at\/index.php?rest_route=%2Fwp%2Fv2%2Fcomments&post=1561"}],"version-history":[{"count":3,"href":"https:\/\/www.samskitchen.at\/index.php?rest_route=\/wp\/v2\/posts\/1561\/revisions"}],"predecessor-version":[{"id":1568,"href":"https:\/\/www.samskitchen.at\/index.php?rest_route=\/wp\/v2\/posts\/1561\/revisions\/1568"}],"wp:featuredmedia":[{"embeddable":true,"href":"https:\/\/www.samskitchen.at\/index.php?rest_route=\/wp\/v2\/media\/1567"}],"wp:attachment":[{"href":"https:\/\/www.samskitchen.at\/index.php?rest_route=%2Fwp%2Fv2%2Fmedia&parent=1561"}],"wp:term":[{"taxonomy":"category","embeddable":true,"href":"https:\/\/www.samskitchen.at\/index.php?rest_route=%2Fwp%2Fv2%2Fcategories&post=1561"},{"taxonomy":"post_tag","embeddable":true,"href":"https:\/\/www.samskitchen.at\/index.php?rest_route=%2Fwp%2Fv2%2Ftags&post=1561"}],"curies":[{"name":"wp","href":"https:\/\/api.w.org\/{rel}","templated":true}]}}