{"id":1516,"date":"2014-09-10T14:47:25","date_gmt":"2014-09-10T12:47:25","guid":{"rendered":"http:\/\/www.samskitchen.at\/?p=1516"},"modified":"2017-09-30T16:23:58","modified_gmt":"2017-09-30T14:23:58","slug":"roggenvollkornbrot-mit-ganzem-korn","status":"publish","type":"post","link":"https:\/\/www.samskitchen.at\/?p=1516","title":{"rendered":"Roggenvollkornbrot (mit ganzem Korn)"},"content":{"rendered":"<p><a href=\"http:\/\/www.samskitchen.at\/?attachment_id=1523#main\" rel=\"attachment wp-att-1523\"><img decoding=\"async\" loading=\"lazy\" class=\"alignnone wp-image-1523 size-large\" src=\"http:\/\/www.samskitchen.at\/wp-content\/uploads\/2014\/09\/2014-09-10-14.17.21-510x382.jpg\" alt=\"2014-09-10 14.17.21\" width=\"510\" height=\"382\" srcset=\"https:\/\/www.samskitchen.at\/wp-content\/uploads\/2014\/09\/2014-09-10-14.17.21-510x382.jpg 510w, https:\/\/www.samskitchen.at\/wp-content\/uploads\/2014\/09\/2014-09-10-14.17.21-300x225.jpg 300w, https:\/\/www.samskitchen.at\/wp-content\/uploads\/2014\/09\/2014-09-10-14.17.21-330x247.jpg 330w, https:\/\/www.samskitchen.at\/wp-content\/uploads\/2014\/09\/2014-09-10-14.17.21-530x397.jpg 530w, https:\/\/www.samskitchen.at\/wp-content\/uploads\/2014\/09\/2014-09-10-14.17.21.jpg 1200w\" sizes=\"(max-width: 510px) 100vw, 510px\" \/><\/a><\/p>\n<p>&nbsp;<\/p>\n<p>Lardo di Colonnata Giannarelli Toskana. Dieser weisse Speck aus der Toskana ist mit keinem anderen zu vergleichen. Ich hab das unvergleichliche Vorrecht diesen Lardo sogar bei uns in Klagenfurt direkt zu beziehen. Ein unvergessliches Ereignis. Das erste Mal &nbsp;kostete ich diesen Speck am w\u00f6chentlichen Markt bei uns mit einem Gl\u00e4schen Malvasia oder waren es zwei, keine Ahnung&#8230;&#8230;&#8230;&#8230;. Aber mit Vollkornbrot und noch dazu mit ganzen K\u00f6rnern &#8211; ein Genuss. Kommt einfach an einem Mittwoch oder Samstag Vormittag bei mir vorbei und wir geniessen es gemeinsam. Bitte um Voranmeldung &#8211; weil ich erst &nbsp;das Vollkornbrot frisch backen muss.<\/p>\n<p>So und nun zum eigentlichen Rezept f\u00fcr ein Vollkornbrot mit ganzen K\u00f6rnern. Dazu verwende ich ein sogenanntes &#8222;Kochst\u00fcck&#8220; .Mit diesem Verfahren werden beim Vollkornbrot eine l\u00e4ngere Frischhaltung und eine elastischere und feuchte Krume erzielt. Da mein Kastenbrot ein &#8222;Hammer&#8220; war, hab ich das Rezept von <a href=\"http:\/\/www.homebaking.at\">Dietmar Kappl<\/a> nur um dieses Kochst\u00fcck erg\u00e4nzt. Bin auf das Ergebnis schon gespannt.<\/p>\n<p><strong>Vollkornsauerteig:<\/strong><\/p>\n<p>300g Roggenvollkornmehl<br \/>\n300g Wasser<br \/>\n30g Anstellgut<br \/>\nTA: 200 RZ: 18Stunden TT: 26-27\u00b0C (bei mir war der Sauerteig schon nach 13 Stunden reif)<\/p>\n<p><strong>Kochst\u00fcck:<\/strong><\/p>\n<p>200g Roggenk\u00f6rner<br \/>\n300g Wasser<\/p>\n<p>Zur Herstellung des Kochst\u00fcckes werden die Getreidek\u00f6rner und das Wasser mit einer TA von 200-300 in einem Kochtopf mit Deckel zum K\u00f6cheln gebracht, so lange bis das ganze Wasser verquollen ist (\u201eNICHT KOCHEN\u201c). Bei diesem Verfahren verkleistert bereits ein Teil der St\u00e4rke im Kochst\u00fcck. Anschlie\u00dfend wird das Kochst\u00fcck wieder auf 25\u00b0C abgek\u00fchlt und kann nach einer Stunde verwendet werden.<br \/>\nMit diesem Verfahren werden beim Vollkornbrot eine l\u00e4ngere Frischhaltung und eine elastischere und feuchte Krume erzielt.<\/p>\n<p><strong>Hauptteig:<\/strong><\/p>\n<p>630g reifer Sauerteig<br \/>\n500g Kochst\u00fcck<br \/>\n500g Roggenvollkornmehl<br \/>\n300g Wasser<br \/>\n16g Meersalz<br \/>\n7g Hefe (Vorsicht: erst gegen Ende der &nbsp;Mischphase)<br \/>\nTT: 29-31\u00b0C MZ: 20Min langsam<\/p>\n<p>Alle Zutaten au\u00dfer Hefe im langsamen Gang 20 Minuten mischen (Hefe erste kurz vor Ende der Mischzeit beimengen).<\/p>\n<p>Danach wird eine 30 Minuten lange Ruhezeit eingelegt. Anschlie\u00dfend wird der Teig weitere 10 Minuten am langsamen Gang gemischt. Um dem Teig die gew\u00fcnschte Teigfestigkeit zu geben, kann noch einmal Wasser nachgesch\u00fcttet werden.<\/p>\n<p>Der Teig reift nun f\u00fcr weitere 20 Minuten im Kessel, und wird danach in vier&nbsp;gleich gro\u00dfe Teile geteilt. Rund wirken und sofort in einen Backrahmen legen, mit Mehl bestauben und garen lassen. Der Backrahmen sollte nur bis zur H\u00e4lfte mit Brotteig gef\u00fcllt sein, den dadurch erreicht man ein besseres und sch\u00f6neres Backergebnis.<\/p>\n<p>Bei voller Gare werden die Brote bei 260\u00b0C mit Schwaden in das Backrohr geschoben. Nach etwa 1-2 Minuten wird der Schwaden abgelassen. Nach weiteren 10 Minuten Ofen auf 195-200\u00b0C stellen und nochmals 55-60 Minuten Backen. Die gesamte Backzeit sollte 70 Minuten nicht unterschreiten.<\/p>\n<p>Nach der halben Backzeit die Holzrahmen vorsichtig entfernen,wenn man eine sch\u00f6ne Rundumkruste haben m\u00f6chte.<\/p>\n<p><a href=\"http:\/\/www.samskitchen.at\/?attachment_id=1518#main\" rel=\"attachment wp-att-1518\"><img decoding=\"async\" loading=\"lazy\" class=\"alignnone wp-image-1518 size-large\" src=\"http:\/\/www.samskitchen.at\/wp-content\/uploads\/2014\/09\/2014-09-10-09.28.54-510x382.jpg\" alt=\"2014-09-10 09.28.54\" width=\"510\" height=\"382\" srcset=\"https:\/\/www.samskitchen.at\/wp-content\/uploads\/2014\/09\/2014-09-10-09.28.54-510x382.jpg 510w, https:\/\/www.samskitchen.at\/wp-content\/uploads\/2014\/09\/2014-09-10-09.28.54-300x225.jpg 300w, https:\/\/www.samskitchen.at\/wp-content\/uploads\/2014\/09\/2014-09-10-09.28.54-330x247.jpg 330w, https:\/\/www.samskitchen.at\/wp-content\/uploads\/2014\/09\/2014-09-10-09.28.54-530x397.jpg 530w, https:\/\/www.samskitchen.at\/wp-content\/uploads\/2014\/09\/2014-09-10-09.28.54.jpg 1200w\" sizes=\"(max-width: 510px) 100vw, 510px\" \/><\/a><\/p>\n<p><a href=\"http:\/\/www.samskitchen.at\/?attachment_id=1520#main\" rel=\"attachment wp-att-1520\"><img decoding=\"async\" loading=\"lazy\" class=\"alignnone wp-image-1520 size-large\" src=\"http:\/\/www.samskitchen.at\/wp-content\/uploads\/2014\/09\/2014-09-10-10.56.45-510x382.jpg\" alt=\"2014-09-10 10.56.45\" width=\"510\" height=\"382\" srcset=\"https:\/\/www.samskitchen.at\/wp-content\/uploads\/2014\/09\/2014-09-10-10.56.45-510x382.jpg 510w, https:\/\/www.samskitchen.at\/wp-content\/uploads\/2014\/09\/2014-09-10-10.56.45-300x225.jpg 300w, https:\/\/www.samskitchen.at\/wp-content\/uploads\/2014\/09\/2014-09-10-10.56.45-330x247.jpg 330w, https:\/\/www.samskitchen.at\/wp-content\/uploads\/2014\/09\/2014-09-10-10.56.45-530x397.jpg 530w, https:\/\/www.samskitchen.at\/wp-content\/uploads\/2014\/09\/2014-09-10-10.56.45.jpg 1200w\" sizes=\"(max-width: 510px) 100vw, 510px\" \/><\/a> <a href=\"http:\/\/www.samskitchen.at\/?attachment_id=1521#main\" rel=\"attachment wp-att-1521\"><img decoding=\"async\" loading=\"lazy\" class=\"alignnone wp-image-1521 size-large\" src=\"http:\/\/www.samskitchen.at\/wp-content\/uploads\/2014\/09\/2014-09-10-10.57.07-510x413.jpg\" alt=\"2014-09-10 10.57.07\" width=\"510\" height=\"413\" srcset=\"https:\/\/www.samskitchen.at\/wp-content\/uploads\/2014\/09\/2014-09-10-10.57.07-510x413.jpg 510w, https:\/\/www.samskitchen.at\/wp-content\/uploads\/2014\/09\/2014-09-10-10.57.07-300x243.jpg 300w, https:\/\/www.samskitchen.at\/wp-content\/uploads\/2014\/09\/2014-09-10-10.57.07-330x267.jpg 330w, https:\/\/www.samskitchen.at\/wp-content\/uploads\/2014\/09\/2014-09-10-10.57.07-530x429.jpg 530w, https:\/\/www.samskitchen.at\/wp-content\/uploads\/2014\/09\/2014-09-10-10.57.07.jpg 1200w\" sizes=\"(max-width: 510px) 100vw, 510px\" \/><\/a><\/p>\n<p><a href=\"http:\/\/www.samskitchen.at\/?attachment_id=1525#main\" rel=\"attachment wp-att-1525\"><img decoding=\"async\" loading=\"lazy\" class=\"alignnone wp-image-1525 size-large\" src=\"http:\/\/www.samskitchen.at\/wp-content\/uploads\/2014\/09\/2014-09-10-10.57.071-510x413.jpg\" alt=\"2014-09-10 10.57.07\" width=\"510\" height=\"413\" srcset=\"https:\/\/www.samskitchen.at\/wp-content\/uploads\/2014\/09\/2014-09-10-10.57.071-510x413.jpg 510w, https:\/\/www.samskitchen.at\/wp-content\/uploads\/2014\/09\/2014-09-10-10.57.071-300x243.jpg 300w, https:\/\/www.samskitchen.at\/wp-content\/uploads\/2014\/09\/2014-09-10-10.57.071-330x267.jpg 330w, https:\/\/www.samskitchen.at\/wp-content\/uploads\/2014\/09\/2014-09-10-10.57.071-530x429.jpg 530w, https:\/\/www.samskitchen.at\/wp-content\/uploads\/2014\/09\/2014-09-10-10.57.071.jpg 1200w\" sizes=\"(max-width: 510px) 100vw, 510px\" \/><\/a> <a href=\"http:\/\/www.samskitchen.at\/?attachment_id=1526#main\" rel=\"attachment wp-att-1526\"><img decoding=\"async\" loading=\"lazy\" class=\"alignnone wp-image-1526 size-large\" src=\"http:\/\/www.samskitchen.at\/wp-content\/uploads\/2014\/09\/2014-09-10-14.17.211-510x382.jpg\" alt=\"2014-09-10 14.17.21\" width=\"510\" height=\"382\" srcset=\"https:\/\/www.samskitchen.at\/wp-content\/uploads\/2014\/09\/2014-09-10-14.17.211-510x382.jpg 510w, https:\/\/www.samskitchen.at\/wp-content\/uploads\/2014\/09\/2014-09-10-14.17.211-300x225.jpg 300w, https:\/\/www.samskitchen.at\/wp-content\/uploads\/2014\/09\/2014-09-10-14.17.211-330x247.jpg 330w, https:\/\/www.samskitchen.at\/wp-content\/uploads\/2014\/09\/2014-09-10-14.17.211-530x397.jpg 530w, https:\/\/www.samskitchen.at\/wp-content\/uploads\/2014\/09\/2014-09-10-14.17.211.jpg 1200w\" sizes=\"(max-width: 510px) 100vw, 510px\" \/><\/a> <a href=\"http:\/\/www.samskitchen.at\/?attachment_id=1527#main\" rel=\"attachment wp-att-1527\"><img decoding=\"async\" loading=\"lazy\" class=\"alignnone wp-image-1527 size-large\" src=\"http:\/\/www.samskitchen.at\/wp-content\/uploads\/2014\/09\/2014-09-10-14.26.02-510x386.jpg\" alt=\"2014-09-10 14.26.02\" width=\"510\" height=\"386\" srcset=\"https:\/\/www.samskitchen.at\/wp-content\/uploads\/2014\/09\/2014-09-10-14.26.02-510x386.jpg 510w, https:\/\/www.samskitchen.at\/wp-content\/uploads\/2014\/09\/2014-09-10-14.26.02-300x227.jpg 300w, https:\/\/www.samskitchen.at\/wp-content\/uploads\/2014\/09\/2014-09-10-14.26.02-330x250.jpg 330w, https:\/\/www.samskitchen.at\/wp-content\/uploads\/2014\/09\/2014-09-10-14.26.02-530x401.jpg 530w, https:\/\/www.samskitchen.at\/wp-content\/uploads\/2014\/09\/2014-09-10-14.26.02.jpg 600w\" sizes=\"(max-width: 510px) 100vw, 510px\" \/><\/a><\/p>\n<p>Eingereicht bei <a href=\"http:\/\/www.wildyeastblog.com\/yeastspotting\/\">Yeatspotting<\/a><\/p>\n<p>&nbsp;<\/p>\n","protected":false},"excerpt":{"rendered":"<p>&nbsp; Lardo di Colonnata Giannarelli Toskana. Dieser weisse Speck aus der Toskana ist mit keinem anderen zu vergleichen. Ich hab das unvergleichliche Vorrecht diesen Lardo sogar bei uns in Klagenfurt direkt zu beziehen. Ein unvergessliches Ereignis. Das erste Mal &nbsp;kostete ich diesen Speck am w\u00f6chentlichen Markt bei uns mit einem Gl\u00e4schen Malvasia oder waren es zwei, keine Ahnung&#8230;&#8230;&#8230;&#8230;. Aber mit &hellip;<\/p>\n","protected":false},"author":1,"featured_media":1520,"comment_status":"open","ping_status":"open","sticky":false,"template":"","format":"standard","meta":{"_mi_skip_tracking":false,"_exactmetrics_sitenote_active":false,"_exactmetrics_sitenote_note":"","_exactmetrics_sitenote_category":0,"ngg_post_thumbnail":0,"jetpack_post_was_ever_published":false,"_jetpack_newsletter_access":"","footnotes":"","jetpack_publicize_message":"","jetpack_is_tweetstorm":false,"jetpack_publicize_feature_enabled":true,"jetpack_social_post_already_shared":true,"jetpack_social_options":{"image_generator_settings":{"template":"highway","enabled":false}}},"categories":[2],"tags":[214,215,19,35],"jetpack_publicize_connections":[],"jetpack_featured_media_url":"https:\/\/www.samskitchen.at\/wp-content\/uploads\/2014\/09\/2014-09-10-10.56.45.jpg","jetpack_sharing_enabled":true,"jetpack_shortlink":"https:\/\/wp.me\/p41IW0-os","_links":{"self":[{"href":"https:\/\/www.samskitchen.at\/index.php?rest_route=\/wp\/v2\/posts\/1516"}],"collection":[{"href":"https:\/\/www.samskitchen.at\/index.php?rest_route=\/wp\/v2\/posts"}],"about":[{"href":"https:\/\/www.samskitchen.at\/index.php?rest_route=\/wp\/v2\/types\/post"}],"author":[{"embeddable":true,"href":"https:\/\/www.samskitchen.at\/index.php?rest_route=\/wp\/v2\/users\/1"}],"replies":[{"embeddable":true,"href":"https:\/\/www.samskitchen.at\/index.php?rest_route=%2Fwp%2Fv2%2Fcomments&post=1516"}],"version-history":[{"count":12,"href":"https:\/\/www.samskitchen.at\/index.php?rest_route=\/wp\/v2\/posts\/1516\/revisions"}],"predecessor-version":[{"id":3295,"href":"https:\/\/www.samskitchen.at\/index.php?rest_route=\/wp\/v2\/posts\/1516\/revisions\/3295"}],"wp:featuredmedia":[{"embeddable":true,"href":"https:\/\/www.samskitchen.at\/index.php?rest_route=\/wp\/v2\/media\/1520"}],"wp:attachment":[{"href":"https:\/\/www.samskitchen.at\/index.php?rest_route=%2Fwp%2Fv2%2Fmedia&parent=1516"}],"wp:term":[{"taxonomy":"category","embeddable":true,"href":"https:\/\/www.samskitchen.at\/index.php?rest_route=%2Fwp%2Fv2%2Fcategories&post=1516"},{"taxonomy":"post_tag","embeddable":true,"href":"https:\/\/www.samskitchen.at\/index.php?rest_route=%2Fwp%2Fv2%2Ftags&post=1516"}],"curies":[{"name":"wp","href":"https:\/\/api.w.org\/{rel}","templated":true}]}}