{"id":1497,"date":"2014-09-04T10:55:07","date_gmt":"2014-09-04T08:55:07","guid":{"rendered":"http:\/\/www.samskitchen.at\/?p=1497"},"modified":"2014-09-04T10:55:07","modified_gmt":"2014-09-04T08:55:07","slug":"charpentier","status":"publish","type":"post","link":"https:\/\/www.samskitchen.at\/?p=1497","title":{"rendered":"Charpentier"},"content":{"rendered":"<p><a href=\"http:\/\/www.samskitchen.at\/?attachment_id=1500#main\" rel=\"attachment wp-att-1500\"><img decoding=\"async\" loading=\"lazy\" class=\"alignnone wp-image-1500 size-large\" src=\"http:\/\/www.samskitchen.at\/wp-content\/uploads\/2014\/09\/2014-09-04-10.07.30-510x382.jpg\" alt=\"2014-09-04 10.07.30\" width=\"510\" height=\"382\" srcset=\"https:\/\/www.samskitchen.at\/wp-content\/uploads\/2014\/09\/2014-09-04-10.07.30-510x382.jpg 510w, https:\/\/www.samskitchen.at\/wp-content\/uploads\/2014\/09\/2014-09-04-10.07.30-300x225.jpg 300w, https:\/\/www.samskitchen.at\/wp-content\/uploads\/2014\/09\/2014-09-04-10.07.30-330x247.jpg 330w, https:\/\/www.samskitchen.at\/wp-content\/uploads\/2014\/09\/2014-09-04-10.07.30-530x397.jpg 530w, https:\/\/www.samskitchen.at\/wp-content\/uploads\/2014\/09\/2014-09-04-10.07.30.jpg 1200w\" sizes=\"(max-width: 510px) 100vw, 510px\" \/><\/a><\/p>\n<p>Zur Zeit back ich nur nach, \u00a0die Brote von &#8222;<a href=\"http:\/\/www.homebaking.at\/category\/aktuell\/\">Dietmar Kappl<\/a>&#8220; haben es mir angetan. Das \u00a0sch\u00f6ne beim Backen ist, hat man einmal so halbwegs verstanden wie geht, hat man eigentlich auch noch Spielraum f\u00fcr die eigene Kreativit\u00e4t. Und Dietmar best\u00e4rkt mich immer wieder, auch was Neues auszuprobieren. So hab ich in Ermangelung vom franz\u00f6sischen \u00a0T80, das \u00f6sterr. W1600 genommen, es sollte angeblich dem T80 nahekommen. Laut seiner Beschreibung sollte es eine sch\u00f6n gef\u00e4rbte, lichte Krume durchzogen von vielen Aromastoffen haben und auch die Kruste sollte sich durch eine langanhaltende R\u00f6sche auszeichnen.<\/p>\n<p><strong>Und nun zum Rezept f\u00fcr ein Teiggewicht von 1105g: 2 St\u00fcck mit einer Teigeinlage von 550g<\/strong><\/p>\n<p>Weizensauerteig:<\/p>\n<p>100g T80 (W1600)<br \/>\n100g Wasser<br \/>\n10g Anstellgut<br \/>\nTA: 200 TT: 27-29\u00b0C RZ: 15-18 Stunden<\/p>\n<p>&nbsp;<\/p>\n<p>Hauptteig:<\/p>\n<p>500g T80 (W1600)<br \/>\n280g Wasser -1 (f\u00fcr Autolyse und zu Beginn der Mischzeit)<br \/>\n100g Wasser -2 (diese Wassermenge wird erst sp\u00e4ter Schluckweise nachgesch\u00fcttet)<br \/>\n13g Meersalz<br \/>\n2-3g Hefe<br \/>\n210g Weizensauerteig<br \/>\nTA: 180 TT: 24-25\u00b0C MZ: 10 Min. langsam\/ 3-5 Min. schnell<\/p>\n<p>&nbsp;<\/p>\n<p>Sauerteig, Wasser -1 und Mehl werden knollenfrei verr\u00fchrt, und f\u00fcr 30 Minuten zur Autolyse stehen gelassen. Nach der Autolyse werden Meersalz und Hefe beigemengt und 10 Minuten langsam geknetet.<\/p>\n<p>Erst wenn der schnelle Gang zu laufen beginnt, wird das Wasser -2 in kleinen Etappen nachgesch\u00fcttet. Es wird so lange am schnellen Gang geknetet, bis das vollst\u00e4ndige Wasser aufgemischt ist (wer sich nicht \u00fcber die hohe TA von 180 wagt, kann ruhig etwas Sch\u00fcttwasser zur\u00fcckbehalten). Bei laufender Maschine sieht m\u00f6glicherweise noch alles im gr\u00fcnen Bereich aus, dies \u00e4ndert sich aber mit ausgeschalteter Maschine Schlagartig.<\/p>\n<p>Gleich nach dem Mischen wird der Teig in eine ge\u00f6lte Wanne gekippt und 3 mal alle 50 Minuten gefaltet. Mit jedem Faltvorgang gewinnt der Teig an Stabilit\u00e4t, und es macht richtig Spa\u00df ihn dabei zu beobachten. Nach den 150 Minuten Teigentwicklung, wird der Teig f\u00fcr 12-15 Stunden im K\u00fchlschrank gelagert.<\/p>\n<p>Nach der eingehaltenen 12 Stunden wird der Teig in der Wanne bemehlt, und auf eine Arbeitsplatte gest\u00fcrzt. Nun werden 2 G\u00e4rk\u00f6rbe (Simperl) etwas kr\u00e4ftiger mit Mehl bestaubt. Vom Teig, der bereits auf der Arbeitsplatte liegt, werden nun mit einer Teigspachtel beliebig gro\u00dfe St\u00fccke abgestochen und in den G\u00e4rkorb gelegt. Die Menge des Teiges sollte sich auf 2 G\u00e4rk\u00f6rbe aufteilen, und es sollte darauf geachtet werden, das die Porung so gut als m\u00f6glich erhalten bleibt.<\/p>\n<p>Je nachdem wie Vorsichtig man bei der Aufarbeitung war, reift der Teig im G\u00e4rkorb f\u00fcr weitere 45-70 Minuten. Gebacken werden die Brote 250\u00b0C fallend 235\u00b0C etwa 30-35 Minuten (kr\u00e4ftig Ausbacken). Der Schwaden wird erst gegen Ende der Backzeit abgelassen.<\/p>\n<p>Quelle: www.homebaking.at<\/p>\n<p><a href=\"http:\/\/www.samskitchen.at\/?attachment_id=1499#main\" rel=\"attachment wp-att-1499\"><img decoding=\"async\" loading=\"lazy\" class=\"alignnone wp-image-1499 size-large\" src=\"http:\/\/www.samskitchen.at\/wp-content\/uploads\/2014\/09\/2014-09-04-09.34.31-510x382.jpg\" alt=\"2014-09-04 09.34.31\" width=\"510\" height=\"382\" srcset=\"https:\/\/www.samskitchen.at\/wp-content\/uploads\/2014\/09\/2014-09-04-09.34.31-510x382.jpg 510w, https:\/\/www.samskitchen.at\/wp-content\/uploads\/2014\/09\/2014-09-04-09.34.31-300x225.jpg 300w, https:\/\/www.samskitchen.at\/wp-content\/uploads\/2014\/09\/2014-09-04-09.34.31-330x247.jpg 330w, https:\/\/www.samskitchen.at\/wp-content\/uploads\/2014\/09\/2014-09-04-09.34.31-530x397.jpg 530w, https:\/\/www.samskitchen.at\/wp-content\/uploads\/2014\/09\/2014-09-04-09.34.31.jpg 1200w\" sizes=\"(max-width: 510px) 100vw, 510px\" \/><\/a> <a href=\"http:\/\/www.samskitchen.at\/?attachment_id=1501#main\" rel=\"attachment wp-att-1501\"><img decoding=\"async\" loading=\"lazy\" class=\"alignnone wp-image-1501 size-large\" src=\"http:\/\/www.samskitchen.at\/wp-content\/uploads\/2014\/09\/2014-09-04-10.07.50-510x382.jpg\" alt=\"2014-09-04 10.07.50\" width=\"510\" height=\"382\" srcset=\"https:\/\/www.samskitchen.at\/wp-content\/uploads\/2014\/09\/2014-09-04-10.07.50-510x382.jpg 510w, https:\/\/www.samskitchen.at\/wp-content\/uploads\/2014\/09\/2014-09-04-10.07.50-300x225.jpg 300w, https:\/\/www.samskitchen.at\/wp-content\/uploads\/2014\/09\/2014-09-04-10.07.50-330x247.jpg 330w, https:\/\/www.samskitchen.at\/wp-content\/uploads\/2014\/09\/2014-09-04-10.07.50-530x397.jpg 530w, https:\/\/www.samskitchen.at\/wp-content\/uploads\/2014\/09\/2014-09-04-10.07.50.jpg 1200w\" sizes=\"(max-width: 510px) 100vw, 510px\" \/><\/a> <a href=\"http:\/\/www.samskitchen.at\/?attachment_id=1502#main\" rel=\"attachment wp-att-1502\"><img decoding=\"async\" loading=\"lazy\" class=\"alignnone wp-image-1502 size-large\" src=\"http:\/\/www.samskitchen.at\/wp-content\/uploads\/2014\/09\/2014-09-04-10.08.06-510x382.jpg\" alt=\"2014-09-04 10.08.06\" width=\"510\" height=\"382\" srcset=\"https:\/\/www.samskitchen.at\/wp-content\/uploads\/2014\/09\/2014-09-04-10.08.06-510x382.jpg 510w, https:\/\/www.samskitchen.at\/wp-content\/uploads\/2014\/09\/2014-09-04-10.08.06-300x225.jpg 300w, https:\/\/www.samskitchen.at\/wp-content\/uploads\/2014\/09\/2014-09-04-10.08.06-330x247.jpg 330w, https:\/\/www.samskitchen.at\/wp-content\/uploads\/2014\/09\/2014-09-04-10.08.06-530x397.jpg 530w, https:\/\/www.samskitchen.at\/wp-content\/uploads\/2014\/09\/2014-09-04-10.08.06.jpg 1200w\" sizes=\"(max-width: 510px) 100vw, 510px\" \/><\/a><a href=\"http:\/\/www.samskitchen.at\/?attachment_id=1505#main\" rel=\"attachment wp-att-1505\"><img decoding=\"async\" loading=\"lazy\" class=\"alignnone wp-image-1505 size-large\" src=\"http:\/\/www.samskitchen.at\/wp-content\/uploads\/2014\/09\/2014-09-04-10.40.01-510x382.jpg\" alt=\"2014-09-04 10.40.01\" width=\"510\" height=\"382\" srcset=\"https:\/\/www.samskitchen.at\/wp-content\/uploads\/2014\/09\/2014-09-04-10.40.01-510x382.jpg 510w, https:\/\/www.samskitchen.at\/wp-content\/uploads\/2014\/09\/2014-09-04-10.40.01-300x225.jpg 300w, https:\/\/www.samskitchen.at\/wp-content\/uploads\/2014\/09\/2014-09-04-10.40.01-330x247.jpg 330w, https:\/\/www.samskitchen.at\/wp-content\/uploads\/2014\/09\/2014-09-04-10.40.01-530x397.jpg 530w, https:\/\/www.samskitchen.at\/wp-content\/uploads\/2014\/09\/2014-09-04-10.40.01.jpg 1200w\" sizes=\"(max-width: 510px) 100vw, 510px\" \/><\/a><a href=\"http:\/\/www.samskitchen.at\/?attachment_id=1506#main\" rel=\"attachment wp-att-1506\"><img decoding=\"async\" loading=\"lazy\" class=\"alignnone wp-image-1506 size-large\" src=\"http:\/\/www.samskitchen.at\/wp-content\/uploads\/2014\/09\/2014-09-04-10.40.58-510x382.jpg\" alt=\"2014-09-04 10.40.58\" width=\"510\" height=\"382\" srcset=\"https:\/\/www.samskitchen.at\/wp-content\/uploads\/2014\/09\/2014-09-04-10.40.58-510x382.jpg 510w, https:\/\/www.samskitchen.at\/wp-content\/uploads\/2014\/09\/2014-09-04-10.40.58-300x225.jpg 300w, https:\/\/www.samskitchen.at\/wp-content\/uploads\/2014\/09\/2014-09-04-10.40.58-330x247.jpg 330w, https:\/\/www.samskitchen.at\/wp-content\/uploads\/2014\/09\/2014-09-04-10.40.58-530x397.jpg 530w, https:\/\/www.samskitchen.at\/wp-content\/uploads\/2014\/09\/2014-09-04-10.40.58.jpg 1200w\" sizes=\"(max-width: 510px) 100vw, 510px\" \/><\/a><\/p>\n<p>&nbsp;<\/p>\n<p>Eingereicht bei: <a href=\"http:\/\/www.wildyeastblog.com\">YeastSpotting<\/a><\/p>\n<p>&nbsp;<\/p>\n","protected":false},"excerpt":{"rendered":"<p>Zur Zeit back ich nur nach, \u00a0die Brote von &#8222;Dietmar Kappl&#8220; haben es mir angetan. Das \u00a0sch\u00f6ne beim Backen ist, hat man einmal so halbwegs verstanden wie geht, hat man eigentlich auch noch Spielraum f\u00fcr die eigene Kreativit\u00e4t. Und Dietmar best\u00e4rkt mich immer wieder, auch was Neues auszuprobieren. So hab ich in Ermangelung vom franz\u00f6sischen \u00a0T80, das \u00f6sterr. W1600 genommen, &hellip;<\/p>\n","protected":false},"author":1,"featured_media":1500,"comment_status":"open","ping_status":"open","sticky":false,"template":"","format":"standard","meta":{"_mi_skip_tracking":false,"_exactmetrics_sitenote_active":false,"_exactmetrics_sitenote_note":"","_exactmetrics_sitenote_category":0,"ngg_post_thumbnail":0,"jetpack_post_was_ever_published":false,"_jetpack_newsletter_access":"","footnotes":"","jetpack_publicize_message":"","jetpack_is_tweetstorm":false,"jetpack_publicize_feature_enabled":true,"jetpack_social_post_already_shared":true,"jetpack_social_options":{"image_generator_settings":{"template":"highway","enabled":false}}},"categories":[2],"tags":[212,149,130],"jetpack_publicize_connections":[],"jetpack_featured_media_url":"https:\/\/www.samskitchen.at\/wp-content\/uploads\/2014\/09\/2014-09-04-10.07.30.jpg","jetpack_sharing_enabled":true,"jetpack_shortlink":"https:\/\/wp.me\/p41IW0-o9","_links":{"self":[{"href":"https:\/\/www.samskitchen.at\/index.php?rest_route=\/wp\/v2\/posts\/1497"}],"collection":[{"href":"https:\/\/www.samskitchen.at\/index.php?rest_route=\/wp\/v2\/posts"}],"about":[{"href":"https:\/\/www.samskitchen.at\/index.php?rest_route=\/wp\/v2\/types\/post"}],"author":[{"embeddable":true,"href":"https:\/\/www.samskitchen.at\/index.php?rest_route=\/wp\/v2\/users\/1"}],"replies":[{"embeddable":true,"href":"https:\/\/www.samskitchen.at\/index.php?rest_route=%2Fwp%2Fv2%2Fcomments&post=1497"}],"version-history":[{"count":5,"href":"https:\/\/www.samskitchen.at\/index.php?rest_route=\/wp\/v2\/posts\/1497\/revisions"}],"predecessor-version":[{"id":1508,"href":"https:\/\/www.samskitchen.at\/index.php?rest_route=\/wp\/v2\/posts\/1497\/revisions\/1508"}],"wp:featuredmedia":[{"embeddable":true,"href":"https:\/\/www.samskitchen.at\/index.php?rest_route=\/wp\/v2\/media\/1500"}],"wp:attachment":[{"href":"https:\/\/www.samskitchen.at\/index.php?rest_route=%2Fwp%2Fv2%2Fmedia&parent=1497"}],"wp:term":[{"taxonomy":"category","embeddable":true,"href":"https:\/\/www.samskitchen.at\/index.php?rest_route=%2Fwp%2Fv2%2Fcategories&post=1497"},{"taxonomy":"post_tag","embeddable":true,"href":"https:\/\/www.samskitchen.at\/index.php?rest_route=%2Fwp%2Fv2%2Ftags&post=1497"}],"curies":[{"name":"wp","href":"https:\/\/api.w.org\/{rel}","templated":true}]}}