{"id":1391,"date":"2014-08-24T20:21:01","date_gmt":"2014-08-24T18:21:01","guid":{"rendered":"http:\/\/www.samskitchen.at\/?p=1391"},"modified":"2014-08-25T08:04:52","modified_gmt":"2014-08-25T06:04:52","slug":"blog-event-ein-brot-fuer-goetz-von-berlichingen","status":"publish","type":"post","link":"https:\/\/www.samskitchen.at\/?p=1391","title":{"rendered":"BLOG-EVENT &#8211; EIN BROT F\u00dcR G\u00d6TZ VON BERLICHINGEN!"},"content":{"rendered":"<p><a href=\"http:\/\/brotandbreaddeutsch.blogspot.co.at\/2014\/07\/blog-event-ein-brot-fur-gotz-von.html\" rel=\"attachment wp-att-1392\"><img decoding=\"async\" loading=\"lazy\" class=\"alignnone size-full wp-image-1392\" src=\"http:\/\/www.samskitchen.at\/wp-content\/uploads\/2014\/08\/blog-event-ein-brot-fuer-goetz.jpg\" alt=\"blog-event-ein-brot-fuer-goetz\" width=\"277\" height=\"168\" \/><\/a><\/p>\n<p>&nbsp;<\/p>\n<p><a href=\"http:\/\/www.samskitchen.at\/?attachment_id=1434#main\" rel=\"attachment wp-att-1434\"><img decoding=\"async\" loading=\"lazy\" class=\"alignnone wp-image-1434 size-large\" src=\"http:\/\/www.samskitchen.at\/wp-content\/uploads\/2014\/08\/2014-08-24-11.58.48-510x279.jpg\" alt=\"2014-08-24 11.58.48\" width=\"510\" height=\"279\" srcset=\"https:\/\/www.samskitchen.at\/wp-content\/uploads\/2014\/08\/2014-08-24-11.58.48-510x279.jpg 510w, https:\/\/www.samskitchen.at\/wp-content\/uploads\/2014\/08\/2014-08-24-11.58.48-300x164.jpg 300w, https:\/\/www.samskitchen.at\/wp-content\/uploads\/2014\/08\/2014-08-24-11.58.48-330x181.jpg 330w, https:\/\/www.samskitchen.at\/wp-content\/uploads\/2014\/08\/2014-08-24-11.58.48-530x290.jpg 530w, https:\/\/www.samskitchen.at\/wp-content\/uploads\/2014\/08\/2014-08-24-11.58.48.jpg 955w\" sizes=\"(max-width: 510px) 100vw, 510px\" \/><\/a><\/p>\n<p>Karin Anderson hat gerufen bei Ihrem Blog-Event &#8211; Ein Brot f\u00fcr G\u00f6tz von Berlichingen, mitzumachen. Sp\u00e4t aber doch, hab auch ich mich aufgerafft (es brauchte einen Rippenstoss von Karin) und ein Ritterbrot zusammengemischt. Ich dachte mir, die Ritter, wenn sie unterwegs waren, hatten auch nicht immer einen Backofen in Reichweite, ausser sie raubten und brandschatzten. \u00a0Aber so f\u00fcr Unterwegs hatten sie ja ihre Knappen und andere Gefolgsl\u00e4ute, die f\u00fcrs Essen zust\u00e4ndig waren. Und zu jeder transportablen K\u00fccheneinrichtung geh\u00f6rte sicher ein grosser Gusseiserner Kessel, den man \u00fcbers Feuer h\u00e4ngen konnte. Also dachte ich, so ein Brot in einem Kessel \u00fcber offenen Feuer gebacken sollte es werden.<\/p>\n<p><strong>Rezept f\u00fcr einen Gusseisernen Kessel von ca. 9 Liter Innhalt.<\/strong><\/p>\n<p>Sauerteig:<\/p>\n<p>10g Anstellgut<br \/>\n150g Wasser 30\u00b0C<br \/>\n200g Roggenmehl Type\/960<br \/>\nAnstellgut im Wasser vollst\u00e4ndig aufl\u00f6sen und mit einem Kochl\u00f6ffel sauber verr\u00fchren. Zugedeckt an einem warmen Ort 25-28\u00b0C f\u00fcr 15-20 Stunden reifen lassen.<\/p>\n<p>Brotaroma:<\/p>\n<p>70g Altbrot<br \/>\n170g Wasser 40 Grad<br \/>\n\u00dcber Nacht im K\u00fchlschrank\u00a0quellen lassen und am Backtag ca. 1 Stunde bei Raumtemperatur stehen lassen.<\/p>\n<p>Brotteig:<\/p>\n<p>360g reifer Sauerteig<br \/>\n240g Brotaroma<br \/>\n300g Roggenmehl Type\/960<br \/>\n100g Weizenmehl Type\/700<br \/>\n100g Weizenmehl Type\/1600<br \/>\n215g Wasser<br \/>\n16g Meersalz<br \/>\n10g Brotgew\u00fcrz (oder Fenchel, K\u00fcmmel und Koriander gemahlen)<br \/>\n5g Hefe<br \/>\n150g Lievito Marde<\/p>\n<p>Alle Zutaten\u00a0mit langsamer Geschwindigkeit ca. 8 Minuten kneten und dann eine Stunde bei Raumtemperatur gehen lassen.<\/p>\n<p>Den Teig nun vorsichtig und locker zu einem Laib formen und mit dem Schluss nach unten in einen gemehlten G\u00e4rkorb legen. Die Oberfl\u00e4che kann nach belieben mit Roggenmehl gestaubt werden.<\/p>\n<p>Bei guter Gare vorsichtig in den gut aufgeheizten Kessel wuchten, Deckel drauf und \u00a0einige Kohlest\u00fccke am Deckel platzieren. Ich hab einen sogenannten <a href=\"http:\/\/de.wikipedia.org\/wiki\/Dutch_oven\">&#8222;Dutch Oven&#8220;<\/a> und stell den Topf w\u00e4hrend der Aufheizphase ins Feuer, aber vorsichtig nicht den kalten Topf sofort ins Feuer, sondern er sollte sch\u00f6n langsam aufgeheizt werden, damit er nicht springt. Man kann genausogut einen anderen Topf oder Br\u00e4ter wie gewohnt verwenden und im Elektroherd aufheizen.<\/p>\n<p>Wichtig ist beim Backen das der Brotlaib kr\u00e4ftig ausgebacken wird , denn nur so entwickelt sich der kr\u00e4ftige Brotgeschmack und die Frischhaltung wird au\u00dferdem verbessert. Im Elektroherd mit wenig Schwaden bei 250 Grad anbacken fallend auf 200 Grad ca 70 Minuten kr\u00e4ftig backen. Im Kessel \u00fcbern Feuer wird es einwenig \u00dcbung erfordern, die richtige Temperatur und Backzeit zu finden. Aber die alten Ritter waren ja sicher nicht allzu W\u00e4hlerisch &#8211; und Brot wird&#8217;s immer.<\/p>\n<p><a href=\"http:\/\/www.samskitchen.at\/?attachment_id=1441#main\" rel=\"attachment wp-att-1441\"><img decoding=\"async\" loading=\"lazy\" class=\"alignnone wp-image-1441 size-large\" src=\"http:\/\/www.samskitchen.at\/wp-content\/uploads\/2014\/08\/2014-08-24-13.03.12-510x382.jpg\" alt=\"2014-08-24 13.03.12\" width=\"510\" height=\"382\" srcset=\"https:\/\/www.samskitchen.at\/wp-content\/uploads\/2014\/08\/2014-08-24-13.03.12-510x382.jpg 510w, https:\/\/www.samskitchen.at\/wp-content\/uploads\/2014\/08\/2014-08-24-13.03.12-300x225.jpg 300w, https:\/\/www.samskitchen.at\/wp-content\/uploads\/2014\/08\/2014-08-24-13.03.12-330x247.jpg 330w, https:\/\/www.samskitchen.at\/wp-content\/uploads\/2014\/08\/2014-08-24-13.03.12-530x397.jpg 530w, https:\/\/www.samskitchen.at\/wp-content\/uploads\/2014\/08\/2014-08-24-13.03.12.jpg 1200w\" sizes=\"(max-width: 510px) 100vw, 510px\" \/><\/a><a href=\"http:\/\/www.samskitchen.at\/?attachment_id=1439#main\" rel=\"attachment wp-att-1439\"><img decoding=\"async\" loading=\"lazy\" class=\"alignnone wp-image-1439 size-large\" src=\"http:\/\/www.samskitchen.at\/wp-content\/uploads\/2014\/08\/2014-08-24-12.59.20-510x382.jpg\" alt=\"2014-08-24 12.59.20\" width=\"510\" height=\"382\" srcset=\"https:\/\/www.samskitchen.at\/wp-content\/uploads\/2014\/08\/2014-08-24-12.59.20-510x382.jpg 510w, https:\/\/www.samskitchen.at\/wp-content\/uploads\/2014\/08\/2014-08-24-12.59.20-300x225.jpg 300w, https:\/\/www.samskitchen.at\/wp-content\/uploads\/2014\/08\/2014-08-24-12.59.20-330x247.jpg 330w, https:\/\/www.samskitchen.at\/wp-content\/uploads\/2014\/08\/2014-08-24-12.59.20-530x397.jpg 530w, https:\/\/www.samskitchen.at\/wp-content\/uploads\/2014\/08\/2014-08-24-12.59.20.jpg 1200w\" sizes=\"(max-width: 510px) 100vw, 510px\" \/><\/a><a href=\"http:\/\/www.samskitchen.at\/?attachment_id=1437#main\" rel=\"attachment wp-att-1437\"><img decoding=\"async\" loading=\"lazy\" class=\"alignnone wp-image-1437 size-large\" src=\"http:\/\/www.samskitchen.at\/wp-content\/uploads\/2014\/08\/2014-08-24-11.59.28-510x382.jpg\" alt=\"2014-08-24 11.59.28\" width=\"510\" height=\"382\" srcset=\"https:\/\/www.samskitchen.at\/wp-content\/uploads\/2014\/08\/2014-08-24-11.59.28-510x382.jpg 510w, https:\/\/www.samskitchen.at\/wp-content\/uploads\/2014\/08\/2014-08-24-11.59.28-300x225.jpg 300w, https:\/\/www.samskitchen.at\/wp-content\/uploads\/2014\/08\/2014-08-24-11.59.28-330x247.jpg 330w, https:\/\/www.samskitchen.at\/wp-content\/uploads\/2014\/08\/2014-08-24-11.59.28-530x397.jpg 530w, https:\/\/www.samskitchen.at\/wp-content\/uploads\/2014\/08\/2014-08-24-11.59.28.jpg 1200w\" sizes=\"(max-width: 510px) 100vw, 510px\" \/><\/a><\/p>\n<p>Wenn ihr das Freiluftexperiment nachlesen wollt, schaut <a title=\"Backen im Dutch Oven     \u00a0\u00a0\u00a0\u00a0\u00a0\u00a0\u00a0\u00a0\u00a0\u00a0\u00a0\u00a0\u00a0\u00a0\u00a0\u00a0\u00a0\u00a0\u00a0\u00a0\u00a0\u00a0\u00a0\u00a0\u00a0\u00a0\u00a0\u00a0\u00a0\u00a0\u00a0\u00a0\u00a0\u00a0(Feldversuch)\" href=\"http:\/\/www.samskitchen.at\/?p=1412\">hier<\/a> und auch <a href=\"http:\/\/www.samskitchen.at\/?p=1425\">hier<\/a> rein:<\/p>\n<p>&nbsp;<\/p>\n","protected":false},"excerpt":{"rendered":"<p>&nbsp; Karin Anderson hat gerufen bei Ihrem Blog-Event &#8211; Ein Brot f\u00fcr G\u00f6tz von Berlichingen, mitzumachen. Sp\u00e4t aber doch, hab auch ich mich aufgerafft (es brauchte einen Rippenstoss von Karin) und ein Ritterbrot zusammengemischt. Ich dachte mir, die Ritter, wenn sie unterwegs waren, hatten auch nicht immer einen Backofen in Reichweite, ausser sie raubten und brandschatzten. \u00a0Aber so f\u00fcr Unterwegs &hellip;<\/p>\n","protected":false},"author":1,"featured_media":1435,"comment_status":"open","ping_status":"open","sticky":false,"template":"","format":"standard","meta":{"_mi_skip_tracking":false,"_exactmetrics_sitenote_active":false,"_exactmetrics_sitenote_note":"","_exactmetrics_sitenote_category":0,"ngg_post_thumbnail":0,"jetpack_post_was_ever_published":false,"_jetpack_newsletter_access":"","footnotes":"","jetpack_publicize_message":"","jetpack_is_tweetstorm":false,"jetpack_publicize_feature_enabled":true,"jetpack_social_post_already_shared":true,"jetpack_social_options":{"image_generator_settings":{"template":"highway","enabled":false}}},"categories":[2],"tags":[203,59,201,35,202],"jetpack_publicize_connections":[],"jetpack_featured_media_url":"https:\/\/www.samskitchen.at\/wp-content\/uploads\/2014\/08\/2014-08-24-11.59.14.jpg","jetpack_sharing_enabled":true,"jetpack_shortlink":"https:\/\/wp.me\/p41IW0-mr","_links":{"self":[{"href":"https:\/\/www.samskitchen.at\/index.php?rest_route=\/wp\/v2\/posts\/1391"}],"collection":[{"href":"https:\/\/www.samskitchen.at\/index.php?rest_route=\/wp\/v2\/posts"}],"about":[{"href":"https:\/\/www.samskitchen.at\/index.php?rest_route=\/wp\/v2\/types\/post"}],"author":[{"embeddable":true,"href":"https:\/\/www.samskitchen.at\/index.php?rest_route=\/wp\/v2\/users\/1"}],"replies":[{"embeddable":true,"href":"https:\/\/www.samskitchen.at\/index.php?rest_route=%2Fwp%2Fv2%2Fcomments&post=1391"}],"version-history":[{"count":11,"href":"https:\/\/www.samskitchen.at\/index.php?rest_route=\/wp\/v2\/posts\/1391\/revisions"}],"predecessor-version":[{"id":1449,"href":"https:\/\/www.samskitchen.at\/index.php?rest_route=\/wp\/v2\/posts\/1391\/revisions\/1449"}],"wp:featuredmedia":[{"embeddable":true,"href":"https:\/\/www.samskitchen.at\/index.php?rest_route=\/wp\/v2\/media\/1435"}],"wp:attachment":[{"href":"https:\/\/www.samskitchen.at\/index.php?rest_route=%2Fwp%2Fv2%2Fmedia&parent=1391"}],"wp:term":[{"taxonomy":"category","embeddable":true,"href":"https:\/\/www.samskitchen.at\/index.php?rest_route=%2Fwp%2Fv2%2Fcategories&post=1391"},{"taxonomy":"post_tag","embeddable":true,"href":"https:\/\/www.samskitchen.at\/index.php?rest_route=%2Fwp%2Fv2%2Ftags&post=1391"}],"curies":[{"name":"wp","href":"https:\/\/api.w.org\/{rel}","templated":true}]}}