{"id":1370,"date":"2015-05-04T11:07:26","date_gmt":"2015-05-04T09:07:26","guid":{"rendered":"http:\/\/www.samskitchen.at\/?p=1370"},"modified":"2015-05-04T11:07:26","modified_gmt":"2015-05-04T09:07:26","slug":"ein-ganz-normales-weissbrot-wecken","status":"publish","type":"post","link":"https:\/\/www.samskitchen.at\/?p=1370","title":{"rendered":"Ein ganz normales Weissbrot (Wecken)"},"content":{"rendered":"<p><a href=\"http:\/\/www.samskitchen.at\/?attachment_id=1980#main\" rel=\"attachment wp-att-1980\"><img decoding=\"async\" loading=\"lazy\" class=\"alignnone size-full wp-image-1980\" src=\"http:\/\/www.samskitchen.at\/wp-content\/uploads\/2015\/05\/2015-05-04-10.45.431.jpg\" alt=\"2015-05-04 10.45.43\" width=\"650\" height=\"488\" srcset=\"https:\/\/www.samskitchen.at\/wp-content\/uploads\/2015\/05\/2015-05-04-10.45.431.jpg 650w, https:\/\/www.samskitchen.at\/wp-content\/uploads\/2015\/05\/2015-05-04-10.45.431-300x225.jpg 300w, https:\/\/www.samskitchen.at\/wp-content\/uploads\/2015\/05\/2015-05-04-10.45.431-510x383.jpg 510w, https:\/\/www.samskitchen.at\/wp-content\/uploads\/2015\/05\/2015-05-04-10.45.431-330x248.jpg 330w, https:\/\/www.samskitchen.at\/wp-content\/uploads\/2015\/05\/2015-05-04-10.45.431-530x398.jpg 530w\" sizes=\"(max-width: 650px) 100vw, 650px\" \/><\/a>Fr\u00fcher einmal gabs zum Sonntagsfr\u00fchst\u00fcck oder bei besonderen Anl\u00e4ssen &#8222;Weissbrot&#8220; oder einen &#8222;Weissen Wecken&#8220; &#8211; ganz normales Weissbrot wie es damals jeder B\u00e4cker im Sortiment hatte. Mittlerweile haben alle m\u00f6glichen Formen und Bezeichnungen den &#8222;Weissen Wecken&#8220; schon fast ins Abseits verdr\u00e4ngt. In Erinnerung an diese Zeit gibts Heute eine ganz normales Weissbrot. Lange kalte F\u00fchrung und als G\u00e4rhilfe, eine Salz-Hefe-L\u00f6sung.<\/p>\n<p><strong>Rezept f\u00fcr 3 wei\u00dfe Wecken Stk\/ 370g TG: 1100g<\/strong><\/p>\n<p>Salz-Hefe-L\u00f6sung:<\/p>\n<p>140g Wasser<br \/>\n15g Hefe<br \/>\n15g Salz<br \/>\nStehzeit: mind. 4Stunden\/ max. 48 Stunden<\/p>\n<p>&nbsp;<\/p>\n<p>Hauptteig:<\/p>\n<p>650g Weizenmehl Type\/700<br \/>\n240g Wasser<br \/>\n170g Hefe-Salz-L\u00f6sung<br \/>\n20g Fl\u00fcssigmalz<br \/>\n20g Butter<\/p>\n<p>Alle Zutaten zu einem Teig kneten (7 Minuten langsam\/ 6 Minuten schnell).<\/p>\n<p>Nach dem kneten denn Teig f\u00fcr 30 Minuten reifen lassen.<\/p>\n<p>Danach in 3 gleich gro\u00dfe St\u00fccke teilen, und zu runden Laiben wirken. zugedeckt weitere 30 Minuten reifen lassen.<\/p>\n<p>Nun werden die Teiglinge zu l\u00e4nglichen Striezel geformt, und auf die k\u00fchle Gare gestellt. Wer diese Wecken am Abend formt, hat zum Fr\u00fchst\u00fcck einen frischen\u2026<\/p>\n<p>Nach so ca. 12 Stunden im K\u00fchlschrank sollten sich die Brote kurz bei Raumtemperatur akklimatisieren.<\/p>\n<p>Vor dem Backen werden die\u00a0Striezel mit Wasser abgespr\u00fcht, der L\u00e4nge nach mehrmals geschnitten, und mit reichlich Schwaden bei 250\u00b0C in den Ofen geschoben. Nach 5 Minuten wird das Backrohr auf 210\u00b0C zur\u00fcckgeschaltet und weitere 20 Minuten gebacken (gesamt 25 Minuten).<\/p>\n<p><a href=\"http:\/\/www.samskitchen.at\/?attachment_id=1978#main\" rel=\"attachment wp-att-1978\"><img decoding=\"async\" loading=\"lazy\" class=\"alignnone size-full wp-image-1978\" src=\"http:\/\/www.samskitchen.at\/wp-content\/uploads\/2015\/05\/2015-05-04-10.45.47.jpg\" alt=\"2015-05-04 10.45.47\" width=\"700\" height=\"525\" srcset=\"https:\/\/www.samskitchen.at\/wp-content\/uploads\/2015\/05\/2015-05-04-10.45.47.jpg 700w, https:\/\/www.samskitchen.at\/wp-content\/uploads\/2015\/05\/2015-05-04-10.45.47-300x225.jpg 300w, https:\/\/www.samskitchen.at\/wp-content\/uploads\/2015\/05\/2015-05-04-10.45.47-510x383.jpg 510w, https:\/\/www.samskitchen.at\/wp-content\/uploads\/2015\/05\/2015-05-04-10.45.47-330x248.jpg 330w, https:\/\/www.samskitchen.at\/wp-content\/uploads\/2015\/05\/2015-05-04-10.45.47-530x398.jpg 530w\" sizes=\"(max-width: 700px) 100vw, 700px\" \/><\/a> <a href=\"http:\/\/www.samskitchen.at\/?attachment_id=1977#main\" rel=\"attachment wp-att-1977\"><img decoding=\"async\" loading=\"lazy\" class=\"alignnone size-full wp-image-1977\" src=\"http:\/\/www.samskitchen.at\/wp-content\/uploads\/2015\/05\/2015-05-04-10.45.51.jpg\" alt=\"2015-05-04 10.45.51\" width=\"700\" height=\"525\" srcset=\"https:\/\/www.samskitchen.at\/wp-content\/uploads\/2015\/05\/2015-05-04-10.45.51.jpg 700w, https:\/\/www.samskitchen.at\/wp-content\/uploads\/2015\/05\/2015-05-04-10.45.51-300x225.jpg 300w, https:\/\/www.samskitchen.at\/wp-content\/uploads\/2015\/05\/2015-05-04-10.45.51-510x383.jpg 510w, https:\/\/www.samskitchen.at\/wp-content\/uploads\/2015\/05\/2015-05-04-10.45.51-330x248.jpg 330w, https:\/\/www.samskitchen.at\/wp-content\/uploads\/2015\/05\/2015-05-04-10.45.51-530x398.jpg 530w\" sizes=\"(max-width: 700px) 100vw, 700px\" \/><\/a> <a href=\"http:\/\/www.samskitchen.at\/?attachment_id=1976#main\" rel=\"attachment wp-att-1976\"><img decoding=\"async\" loading=\"lazy\" class=\"alignnone size-full wp-image-1976\" src=\"http:\/\/www.samskitchen.at\/wp-content\/uploads\/2015\/05\/2015-05-04-10.47.03.jpg\" alt=\"2015-05-04 10.47.03\" width=\"700\" height=\"525\" srcset=\"https:\/\/www.samskitchen.at\/wp-content\/uploads\/2015\/05\/2015-05-04-10.47.03.jpg 700w, https:\/\/www.samskitchen.at\/wp-content\/uploads\/2015\/05\/2015-05-04-10.47.03-300x225.jpg 300w, https:\/\/www.samskitchen.at\/wp-content\/uploads\/2015\/05\/2015-05-04-10.47.03-510x383.jpg 510w, https:\/\/www.samskitchen.at\/wp-content\/uploads\/2015\/05\/2015-05-04-10.47.03-330x248.jpg 330w, https:\/\/www.samskitchen.at\/wp-content\/uploads\/2015\/05\/2015-05-04-10.47.03-530x398.jpg 530w\" sizes=\"(max-width: 700px) 100vw, 700px\" \/><\/a> <a href=\"http:\/\/www.samskitchen.at\/?attachment_id=1975#main\" rel=\"attachment wp-att-1975\"><img decoding=\"async\" loading=\"lazy\" class=\"alignnone size-full wp-image-1975\" src=\"http:\/\/www.samskitchen.at\/wp-content\/uploads\/2015\/05\/2015-05-04-10.46.59.jpg\" alt=\"2015-05-04 10.46.59\" width=\"700\" height=\"525\" srcset=\"https:\/\/www.samskitchen.at\/wp-content\/uploads\/2015\/05\/2015-05-04-10.46.59.jpg 700w, https:\/\/www.samskitchen.at\/wp-content\/uploads\/2015\/05\/2015-05-04-10.46.59-300x225.jpg 300w, https:\/\/www.samskitchen.at\/wp-content\/uploads\/2015\/05\/2015-05-04-10.46.59-510x383.jpg 510w, https:\/\/www.samskitchen.at\/wp-content\/uploads\/2015\/05\/2015-05-04-10.46.59-330x248.jpg 330w, https:\/\/www.samskitchen.at\/wp-content\/uploads\/2015\/05\/2015-05-04-10.46.59-530x398.jpg 530w\" sizes=\"(max-width: 700px) 100vw, 700px\" \/><\/a> <a href=\"http:\/\/www.samskitchen.at\/?attachment_id=1974#main\" rel=\"attachment wp-att-1974\"><img decoding=\"async\" loading=\"lazy\" class=\"alignnone size-full wp-image-1974\" src=\"http:\/\/www.samskitchen.at\/wp-content\/uploads\/2015\/05\/2015-05-04-10.45.56.jpg\" alt=\"2015-05-04 10.45.56\" width=\"700\" height=\"525\" srcset=\"https:\/\/www.samskitchen.at\/wp-content\/uploads\/2015\/05\/2015-05-04-10.45.56.jpg 700w, https:\/\/www.samskitchen.at\/wp-content\/uploads\/2015\/05\/2015-05-04-10.45.56-300x225.jpg 300w, https:\/\/www.samskitchen.at\/wp-content\/uploads\/2015\/05\/2015-05-04-10.45.56-510x383.jpg 510w, https:\/\/www.samskitchen.at\/wp-content\/uploads\/2015\/05\/2015-05-04-10.45.56-330x248.jpg 330w, https:\/\/www.samskitchen.at\/wp-content\/uploads\/2015\/05\/2015-05-04-10.45.56-530x398.jpg 530w\" sizes=\"(max-width: 700px) 100vw, 700px\" \/><\/a><\/p>\n<p>Quelle: www.homebaking.at<\/p>\n<p>eingereicht bei <a href=\"http:\/\/www.wildyeastblog.com\/yeastspotting\/\">Yeastspotting<\/a><\/p>\n<p>&nbsp;<\/p>\n","protected":false},"excerpt":{"rendered":"<p>Fr\u00fcher einmal gabs zum Sonntagsfr\u00fchst\u00fcck oder bei besonderen Anl\u00e4ssen &#8222;Weissbrot&#8220; oder einen &#8222;Weissen Wecken&#8220; &#8211; ganz normales Weissbrot wie es damals jeder B\u00e4cker im Sortiment hatte. Mittlerweile haben alle m\u00f6glichen Formen und Bezeichnungen den &#8222;Weissen Wecken&#8220; schon fast ins Abseits verdr\u00e4ngt. In Erinnerung an diese Zeit gibts Heute eine ganz normales Weissbrot. Lange kalte F\u00fchrung und als G\u00e4rhilfe, eine Salz-Hefe-L\u00f6sung. &hellip;<\/p>\n","protected":false},"author":1,"featured_media":1980,"comment_status":"open","ping_status":"open","sticky":false,"template":"","format":"standard","meta":{"_mi_skip_tracking":false,"_exactmetrics_sitenote_active":false,"_exactmetrics_sitenote_note":"","_exactmetrics_sitenote_category":0,"ngg_post_thumbnail":0,"jetpack_post_was_ever_published":false,"_jetpack_newsletter_access":"","footnotes":"","jetpack_publicize_message":"","jetpack_is_tweetstorm":false,"jetpack_publicize_feature_enabled":true,"jetpack_social_post_already_shared":true,"jetpack_social_options":{"image_generator_settings":{"template":"highway","enabled":false}}},"categories":[2],"tags":[191,195,194],"jetpack_publicize_connections":[],"jetpack_featured_media_url":"https:\/\/www.samskitchen.at\/wp-content\/uploads\/2015\/05\/2015-05-04-10.45.431.jpg","jetpack_sharing_enabled":true,"jetpack_shortlink":"https:\/\/wp.me\/p41IW0-m6","_links":{"self":[{"href":"https:\/\/www.samskitchen.at\/index.php?rest_route=\/wp\/v2\/posts\/1370"}],"collection":[{"href":"https:\/\/www.samskitchen.at\/index.php?rest_route=\/wp\/v2\/posts"}],"about":[{"href":"https:\/\/www.samskitchen.at\/index.php?rest_route=\/wp\/v2\/types\/post"}],"author":[{"embeddable":true,"href":"https:\/\/www.samskitchen.at\/index.php?rest_route=\/wp\/v2\/users\/1"}],"replies":[{"embeddable":true,"href":"https:\/\/www.samskitchen.at\/index.php?rest_route=%2Fwp%2Fv2%2Fcomments&post=1370"}],"version-history":[{"count":4,"href":"https:\/\/www.samskitchen.at\/index.php?rest_route=\/wp\/v2\/posts\/1370\/revisions"}],"predecessor-version":[{"id":1981,"href":"https:\/\/www.samskitchen.at\/index.php?rest_route=\/wp\/v2\/posts\/1370\/revisions\/1981"}],"wp:featuredmedia":[{"embeddable":true,"href":"https:\/\/www.samskitchen.at\/index.php?rest_route=\/wp\/v2\/media\/1980"}],"wp:attachment":[{"href":"https:\/\/www.samskitchen.at\/index.php?rest_route=%2Fwp%2Fv2%2Fmedia&parent=1370"}],"wp:term":[{"taxonomy":"category","embeddable":true,"href":"https:\/\/www.samskitchen.at\/index.php?rest_route=%2Fwp%2Fv2%2Fcategories&post=1370"},{"taxonomy":"post_tag","embeddable":true,"href":"https:\/\/www.samskitchen.at\/index.php?rest_route=%2Fwp%2Fv2%2Ftags&post=1370"}],"curies":[{"name":"wp","href":"https:\/\/api.w.org\/{rel}","templated":true}]}}