{"id":1330,"date":"2014-07-29T19:25:05","date_gmt":"2014-07-29T17:25:05","guid":{"rendered":"http:\/\/www.samskitchen.at\/?p=1330"},"modified":"2014-08-12T15:04:23","modified_gmt":"2014-08-12T13:04:23","slug":"pane-tutto-buchi-weissb","status":"publish","type":"post","link":"https:\/\/www.samskitchen.at\/?p=1330","title":{"rendered":"Pane tutto buchi \u00a0\u00a0\u00a0\u00a0\u00a0\u00a0\u00a0\u00a0\u00a0\u00a0\u00a0\u00a0                  \u00a0\u00a0\u00a0\u00a0\u00a0 \u00a0\u00a0\u00a0\u00a0\u00a0\u00a0\u00a0\u00a0\u00a0 (Weissbrot mit gro\u00dfen L\u00f6chern)"},"content":{"rendered":"<p><a href=\"http:\/\/www.samskitchen.at\/?attachment_id=1344#main\" rel=\"attachment wp-att-1344\"><img decoding=\"async\" loading=\"lazy\" class=\"alignnone wp-image-1344 size-large\" src=\"http:\/\/www.samskitchen.at\/wp-content\/uploads\/2014\/07\/2014-07-29-18.57.34-510x382.jpg\" alt=\"2014-07-29 18.57.34\" width=\"510\" height=\"382\" srcset=\"https:\/\/www.samskitchen.at\/wp-content\/uploads\/2014\/07\/2014-07-29-18.57.34-510x382.jpg 510w, https:\/\/www.samskitchen.at\/wp-content\/uploads\/2014\/07\/2014-07-29-18.57.34-300x225.jpg 300w, https:\/\/www.samskitchen.at\/wp-content\/uploads\/2014\/07\/2014-07-29-18.57.34-330x247.jpg 330w, https:\/\/www.samskitchen.at\/wp-content\/uploads\/2014\/07\/2014-07-29-18.57.34-530x397.jpg 530w, https:\/\/www.samskitchen.at\/wp-content\/uploads\/2014\/07\/2014-07-29-18.57.34.jpg 1200w\" sizes=\"(max-width: 510px) 100vw, 510px\" \/><\/a><\/p>\n<p><span style=\"color: #44542a;\"><span style=\"font-family: Times-Roman, serif;\"><span style=\"font-size: large;\">Ich liebe Brot mit vielen gro\u00dfen L\u00f6chern. Ich glaube die Italiener und Franzosen auch. Durch Zufall bekam ich dieses angeblich Originalrezept in die H\u00e4nde. Pane tutto buchi &#8211; oder frei \u00fcbersetzt \u2013 L\u00f6cherbrot. Ein Brot mit vielen L\u00f6chern, wie es die S\u00fcdl\u00e4nder m\u00f6gen. F\u00fcr mich wieder eine Herausforderung gro\u00dfe L\u00f6cher ins Brot zu bekommen.<\/span><\/span><\/span><\/p>\n<p align=\"justify\"><span style=\"color: #44542a;\"><span style=\"font-family: Times-Roman, serif;\"><span style=\"font-size: large;\">Ein weiters interessantes Detail dieses Rezeptes ist, dass die Planung relativ einfach ist. Dieses italienische Weissbrot wird ganz ohne Hefe gebacken. Nur mit <a href=\"http:\/\/brotdoc.com\/2014\/03\/11\/lievito-madre\/\">Lievito Madre<\/a>.\u00a0<\/span><\/span><\/span><\/p>\n<p align=\"justify\"><span style=\"color: #44542a;\"><span style=\"font-family: Times-Roman, serif;\"><span style=\"font-size: large;\">Die ganze Prozedur dauert ca 24 Stunden. Man kann am Abend beginnen und den Teig dann 18 Stunden im K\u00fchlschrank reifen lassen. Man kann ausgiebig schlafen und zum Arbeiten hat man auch noch Zeit.<\/span><\/span><\/span><\/p>\n<p><span style=\"color: #44542a;\"><span style=\"font-family: Times-Roman, serif;\"><span style=\"font-size: large;\"><b>Zutaten:<\/b><\/span><\/span><\/span><\/p>\n<p><span style=\"color: #44542a;\"><span style=\"font-family: Times-Roman, serif;\"><span style=\"font-size: large;\">120 <\/span><\/span><\/span><span style=\"color: #44542a;\"><span style=\"font-family: Times-Roman, serif;\"><span style=\"font-size: large;\">g reifen Lievito Madre<br \/>\n<\/span><\/span><\/span><span style=\"color: #44542a;\"><span style=\"font-family: Times-Roman, serif;\"><span style=\"font-size: large;\">300 g kaltes Leitungswasser + 50 g <\/span><\/span><\/span><span style=\"color: #44542a;\"><span style=\"font-family: Times-Roman, serif;\"><span style=\"font-size: large;\">f\u00fcr einen sp\u00e4teren Zeitpunkt<br \/>\n250 g Mehl (Tipo 0)<br \/>\n<\/span><\/span><\/span><span style=\"color: #44542a;\"><span style=\"font-family: Times-Roman, serif;\"><span style=\"font-size: large;\">250 <\/span><\/span><\/span><span style=\"color: #44542a;\"><span style=\"font-family: Times-Roman, serif;\"><span style=\"font-size: large;\">g <\/span><\/span><\/span><span style=\"color: #44542a; font-family: Times-Roman, serif; font-size: large;\">Manitoba<br \/>\neinen\u00a0Teel\u00f6ffel Malz (Zucker oder Honig)<\/span><br \/>\n<span style=\"color: #44542a;\"><span style=\"font-family: Times-Roman, serif;\"><span style=\"font-size: large;\">12 <\/span><\/span><\/span><span style=\"color: #44542a;\"><span style=\"font-family: Times-Roman, serif;\"><span style=\"font-size: large;\">g<\/span><\/span><\/span><span style=\"color: #44542a;\"><span style=\"font-family: Times-Roman, serif;\"><span style=\"font-size: large;\"> Salz.<\/span><\/span><\/span><\/p>\n<p>&nbsp;<\/p>\n<p><span style=\"color: #44542a;\"><span style=\"font-family: Times-Roman, serif;\"><span style=\"font-size: large;\">Mehl mit Wasser locker mischen und 30 bis 40 Minuten zur Autolyse stellen.<\/span><\/span><\/span><\/p>\n<p><span style=\"color: #44542a;\"><span style=\"font-family: Times-Roman, serif;\"><span style=\"font-size: large;\">In der Zwischenleit den Lievito Madre aus dem K\u00fchlschrank nehmen und bei Raumtemperatur akklimatisieren lassen.<\/span><\/span><\/span><\/p>\n<p><span style=\"color: #44542a;\"><span style=\"font-family: Times-Roman, serif;\"><span style=\"font-size: large;\">Dann den Teig mit den \u00fcbrigen Zutaten und dem restlichen Wasser ca. 10 Minuten langsam kneten bis der Teig sch\u00f6n ausgeknetet ist.<\/span><\/span><\/span><\/p>\n<p><span style=\"color: #44542a;\"><span style=\"font-family: Times-Roman, serif;\"><span style=\"font-size: large;\">In einer einge\u00f6lten Beh\u00e4lter luftdicht f\u00fcr drei Stunden bei Raumtemperatur ruhen lassen. Alle 45 Minuten stretch and fold.<\/span><\/span><\/span><\/p>\n<p><span style=\"color: #44542a;\"><span style=\"font-family: Times-Roman, serif;\"><span style=\"font-size: large;\">Nach den drei Stunden, den Teig in die gew\u00fcnschte Form bringen und in einem gut bemehlten G\u00e4rkorb <\/span><\/span><\/span><span style=\"color: #44542a;\"><span style=\"font-family: Times-Roman, serif;\"><span style=\"font-size: large;\">geben in einen Plastiksack stecken und <\/span><\/span><\/span><span style=\"color: #44542a;\"><span style=\"font-family: Times-Roman, serif;\"><span style=\"font-size: large;\">f\u00fcr 18 Stunden im K\u00fchlschrank lagern.<\/span><\/span><\/span><\/p>\n<p>&nbsp;<\/p>\n<p><span style=\"color: #44542a;\"><span style=\"font-family: Times-Roman, serif;\"><span style=\"font-size: large;\">Im K\u00fchlschrank sollte der Teig stark an Volumen zugenommen haben.<\/span><\/span><\/span><\/p>\n<p><span style=\"color: #44542a;\"><span style=\"font-family: Times-Roman, serif;\"><span style=\"font-size: large;\">Nach den 18 Stunden im K\u00fchlschrank den Teig bei Raumtemperatur ca 2 Stunden stehen lassen um dem Teig die richtige Reife zu geben.<\/span><\/span><\/span><\/p>\n<p>&nbsp;<\/p>\n<p><span style=\"color: #44542a;\"><span style=\"font-family: Times-Roman, serif;\"><span style=\"font-size: large;\">Den Backofen gut auf <\/span><\/span><\/span><span style=\"color: #44542a;\"><span style=\"font-family: Times-Roman, serif;\"><span style=\"font-size: large;\">240 \u00b0 C <\/span><\/span><\/span><span style=\"color: #44542a;\"><span style=\"font-family: Times-Roman, serif;\"><span style=\"font-size: large;\">aufheizen. Auf ein Backblech oder einen Einschiesser st\u00fcrzen und wie gew\u00fcnscht einschneiden. Ab in den Ofen und nicht vergessen zu Schwaden.\u00a0<\/span><\/span><\/span><\/p>\n<p><span style=\"color: #44542a;\"><span style=\"font-family: Times-Roman, serif;\"><span style=\"font-size: large;\">Nach 10 Minuten den Schwaden ablassen. Nach weiteren 10 Minuten auf 200 \u00ba C absenken und kr\u00e4ftig ausbacken. (Gesammtbackzeit ca. 60 Minuten).<\/span><\/span><\/span><\/p>\n<p><span style=\"color: #44542a;\"><span style=\"font-family: Times-Roman, serif;\"><span style=\"font-size: large;\">Die letzten 10 Minuten mit offenem Zug fertig backen.<\/span><\/span><\/span><\/p>\n<p>Rezept eingereicht bei: <a href=\"http:\/\/www.wildyeastblog.com\">Yeastblog<\/a><\/p>\n<p><a href=\"http:\/\/www.samskitchen.at\/?attachment_id=1346#main\" rel=\"attachment wp-att-1346\"><img decoding=\"async\" loading=\"lazy\" class=\"alignnone wp-image-1346 size-large\" src=\"http:\/\/www.samskitchen.at\/wp-content\/uploads\/2014\/07\/2014-07-29-19.16.00-510x382.jpg\" alt=\"2014-07-29 19.16.00\" width=\"510\" height=\"382\" srcset=\"https:\/\/www.samskitchen.at\/wp-content\/uploads\/2014\/07\/2014-07-29-19.16.00-510x382.jpg 510w, https:\/\/www.samskitchen.at\/wp-content\/uploads\/2014\/07\/2014-07-29-19.16.00-300x225.jpg 300w, https:\/\/www.samskitchen.at\/wp-content\/uploads\/2014\/07\/2014-07-29-19.16.00-330x247.jpg 330w, https:\/\/www.samskitchen.at\/wp-content\/uploads\/2014\/07\/2014-07-29-19.16.00-530x397.jpg 530w, https:\/\/www.samskitchen.at\/wp-content\/uploads\/2014\/07\/2014-07-29-19.16.00.jpg 1200w\" sizes=\"(max-width: 510px) 100vw, 510px\" \/><\/a> <a href=\"http:\/\/www.samskitchen.at\/?attachment_id=1347#main\" rel=\"attachment wp-att-1347\"><img decoding=\"async\" loading=\"lazy\" class=\"alignnone wp-image-1347 size-large\" src=\"http:\/\/www.samskitchen.at\/wp-content\/uploads\/2014\/07\/2014-07-29-19.14.39-510x389.jpg\" alt=\"2014-07-29 19.14.39\" width=\"510\" height=\"389\" srcset=\"https:\/\/www.samskitchen.at\/wp-content\/uploads\/2014\/07\/2014-07-29-19.14.39-510x389.jpg 510w, https:\/\/www.samskitchen.at\/wp-content\/uploads\/2014\/07\/2014-07-29-19.14.39-300x228.jpg 300w, https:\/\/www.samskitchen.at\/wp-content\/uploads\/2014\/07\/2014-07-29-19.14.39-330x251.jpg 330w, https:\/\/www.samskitchen.at\/wp-content\/uploads\/2014\/07\/2014-07-29-19.14.39-530x404.jpg 530w, https:\/\/www.samskitchen.at\/wp-content\/uploads\/2014\/07\/2014-07-29-19.14.39.jpg 1080w\" sizes=\"(max-width: 510px) 100vw, 510px\" \/><\/a>\u00a0<a href=\"http:\/\/www.samskitchen.at\/?attachment_id=1345#main\" rel=\"attachment wp-att-1345\"><img decoding=\"async\" loading=\"lazy\" class=\"alignnone wp-image-1345 size-large\" src=\"http:\/\/www.samskitchen.at\/wp-content\/uploads\/2014\/07\/2014-07-29-18.57.43-510x382.jpg\" alt=\"2014-07-29 18.57.43\" width=\"510\" height=\"382\" srcset=\"https:\/\/www.samskitchen.at\/wp-content\/uploads\/2014\/07\/2014-07-29-18.57.43-510x382.jpg 510w, https:\/\/www.samskitchen.at\/wp-content\/uploads\/2014\/07\/2014-07-29-18.57.43-300x225.jpg 300w, https:\/\/www.samskitchen.at\/wp-content\/uploads\/2014\/07\/2014-07-29-18.57.43-330x247.jpg 330w, https:\/\/www.samskitchen.at\/wp-content\/uploads\/2014\/07\/2014-07-29-18.57.43-530x397.jpg 530w, https:\/\/www.samskitchen.at\/wp-content\/uploads\/2014\/07\/2014-07-29-18.57.43.jpg 1200w\" sizes=\"(max-width: 510px) 100vw, 510px\" \/><\/a><\/p>\n","protected":false},"excerpt":{"rendered":"<p>Ich liebe Brot mit vielen gro\u00dfen L\u00f6chern. Ich glaube die Italiener und Franzosen auch. Durch Zufall bekam ich dieses angeblich Originalrezept in die H\u00e4nde. Pane tutto buchi &#8211; oder frei \u00fcbersetzt \u2013 L\u00f6cherbrot. Ein Brot mit vielen L\u00f6chern, wie es die S\u00fcdl\u00e4nder m\u00f6gen. F\u00fcr mich wieder eine Herausforderung gro\u00dfe L\u00f6cher ins Brot zu bekommen. Ein weiters interessantes Detail dieses Rezeptes &hellip;<\/p>\n","protected":false},"author":1,"featured_media":1346,"comment_status":"open","ping_status":"open","sticky":false,"template":"","format":"standard","meta":{"_mi_skip_tracking":false,"_exactmetrics_sitenote_active":false,"_exactmetrics_sitenote_note":"","_exactmetrics_sitenote_category":0,"ngg_post_thumbnail":0,"jetpack_post_was_ever_published":false,"_jetpack_newsletter_access":"","footnotes":"","jetpack_publicize_message":"","jetpack_is_tweetstorm":false,"jetpack_publicize_feature_enabled":true,"jetpack_social_post_already_shared":true,"jetpack_social_options":{"image_generator_settings":{"template":"highway","enabled":false}}},"categories":[2],"tags":[96,169,193,192],"jetpack_publicize_connections":[],"jetpack_featured_media_url":"https:\/\/www.samskitchen.at\/wp-content\/uploads\/2014\/07\/2014-07-29-19.16.00.jpg","jetpack_sharing_enabled":true,"jetpack_shortlink":"https:\/\/wp.me\/p41IW0-ls","_links":{"self":[{"href":"https:\/\/www.samskitchen.at\/index.php?rest_route=\/wp\/v2\/posts\/1330"}],"collection":[{"href":"https:\/\/www.samskitchen.at\/index.php?rest_route=\/wp\/v2\/posts"}],"about":[{"href":"https:\/\/www.samskitchen.at\/index.php?rest_route=\/wp\/v2\/types\/post"}],"author":[{"embeddable":true,"href":"https:\/\/www.samskitchen.at\/index.php?rest_route=\/wp\/v2\/users\/1"}],"replies":[{"embeddable":true,"href":"https:\/\/www.samskitchen.at\/index.php?rest_route=%2Fwp%2Fv2%2Fcomments&post=1330"}],"version-history":[{"count":16,"href":"https:\/\/www.samskitchen.at\/index.php?rest_route=\/wp\/v2\/posts\/1330\/revisions"}],"predecessor-version":[{"id":1352,"href":"https:\/\/www.samskitchen.at\/index.php?rest_route=\/wp\/v2\/posts\/1330\/revisions\/1352"}],"wp:featuredmedia":[{"embeddable":true,"href":"https:\/\/www.samskitchen.at\/index.php?rest_route=\/wp\/v2\/media\/1346"}],"wp:attachment":[{"href":"https:\/\/www.samskitchen.at\/index.php?rest_route=%2Fwp%2Fv2%2Fmedia&parent=1330"}],"wp:term":[{"taxonomy":"category","embeddable":true,"href":"https:\/\/www.samskitchen.at\/index.php?rest_route=%2Fwp%2Fv2%2Fcategories&post=1330"},{"taxonomy":"post_tag","embeddable":true,"href":"https:\/\/www.samskitchen.at\/index.php?rest_route=%2Fwp%2Fv2%2Ftags&post=1330"}],"curies":[{"name":"wp","href":"https:\/\/api.w.org\/{rel}","templated":true}]}}