{"id":1275,"date":"2014-07-11T06:48:06","date_gmt":"2014-07-11T04:48:06","guid":{"rendered":"http:\/\/www.samskitchen.at\/?p=1275"},"modified":"2014-07-11T06:51:24","modified_gmt":"2014-07-11T04:51:24","slug":"roggenbrot-freigeschoben","status":"publish","type":"post","link":"https:\/\/www.samskitchen.at\/?p=1275","title":{"rendered":"Roggenbrot (freigeschoben)"},"content":{"rendered":"<p><a href=\"http:\/\/www.samskitchen.at\/?attachment_id=1291#main\" rel=\"attachment wp-att-1291\"><img decoding=\"async\" loading=\"lazy\" class=\"alignnone wp-image-1291 size-large\" src=\"http:\/\/www.samskitchen.at\/wp-content\/uploads\/2014\/07\/2014-07-11-06.26.54-510x382.jpg\" alt=\"2014-07-11 06.26.54\" width=\"510\" height=\"382\" srcset=\"https:\/\/www.samskitchen.at\/wp-content\/uploads\/2014\/07\/2014-07-11-06.26.54-510x382.jpg 510w, https:\/\/www.samskitchen.at\/wp-content\/uploads\/2014\/07\/2014-07-11-06.26.54-300x225.jpg 300w, https:\/\/www.samskitchen.at\/wp-content\/uploads\/2014\/07\/2014-07-11-06.26.54-330x247.jpg 330w, https:\/\/www.samskitchen.at\/wp-content\/uploads\/2014\/07\/2014-07-11-06.26.54-530x397.jpg 530w, https:\/\/www.samskitchen.at\/wp-content\/uploads\/2014\/07\/2014-07-11-06.26.54.jpg 1200w\" sizes=\"(max-width: 510px) 100vw, 510px\" \/><\/a><\/p>\n<p style=\"text-align: justify;\"><a name=\"__DdeLink__2214_780986890\"><\/a> <span style=\"color: #262626;\"><span style=\"font-family: Times-Roman, serif;\"><span style=\"font-size: large;\">Nachdem ich mein Hausbrot nur schon seit einiger Zeit unver\u00e4ndert backe und es noch immer zu meinen Standartbroten geh\u00f6hrt das ich fast jede Woche backe, m\u00f6chte ich nun einen Versuch wagen, mein erprobtes Rezept ein klein wenig abzuwandeln, bzw. aufzupeppen. <\/span><\/span><\/span><\/p>\n<p style=\"text-align: justify;\"><span style=\"color: #262626;\"><span style=\"font-family: Times-Roman, serif;\"><span style=\"font-size: large;\">Schaun wir mal \u2013 dann werden wir schon sehen.<\/span><\/span><\/span><\/p>\n<p style=\"text-align: justify;\"><span style=\"color: #262626;\"><span style=\"font-family: Times-Roman, serif;\"><span style=\"font-size: large;\">Ich werde ein Aromast\u00fcck verwenden und auch ca. 10% Weizenmehl. Durch die Zugabe von ca 10% Weizenmehl hoffe ich die Kneteigenschaften verbessern zu k\u00f6nnen. <\/span><\/span><\/span><span style=\"color: #262626;\"><span style=\"font-family: Times-Roman, serif;\"><span style=\"font-size: large;\">Auf die Zugabe von Hefe verzichte ich auch weiterhin, da mein Sauerteig stark genung ist die ganze Arbeit zu verichten. <\/span><\/span><\/span><span style=\"color: #262626;\"><span style=\"font-family: Times-Roman, serif;\"><span style=\"font-size: large;\">Sonst bleibts so wies war.<\/span><\/span><\/span><\/p>\n<p style=\"text-align: justify;\"><b><span style=\"color: #262626;\"><span style=\"font-family: Times-Roman, serif;\"><span style=\"font-size: large;\">Rezept f\u00fcr einen Laib Brot mit 2<\/span><\/span><\/span><span style=\"color: #262626;\"><span style=\"font-family: Times-Roman, serif;\"><span style=\"font-size: large;\">3<\/span><\/span><\/span><span style=\"color: #262626;\"><span style=\"font-family: Times-Roman, serif;\"><span style=\"font-size: large;\">00 g TE<\/span><\/span><\/span><\/b><\/p>\n<p style=\"text-align: justify;\"><span style=\"color: #262626;\"><span style=\"font-family: Times-Roman, serif;\"><span style=\"font-size: large;\">Drei <\/span><\/span><\/span><span style=\"color: #262626;\"><span style=\"font-family: Times-Roman, serif;\"><span style=\"font-size: large;\">Stufen-F\u00fchrung:<\/span><\/span><\/span><\/p>\n<p style=\"text-align: justify;\"><span style=\"color: #343434;\"><span style=\"font-family: Times-Roman, serif;\"><span style=\"font-size: large;\">1. Stufe (Herstellung des Anfrischsauers):<br \/>\nEs werden 150 g Mehl mit 150 ml lauwarmem Wasser zu einem weichen Teig ger\u00fchrt und zu den 50-100 g Anstellgut (Sauerteigkultur) gegeben, Ruhezeit ca. 6 bis 8 Stunden bei 26 bis 28 \u00b0C (zum Beispiel Badezimmer, Heizungsraum), bei mir reicht die eingeschaltete Backofenlampe.<br \/>\n<\/span><\/span><\/span><span style=\"color: #343434;\"><span style=\"font-family: Times-Roman, serif;\"><span style=\"font-size: large;\">TA 200, TT 26-28 \u00baC RZ 6-8 St.<\/span><\/span><\/span><\/p>\n<p style=\"text-align: justify;\"><span style=\"color: #343434;\"><span style=\"font-family: Times-Roman, serif;\"><span style=\"font-size: large;\">2. Stufe (Herstellung des Grundsauers):<br \/>\nWeitere 150 g Mehl werden mit 150 ml lauwarmes Wasser dazugegeben und zu weichen Teig ger\u00fchrt, 6 bis 8 Stunden bei 22 bis 26 \u00b0C (zum Beispiel normales Wohnzimmer)<br \/>\n<\/span><\/span><\/span><span style=\"color: #343434;\"><span style=\"font-family: Times-Roman, serif;\"><span style=\"font-size: large;\">TA 200, TT 22-26 \u00baC RZ 6-8 St.<\/span><\/span><\/span><\/p>\n<p style=\"text-align: justify;\"><span style=\"color: #343434;\"><span style=\"font-family: Times-Roman, serif;\"><span style=\"font-size: large;\">3. Stufe (Herstellung des Vollsauers):<br \/>\nwieder 150 g Mehl und 150 ml lauwarmes Wasser dazu geben und ebenfalls zu einem weichen Teig r\u00fchren, 3 bis 4 Stunden bei 18 bis 22 \u00b0C (Beispiel: K\u00fcche oder Treppenhaus)<br \/>\n<\/span><\/span><\/span><span style=\"color: #343434;\"><span style=\"font-family: Times-Roman, serif;\"><span style=\"font-size: large;\">TA 200, TT 18-22 \u00baC RZ 3-4 St.<\/span><\/span><\/span><\/p>\n<p style=\"text-align: justify;\"><span style=\"color: #343434;\"><span style=\"font-family: Times-Roman, serif;\"><span style=\"font-size: large;\">Nun ist es nicht immer m\u00f6glich, die gew\u00fcnschten Temperaturen genau einzuhalten. Da es sich hierbei um die optimalen Vorgaben handelt, funktioniert diese Form der F\u00fchrung auch mit geringeren Temperaturen, wenn man je 2 Grad k\u00e4lter ca. 1 Stunde l\u00e4nger den Sauerteigansatz gehen l\u00e4sst. Wichtig ist ferner, dass die Temperaturfolgen fallen sind. Das hei\u00dft: die Temperatur sollte von Stufe zu Stufe abnehmen.<\/span><\/span><\/span><\/p>\n<p style=\"text-align: justify;\"><strong><span style=\"color: #343434;\"><span style=\"font-family: Times-Roman, serif;\"><span style=\"font-size: large;\">Brota<\/span><\/span><\/span><span style=\"color: #343434;\"><span style=\"font-family: Times-Roman, serif;\"><span style=\"font-size: large;\">romast\u00fcck:<\/span><\/span><\/span><\/strong><\/p>\n<p style=\"text-align: justify;\"><span style=\"color: #343434;\"><span style=\"font-family: Times-Roman, serif;\"><span style=\"font-size: large;\">50 g Altbrot fein aufgerieben und ger\u00f6stet<br \/>\n150 g kochendes Wasser<br \/>\nvermischen und im K\u00fchlschrank f\u00fcr ca. 4 Stunden quellen lassen.<\/span><\/span><\/span><\/p>\n<p style=\"text-align: justify;\"><span style=\"color: #262626;\"><span style=\"font-family: Times-Roman, serif;\"><span style=\"font-size: large;\"><br \/>\n<strong>Hauptteig: <\/strong><\/span><\/span><\/span><strong><span style=\"color: #262626;\"><span style=\"font-family: Times-Roman, serif;\"><span style=\"font-size: large;\">TA 165<\/span><\/span><\/span><\/strong><\/p>\n<p style=\"text-align: justify;\"><span style=\"color: #343434;\"><span style=\"font-family: Times-Roman, serif;\"><span style=\"font-size: large;\">900 g Sauerteig wie oben beschrieben<br \/>\n<\/span><\/span><\/span><span style=\"color: #343434;\"><span style=\"font-family: Times-Roman, serif;\"><span style=\"font-size: large;\">800<\/span><\/span><\/span><span style=\"color: #343434;\"><span style=\"font-family: Times-Roman, serif;\"><span style=\"font-size: large;\"> g Roggenme<\/span><\/span><\/span><span style=\"color: #343434;\"><span style=\"font-family: Times-Roman, serif;\"><span style=\"font-size: large;\">hl<\/span><\/span><\/span><span style=\"color: #343434;\"><span style=\"font-family: Times-Roman, serif;\"><span style=\"font-size: large;\">T960<br \/>\n<\/span><\/span><\/span><span style=\"color: #343434;\"><span style=\"font-family: Times-Roman, serif;\"><span style=\"font-size: large;\">100 g Weizenmehl W700<\/span><\/span><\/span><span style=\"color: #343434;\"><span style=\"font-family: Times-Roman, serif;\"><span style=\"font-size: large;\"><br \/>\n200 g Aromast\u00fcck<br \/>\n<\/span><\/span><\/span><span style=\"color: #343434;\"><span style=\"font-family: Times-Roman, serif;\"><span style=\"font-size: large;\">2<\/span><\/span><\/span><span style=\"color: #343434;\"><span style=\"font-family: Times-Roman, serif;\"><span style=\"font-size: large;\">6<\/span><\/span><\/span><span style=\"color: #343434;\"><span style=\"font-family: Times-Roman, serif;\"><span style=\"font-size: large;\">0 g Wasser <\/span><\/span><\/span><span style=\"color: #343434;\"><span style=\"font-family: Times-Roman, serif;\"><span style=\"font-size: large;\">ca. 40 \u00ba<\/span><\/span><\/span><span style=\"color: #343434;\"><span style=\"font-family: Times-Roman, serif;\"><span style=\"font-size: large;\">C<\/span><\/span><\/span><span style=\"color: #343434;\"><span style=\"font-family: Times-Roman, serif;\"><span style=\"font-size: large;\"><br \/>\n<\/span><\/span><\/span><span style=\"color: #343434;\"><span style=\"font-family: Times-Roman, serif;\"><span style=\"font-size: large;\">30 <\/span><\/span><\/span><span style=\"color: #343434;\"><span style=\"font-family: Times-Roman, serif;\"><span style=\"font-size: large;\">g Salz<br \/>\n<\/span><\/span><\/span><span style=\"color: #343434;\"><span style=\"font-family: Times-Roman, serif;\"><span style=\"font-size: large;\">10 g<\/span><\/span><\/span><span style=\"color: #343434;\"><span style=\"font-family: Times-Roman, serif;\"><span style=\"font-size: large;\"> gemahlene Gew\u00fcrze (Kardamom, K\u00fcmmel, Fenchel)<\/span><\/span><\/span><\/p>\n<p style=\"text-align: justify;\"><span style=\"color: #343434;\"><span style=\"font-family: Times-Roman, serif;\"><span style=\"font-size: large;\">\u2028Alles gut zusammenmischen und solange kneten bis sich alles gut vermischt hat. (nicht zulange kneten)\u2028Teig ca 30 Minuten ruhen lassen, nochmals schnell mit der Hand durchkneten. Aus dem Teig eine Kugel formen bemehlen und auf einem mit Backpapier ausgelegtes Backblech ca. 2 Stunden \u00a0bei ca. 28 \u2013 30 \u00ba<\/span><\/span><\/span><span style=\"color: #343434;\"><span style=\"font-family: Times-Roman, serif;\"><span style=\"font-size: large;\">C<\/span><\/span><\/span><span style=\"color: #343434;\"><span style=\"font-family: Times-Roman, serif;\"><span style=\"font-size: large;\"> gehen lassen.\u2028Ofen auf 250\u00b0C vorheizen.\u2028<\/span><\/span><\/span><span style=\"color: #262626;\"><span style=\"font-family: Times-Roman, serif;\"><span style=\"font-size: large;\">Backen:<\/span><\/span><\/span><\/p>\n<p style=\"text-align: justify;\"><span style=\"color: #343434;\"><span style=\"font-family: Times-Roman, serif;\"><span style=\"font-size: large;\">20 Minuten auf hoher Hitze mit Schwaden backen, danach herunterschalten auf ca. 180 \u00ba<\/span><\/span><\/span><span style=\"color: #343434;\"><span style=\"font-family: Times-Roman, serif;\"><span style=\"font-size: large;\">C<\/span><\/span><\/span><span style=\"color: #343434;\"><span style=\"font-family: Times-Roman, serif;\"><span style=\"font-size: large;\"> und ca. 40 Minuten fertigbacken. Die Schwaden nach ca. 10 Minuten ablassen. Vor dem Ende der Backzeit die Ofent\u00fcre einen Spalt \u00f6ffnen um die Feuchtigkeit abzulassen.<\/span><\/span><\/span><\/p>\n<p>\u00a0<a href=\"http:\/\/www.samskitchen.at\/?attachment_id=1290#main\" rel=\"attachment wp-att-1290\"><img decoding=\"async\" loading=\"lazy\" class=\"alignnone wp-image-1290 size-large\" src=\"http:\/\/www.samskitchen.at\/wp-content\/uploads\/2014\/07\/2014-07-10-18.00.04-510x382.jpg\" alt=\"2014-07-10 18.00.04\" width=\"510\" height=\"382\" srcset=\"https:\/\/www.samskitchen.at\/wp-content\/uploads\/2014\/07\/2014-07-10-18.00.04-510x382.jpg 510w, https:\/\/www.samskitchen.at\/wp-content\/uploads\/2014\/07\/2014-07-10-18.00.04-300x225.jpg 300w, https:\/\/www.samskitchen.at\/wp-content\/uploads\/2014\/07\/2014-07-10-18.00.04-330x247.jpg 330w, https:\/\/www.samskitchen.at\/wp-content\/uploads\/2014\/07\/2014-07-10-18.00.04-530x397.jpg 530w, https:\/\/www.samskitchen.at\/wp-content\/uploads\/2014\/07\/2014-07-10-18.00.04.jpg 1200w\" sizes=\"(max-width: 510px) 100vw, 510px\" \/><\/a> <a href=\"http:\/\/www.samskitchen.at\/?attachment_id=1289#main\" rel=\"attachment wp-att-1289\"><img decoding=\"async\" loading=\"lazy\" class=\"alignnone wp-image-1289 size-large\" src=\"http:\/\/www.samskitchen.at\/wp-content\/uploads\/2014\/07\/2014-07-10-14.58.12-510x382.jpg\" alt=\"2014-07-10 14.58.12\" width=\"510\" height=\"382\" srcset=\"https:\/\/www.samskitchen.at\/wp-content\/uploads\/2014\/07\/2014-07-10-14.58.12-510x382.jpg 510w, https:\/\/www.samskitchen.at\/wp-content\/uploads\/2014\/07\/2014-07-10-14.58.12-300x225.jpg 300w, https:\/\/www.samskitchen.at\/wp-content\/uploads\/2014\/07\/2014-07-10-14.58.12-330x247.jpg 330w, https:\/\/www.samskitchen.at\/wp-content\/uploads\/2014\/07\/2014-07-10-14.58.12-530x397.jpg 530w, https:\/\/www.samskitchen.at\/wp-content\/uploads\/2014\/07\/2014-07-10-14.58.12.jpg 1200w\" sizes=\"(max-width: 510px) 100vw, 510px\" \/><\/a><\/p>\n<p>&nbsp;<\/p>\n<p>&nbsp;<\/p>\n","protected":false},"excerpt":{"rendered":"<p>Nachdem ich mein Hausbrot nur schon seit einiger Zeit unver\u00e4ndert backe und es noch immer zu meinen Standartbroten geh\u00f6hrt das ich fast jede Woche backe, m\u00f6chte ich nun einen Versuch wagen, mein erprobtes Rezept ein klein wenig abzuwandeln, bzw. aufzupeppen. Schaun wir mal \u2013 dann werden wir schon sehen. Ich werde ein Aromast\u00fcck verwenden und auch ca. 10% Weizenmehl. Durch &hellip;<\/p>\n","protected":false},"author":1,"featured_media":1291,"comment_status":"open","ping_status":"open","sticky":false,"template":"","format":"standard","meta":{"_mi_skip_tracking":false,"_exactmetrics_sitenote_active":false,"_exactmetrics_sitenote_note":"","_exactmetrics_sitenote_category":0,"ngg_post_thumbnail":0,"jetpack_post_was_ever_published":false,"_jetpack_newsletter_access":"","footnotes":"","jetpack_publicize_message":"","jetpack_is_tweetstorm":false,"jetpack_publicize_feature_enabled":true,"jetpack_social_post_already_shared":true,"jetpack_social_options":{"image_generator_settings":{"template":"highway","enabled":false}}},"categories":[2],"tags":[108,182,20,176,35],"jetpack_publicize_connections":[],"jetpack_featured_media_url":"https:\/\/www.samskitchen.at\/wp-content\/uploads\/2014\/07\/2014-07-11-06.26.54.jpg","jetpack_sharing_enabled":true,"jetpack_shortlink":"https:\/\/wp.me\/p41IW0-kz","_links":{"self":[{"href":"https:\/\/www.samskitchen.at\/index.php?rest_route=\/wp\/v2\/posts\/1275"}],"collection":[{"href":"https:\/\/www.samskitchen.at\/index.php?rest_route=\/wp\/v2\/posts"}],"about":[{"href":"https:\/\/www.samskitchen.at\/index.php?rest_route=\/wp\/v2\/types\/post"}],"author":[{"embeddable":true,"href":"https:\/\/www.samskitchen.at\/index.php?rest_route=\/wp\/v2\/users\/1"}],"replies":[{"embeddable":true,"href":"https:\/\/www.samskitchen.at\/index.php?rest_route=%2Fwp%2Fv2%2Fcomments&post=1275"}],"version-history":[{"count":5,"href":"https:\/\/www.samskitchen.at\/index.php?rest_route=\/wp\/v2\/posts\/1275\/revisions"}],"predecessor-version":[{"id":1292,"href":"https:\/\/www.samskitchen.at\/index.php?rest_route=\/wp\/v2\/posts\/1275\/revisions\/1292"}],"wp:featuredmedia":[{"embeddable":true,"href":"https:\/\/www.samskitchen.at\/index.php?rest_route=\/wp\/v2\/media\/1291"}],"wp:attachment":[{"href":"https:\/\/www.samskitchen.at\/index.php?rest_route=%2Fwp%2Fv2%2Fmedia&parent=1275"}],"wp:term":[{"taxonomy":"category","embeddable":true,"href":"https:\/\/www.samskitchen.at\/index.php?rest_route=%2Fwp%2Fv2%2Fcategories&post=1275"},{"taxonomy":"post_tag","embeddable":true,"href":"https:\/\/www.samskitchen.at\/index.php?rest_route=%2Fwp%2Fv2%2Ftags&post=1275"}],"curies":[{"name":"wp","href":"https:\/\/api.w.org\/{rel}","templated":true}]}}