{"id":1230,"date":"2014-06-27T17:21:34","date_gmt":"2014-06-27T15:21:34","guid":{"rendered":"http:\/\/www.samskitchen.at\/?p=1230"},"modified":"2014-06-27T17:21:34","modified_gmt":"2014-06-27T15:21:34","slug":"fladenbrot-auf-oesterreichisch","status":"publish","type":"post","link":"https:\/\/www.samskitchen.at\/?p=1230","title":{"rendered":"Fladenbrot auf \u00f6sterreichisch"},"content":{"rendered":"<p>&nbsp;<\/p>\n<p><a href=\"http:\/\/www.samskitchen.at\/?attachment_id=1255#main\" rel=\"attachment wp-att-1255\"><img decoding=\"async\" loading=\"lazy\" class=\"alignnone wp-image-1255 size-large\" src=\"http:\/\/www.samskitchen.at\/wp-content\/uploads\/2014\/06\/2014-06-27-13.05.161-510x382.jpg\" alt=\"2014-06-27 13.05.16\" width=\"510\" height=\"382\" srcset=\"https:\/\/www.samskitchen.at\/wp-content\/uploads\/2014\/06\/2014-06-27-13.05.161-510x382.jpg 510w, https:\/\/www.samskitchen.at\/wp-content\/uploads\/2014\/06\/2014-06-27-13.05.161-300x225.jpg 300w, https:\/\/www.samskitchen.at\/wp-content\/uploads\/2014\/06\/2014-06-27-13.05.161-330x247.jpg 330w, https:\/\/www.samskitchen.at\/wp-content\/uploads\/2014\/06\/2014-06-27-13.05.161-530x397.jpg 530w, https:\/\/www.samskitchen.at\/wp-content\/uploads\/2014\/06\/2014-06-27-13.05.161.jpg 1200w\" sizes=\"(max-width: 510px) 100vw, 510px\" \/><\/a><\/p>\n<p>Nachdem ich in den letzten Wochen meinen Blog etwas vernachl\u00e4ssigt habe, hat nun das Backfieber wieder voll zugeschlagen. Ich hab noch einiges Aufzuholen. Vorgenommen hab ich mir anl\u00e4sslich meines Besuches der <a href=\"http:\/\/www.reichlbrot.at\">Reichl<\/a> B\u00e4ckerei, einige Brote und Backwaren nachzubacken. Diese B\u00e4ckerei hast mir angetan. Ein grosser Betrieb mit den modernsten Maschinen und Anlagen und doch wird alles nach alter Handwerkskunst gebacken. Das sieht und schmeckt man.<\/p>\n<p>Sommer ist bei mir immer mit Grillen verbunden. Und was geh\u00f6rt zu einer ordentlichen Grillerei? Gutes Fleisch \u00a0&#8211; sowieso und nicht zu knapp! \u00a0Und ein gutes Brot. Heute gibts ein Fladenbrot der beseonderen Art.<\/p>\n<p><a href=\"http:\/\/www.samskitchen.at\/?attachment_id=1258#main\" rel=\"attachment wp-att-1258\"><img decoding=\"async\" loading=\"lazy\" class=\"alignnone wp-image-1258 size-large\" src=\"http:\/\/www.samskitchen.at\/wp-content\/uploads\/2014\/06\/2014-06-27-16.51.23-510x382.jpg\" alt=\"2014-06-27 16.51.23\" width=\"510\" height=\"382\" srcset=\"https:\/\/www.samskitchen.at\/wp-content\/uploads\/2014\/06\/2014-06-27-16.51.23-510x382.jpg 510w, https:\/\/www.samskitchen.at\/wp-content\/uploads\/2014\/06\/2014-06-27-16.51.23-300x225.jpg 300w, https:\/\/www.samskitchen.at\/wp-content\/uploads\/2014\/06\/2014-06-27-16.51.23-330x247.jpg 330w, https:\/\/www.samskitchen.at\/wp-content\/uploads\/2014\/06\/2014-06-27-16.51.23-530x397.jpg 530w, https:\/\/www.samskitchen.at\/wp-content\/uploads\/2014\/06\/2014-06-27-16.51.23.jpg 1200w\" sizes=\"(max-width: 510px) 100vw, 510px\" \/><\/a><\/p>\n<p>&nbsp;<\/p>\n<p><strong>Rezept f\u00fcr \u00a03Fladenbrote Stk.\/305g (Gesamtteig 914g) TA:173 (176 mit Oliven\u00f6l)<\/strong><\/p>\n<p>&nbsp;<\/p>\n<p>Weizensauerteig:<\/p>\n<p>50g Weizenmehl Type 1600<br \/>\n50g Wasser<br \/>\n5g Anstellgut<br \/>\nTA: 200 RZ:14-16 Stunden TT: 25-28\u00b0C<\/p>\n<p>&nbsp;<\/p>\n<p>Poolish:<\/p>\n<p>125g Weizenmehl Type 700<br \/>\n125g Wasser<br \/>\n2g Hefe<br \/>\nTA: 200 RZ: 14-16 Stunden TT : 25\u00b0C<\/p>\n<p>&nbsp;<\/p>\n<p>Hauptteig:<\/p>\n<p>105g reifer Weisensauerteig<br \/>\n252g reifes Poolish<br \/>\n325g Weizenmehl Type 700<br \/>\n200g Wasser<br \/>\n15g Oliven\u00f6l<br \/>\n10g Meersalz<br \/>\n7g Hefe<br \/>\nAlle Zutaten (au\u00dfer Oliven\u00f6l)werden zuerst 8 Minuten am langsamen Gang geknetet. Am zweiten Gang wird der Teig so lange gemischt, bis sich der Teig vom Kesselrand l\u00f6st (nach dem l\u00f6sen eine 1\/2 Minute Knetzeit noch dazugeben und Oliven\u00f6l unterkneten).<\/p>\n<p>Nach dem Kneten den Teig in eine ge\u00f6lte Wanne legen, und 120 Minuten reifen lassen (2x nach 40 Minuten falten). Nach der abgelaufenen Reifezeit in 3 gleich gro\u00dfe St\u00fccke teilen, und zu runden Teigkugeln formen. Zugedeckt weitere 40-50 Minuten entspannen lassen.<\/p>\n<p>Zum Formen wird die Teigkugel mit Roggenmehl bestreut, etwas flach gedr\u00fcckt, und mit einem Kochl\u00f6ffelstiel das Muster eingedr\u00fcckt. Denn Teig bis zum Boden durchdr\u00fccken, da sonst das Muster beim Backen verschwindet.<\/p>\n<p>Nach dem Formen den Fladen noch einmal garen lassen, und mit Sesam + Schwarzk\u00fcmmel bestreuen (Fladen vorher mit Wasser bespr\u00fchen).<\/p>\n<p>Gebacken werden die Fladen mit reichlich Schwaden bei 250\u00b0C fallend 230\u00b0C 20-23 Minuten.<\/p>\n<p><a href=\"http:\/\/www.samskitchen.at\/?attachment_id=1239#main\" rel=\"attachment wp-att-1239\"><img decoding=\"async\" loading=\"lazy\" class=\"alignnone wp-image-1239 size-large\" src=\"http:\/\/www.samskitchen.at\/wp-content\/uploads\/2014\/06\/2014-06-27-13.04.27-510x382.jpg\" alt=\"2014-06-27 13.04.27\" width=\"510\" height=\"382\" srcset=\"https:\/\/www.samskitchen.at\/wp-content\/uploads\/2014\/06\/2014-06-27-13.04.27-510x382.jpg 510w, https:\/\/www.samskitchen.at\/wp-content\/uploads\/2014\/06\/2014-06-27-13.04.27-300x225.jpg 300w, https:\/\/www.samskitchen.at\/wp-content\/uploads\/2014\/06\/2014-06-27-13.04.27-330x247.jpg 330w, https:\/\/www.samskitchen.at\/wp-content\/uploads\/2014\/06\/2014-06-27-13.04.27-530x397.jpg 530w, https:\/\/www.samskitchen.at\/wp-content\/uploads\/2014\/06\/2014-06-27-13.04.27.jpg 1200w\" sizes=\"(max-width: 510px) 100vw, 510px\" \/><\/a> <a href=\"http:\/\/www.samskitchen.at\/?attachment_id=1236#main\" rel=\"attachment wp-att-1236\"><img decoding=\"async\" loading=\"lazy\" class=\"alignnone wp-image-1236 size-large\" src=\"http:\/\/www.samskitchen.at\/wp-content\/uploads\/2014\/06\/2014-06-27-13.04.50-510x382.jpg\" alt=\"2014-06-27 13.04.50\" width=\"510\" height=\"382\" srcset=\"https:\/\/www.samskitchen.at\/wp-content\/uploads\/2014\/06\/2014-06-27-13.04.50-510x382.jpg 510w, https:\/\/www.samskitchen.at\/wp-content\/uploads\/2014\/06\/2014-06-27-13.04.50-300x225.jpg 300w, https:\/\/www.samskitchen.at\/wp-content\/uploads\/2014\/06\/2014-06-27-13.04.50-330x247.jpg 330w, https:\/\/www.samskitchen.at\/wp-content\/uploads\/2014\/06\/2014-06-27-13.04.50-530x397.jpg 530w, https:\/\/www.samskitchen.at\/wp-content\/uploads\/2014\/06\/2014-06-27-13.04.50.jpg 1200w\" sizes=\"(max-width: 510px) 100vw, 510px\" \/><\/a><\/p>\n<p><a href=\"http:\/\/www.samskitchen.at\/?attachment_id=1257#main\" rel=\"attachment wp-att-1257\"><img decoding=\"async\" loading=\"lazy\" class=\"alignnone wp-image-1257 size-large\" src=\"http:\/\/www.samskitchen.at\/wp-content\/uploads\/2014\/06\/2014-06-27-16.51.362-510x382.jpg\" alt=\"2014-06-27 16.51.36\" width=\"510\" height=\"382\" srcset=\"https:\/\/www.samskitchen.at\/wp-content\/uploads\/2014\/06\/2014-06-27-16.51.362-510x382.jpg 510w, https:\/\/www.samskitchen.at\/wp-content\/uploads\/2014\/06\/2014-06-27-16.51.362-300x225.jpg 300w, https:\/\/www.samskitchen.at\/wp-content\/uploads\/2014\/06\/2014-06-27-16.51.362-330x247.jpg 330w, https:\/\/www.samskitchen.at\/wp-content\/uploads\/2014\/06\/2014-06-27-16.51.362-530x397.jpg 530w, https:\/\/www.samskitchen.at\/wp-content\/uploads\/2014\/06\/2014-06-27-16.51.362.jpg 1200w\" sizes=\"(max-width: 510px) 100vw, 510px\" \/><\/a><\/p>\n<p>Quelle: <a href=\"http:\/\/www.homebaking.at\">www.homebaking.at<\/a><\/p>\n<p>Eingereicht auf <a href=\"http:\/\/www.wildyeastblog.com\/category\/yeastspotting\">YeastSpotting!<\/a><\/p>\n","protected":false},"excerpt":{"rendered":"<p>&nbsp; Nachdem ich in den letzten Wochen meinen Blog etwas vernachl\u00e4ssigt habe, hat nun das Backfieber wieder voll zugeschlagen. Ich hab noch einiges Aufzuholen. Vorgenommen hab ich mir anl\u00e4sslich meines Besuches der Reichl B\u00e4ckerei, einige Brote und Backwaren nachzubacken. Diese B\u00e4ckerei hast mir angetan. Ein grosser Betrieb mit den modernsten Maschinen und Anlagen und doch wird alles nach alter Handwerkskunst &hellip;<\/p>\n","protected":false},"author":1,"featured_media":1235,"comment_status":"open","ping_status":"open","sticky":false,"template":"","format":"standard","meta":{"_mi_skip_tracking":false,"_exactmetrics_sitenote_active":false,"_exactmetrics_sitenote_note":"","_exactmetrics_sitenote_category":0,"ngg_post_thumbnail":0,"jetpack_post_was_ever_published":false,"_jetpack_newsletter_access":"","footnotes":"","jetpack_publicize_message":"","jetpack_is_tweetstorm":false,"jetpack_publicize_feature_enabled":true,"jetpack_social_post_already_shared":true,"jetpack_social_options":{"image_generator_settings":{"template":"highway","enabled":false}}},"categories":[2],"tags":[174,175,163,66,130],"jetpack_publicize_connections":[],"jetpack_featured_media_url":"https:\/\/www.samskitchen.at\/wp-content\/uploads\/2014\/06\/2014-06-27-13.05.16.jpg","jetpack_sharing_enabled":true,"jetpack_shortlink":"https:\/\/wp.me\/p41IW0-jQ","_links":{"self":[{"href":"https:\/\/www.samskitchen.at\/index.php?rest_route=\/wp\/v2\/posts\/1230"}],"collection":[{"href":"https:\/\/www.samskitchen.at\/index.php?rest_route=\/wp\/v2\/posts"}],"about":[{"href":"https:\/\/www.samskitchen.at\/index.php?rest_route=\/wp\/v2\/types\/post"}],"author":[{"embeddable":true,"href":"https:\/\/www.samskitchen.at\/index.php?rest_route=\/wp\/v2\/users\/1"}],"replies":[{"embeddable":true,"href":"https:\/\/www.samskitchen.at\/index.php?rest_route=%2Fwp%2Fv2%2Fcomments&post=1230"}],"version-history":[{"count":8,"href":"https:\/\/www.samskitchen.at\/index.php?rest_route=\/wp\/v2\/posts\/1230\/revisions"}],"predecessor-version":[{"id":1263,"href":"https:\/\/www.samskitchen.at\/index.php?rest_route=\/wp\/v2\/posts\/1230\/revisions\/1263"}],"wp:featuredmedia":[{"embeddable":true,"href":"https:\/\/www.samskitchen.at\/index.php?rest_route=\/wp\/v2\/media\/1235"}],"wp:attachment":[{"href":"https:\/\/www.samskitchen.at\/index.php?rest_route=%2Fwp%2Fv2%2Fmedia&parent=1230"}],"wp:term":[{"taxonomy":"category","embeddable":true,"href":"https:\/\/www.samskitchen.at\/index.php?rest_route=%2Fwp%2Fv2%2Fcategories&post=1230"},{"taxonomy":"post_tag","embeddable":true,"href":"https:\/\/www.samskitchen.at\/index.php?rest_route=%2Fwp%2Fv2%2Ftags&post=1230"}],"curies":[{"name":"wp","href":"https:\/\/api.w.org\/{rel}","templated":true}]}}