{"id":1182,"date":"2014-05-09T10:38:54","date_gmt":"2014-05-09T08:38:54","guid":{"rendered":"http:\/\/www.samskitchen.at\/?p=1182"},"modified":"2014-05-09T10:38:54","modified_gmt":"2014-05-09T08:38:54","slug":"dinkel-ciabatta-nachgebacken-v-dietmar-kappl","status":"publish","type":"post","link":"https:\/\/www.samskitchen.at\/?p=1182","title":{"rendered":"Dinkel-Ciabatta  (Nachgebacken v. Dietmar Kappl)"},"content":{"rendered":"<p><a href=\"http:\/\/www.samskitchen.at\/?attachment_id=1189#main\" rel=\"attachment wp-att-1189\"><img decoding=\"async\" loading=\"lazy\" class=\"alignnone size-full wp-image-1189\" src=\"http:\/\/www.samskitchen.at\/wp-content\/uploads\/2014\/05\/2014-05-09-10.14.29.jpg\" alt=\"2014-05-09 10.14.29\" width=\"653\" height=\"490\" srcset=\"https:\/\/www.samskitchen.at\/wp-content\/uploads\/2014\/05\/2014-05-09-10.14.29.jpg 653w, https:\/\/www.samskitchen.at\/wp-content\/uploads\/2014\/05\/2014-05-09-10.14.29-300x225.jpg 300w, https:\/\/www.samskitchen.at\/wp-content\/uploads\/2014\/05\/2014-05-09-10.14.29-510x382.jpg 510w, https:\/\/www.samskitchen.at\/wp-content\/uploads\/2014\/05\/2014-05-09-10.14.29-330x247.jpg 330w, https:\/\/www.samskitchen.at\/wp-content\/uploads\/2014\/05\/2014-05-09-10.14.29-530x397.jpg 530w\" sizes=\"(max-width: 653px) 100vw, 653px\" \/><\/a><\/p>\n<p><strong>TA 183 \u00a0&#8211; geht dass?<\/strong> Der spinnt der Dietmar! So eine hohe Teigausbeute gibts sonst nur bei Palatschinken (f\u00fcr unser Nachbarn &#8222;Pfannkuchen&#8220;) Ich dachte mir als ich die Ank\u00fcndigung von Dietmar h\u00f6rte, dass wird eine Sauerei in der Backstube geben und stellte mich schon darauf ein mit Sch\u00f6pfl\u00f6ffel und Putzfetzen arbeiten zu m\u00fcssen. Und noch dazu mit Dinkel. Dinkel z\u00e4hlt f\u00fcr mich eigentlich nicht zu den Getreidesorten die \u00a0ich liebe. Dann bekam ich das Ergebnis zu sehen und wurde neugierig.<\/p>\n<p><strong>Dinkel &#8211; Ciabatta<\/strong><\/p>\n<p>Grosse L\u00f6cher \u00a0&#8211; r\u00f6sche Kruste. \u00a0Aber mit \u00a0Milch? Ich dachte immer, Milch verhindert eigentlich die grossen Poren. Aber anscheinend ist es nicht so.<\/p>\n<p>Was kann man sonst noch zu Dinkel sagen?<\/p>\n<p>Der Dinkel ist ein Urkorn, das zu den \u00e4ltesten Getreidearten der Menschheit geh\u00f6rt.<br \/>\nDie Pflanze wird etwas h\u00f6her als der Weizen und bildet etwas d\u00fcnnere \u00c4hren und schm\u00e4lere, l\u00e4ngere r\u00f6tliche K\u00f6rner.<\/p>\n<p>Das Korn ist von einer dicken Spelzh\u00fclle umgeben, die sich beim Dreschen l\u00f6st. Fr\u00fcher befand sich auf jedem Bauernhof eine Gerbanlage, wo die H\u00fclsen mit einem speziellen Sch\u00e4lvorgang (\u201eGerben\u201c genannt) entfernt wurden. Heute wird die Enth\u00fclsung in speziellen M\u00fchlen vorgenommen.<\/p>\n<p>Obwohl Dinkel und Weizen gentisch miteinander verwandt sind, unterscheidet sich Dinkel vom Weizen hinsichtlich seiner Anbau-Eigenschaften: er ist anspruchsloser, robuster, winterhart und kaum krankheitsanf\u00e4llig. Selbst Radioaktivit\u00e4t kann ihm dank seiner Spelzh\u00fclle nur wenig anhaben.<\/p>\n<p>Dinkel gedeiht auf fast allen B\u00f6den, bevorzugt aber kalkrreiche Erde. Besonders wertvoll ist, dass Dinkel von keinen Pilzkrankheiten befallen wird und auch unempfindlich gegen zu viel N\u00e4sse, aber auch andererseits gegen extreme Trockenheit in D\u00fcrrezeiten ist.<br \/>\nDie \u00e4ltesten bekannten Dinkelvorkommen in Europa stammenaus der Zeit um ca. 2000 vor Chr. Sp\u00e4ter wurde es das Hauptgetreide der Alemannen.<br \/>\nDie Vorteile des Dinkels gegen\u00fcber anderen Getreidesorten betreffen auch die einzelnen Inhaltsstoffe, wobei bei einer Analyse ein h\u00f6herer Roheiwei\u00df-Gehalt festgestellt wurde. Er ist reich an Vitaminen und Mineralstoffen und Aminos\u00e4uren. Der hohe stabile Klebergehalt ist dehnbar und ein sicheres Zeichen von Qualit\u00e4t und verleiht dadurch dem Dinkel hervorragende Backeigenschaften. Besonders hervorzuheben ist der hohe Gehalt an Magnesium.<\/p>\n<p>&nbsp;<\/p>\n<p>So &#8211; genug &#8211; jetzt wird gebacken. Aber zuerst zum Rezept von <a href=\"http:\/\/www.homebaking.at\/dinkel-ciabatta\/\">Dietmar Kappl<\/a><\/p>\n<p><strong>Rezept:<\/strong><\/p>\n<p>Rezept f\u00fcr 2 Ciabatta Stk\/480g (Gesamtteig 960g) TA 183<\/p>\n<p>Vorteig:<\/p>\n<p>80g Dinkelmehl Type 630<br \/>\n50g Wasser<br \/>\n1g Hefe<br \/>\n1g Salz<br \/>\nAlle Zutaten im langsamen Gang zu einem Vorteig kneten, und 90 Minuten bei Raumtemperatur g\u00e4ren lassen. Anschlie\u00dfend 18-24 Stunden im K\u00fchlschrank lagern.<\/p>\n<p>Hauptteig:<\/p>\n<p>132g reifer Vorteig<br \/>\n429g Dinkelmehl Type 630<br \/>\n225g Wasser<br \/>\n140g Milch<br \/>\n22g Zucker<br \/>\n12g Salz<br \/>\n10g Hefe<br \/>\nAlle Zutaten au\u00dfer Milch im langsamen Gang kneten, \u201cMilch nur schluckweise beimengen\u201d. Die gesamte Mischzeit sollte 6 Minuten betragen, und sollte nur so lange im schnellen Gang gemischt werden, bis sich der Teig von der Schale l\u00f6st \u201cnicht l\u00e4nger\u201d!<\/p>\n<p>Danach wird der Teig auf eine bemehlte Platte gekippt, und f\u00fcr 40 Minuten im zugedeckten Zustand der Teigreife \u00fcberlassen.<\/p>\n<p>Nach den 40 Minuten wird der Teig nur von zwei Seiten zu einem Rechteck gefaltet, und weitere 40 Minuten stehen lassen.<\/p>\n<p>Danach wird der Teig in 2 gleich gro\u00dfe Teile geteilt, und \u201csofort\u201d Vorsichtig auf einem Teigschieber platzieren (den Teig auf ein Trennpapier legen, damit er leichter von der Backschaufel rutscht!). Die abgestochenen Ciabatta nur mehr leicht formen, und so wenig wie m\u00f6glich bearbeitet \u2013 nur formen!<\/p>\n<p>Bei 3\/4 Gare mit viel Schwaden bei 250\u00b0C in den Ofen schieben, und f\u00fcr 22 Minuten bei gleichbleibender Temperatur r\u00f6sch ausbacken.<\/p>\n<p>Quelle: <a href=\"http:\/\/www.homebaking.at\/dinkel-ciabatta\/\">www.homebaking.at<\/a><\/p>\n<p>Eingereicht bei: <a href=\"http:\/\/www.wildyeastblog.com\/category\/yeastspotting\/\">YeastSpotting<\/a><\/p>\n<p>Ich hab das Rezept ein wenig abge\u00e4ndert. Statt T630 hab ich K\u00f6rner vermahlen und ganz fein ausgesiebt. Dadurch ist die Porung nat\u00fcrlich nicht so sch\u00f6n ausgepr\u00e4gt, aber der Geschmack ist hervorragend. N\u00e4chstes Mal werde ich T630 verwenden.<\/p>\n<p><a href=\"http:\/\/www.samskitchen.at\/?attachment_id=1187#main\" rel=\"attachment wp-att-1187\"><img decoding=\"async\" loading=\"lazy\" class=\"alignnone size-full wp-image-1187\" src=\"http:\/\/www.samskitchen.at\/wp-content\/uploads\/2014\/05\/2014-05-09-09.57.22.jpg\" alt=\"2014-05-09 09.57.22\" width=\"816\" height=\"612\" srcset=\"https:\/\/www.samskitchen.at\/wp-content\/uploads\/2014\/05\/2014-05-09-09.57.22.jpg 816w, https:\/\/www.samskitchen.at\/wp-content\/uploads\/2014\/05\/2014-05-09-09.57.22-300x225.jpg 300w, https:\/\/www.samskitchen.at\/wp-content\/uploads\/2014\/05\/2014-05-09-09.57.22-510x382.jpg 510w, https:\/\/www.samskitchen.at\/wp-content\/uploads\/2014\/05\/2014-05-09-09.57.22-330x247.jpg 330w, https:\/\/www.samskitchen.at\/wp-content\/uploads\/2014\/05\/2014-05-09-09.57.22-530x397.jpg 530w\" sizes=\"(max-width: 816px) 100vw, 816px\" \/><\/a><a href=\"http:\/\/www.samskitchen.at\/?attachment_id=1190#main\" rel=\"attachment wp-att-1190\"><img decoding=\"async\" loading=\"lazy\" class=\"alignnone size-full wp-image-1190\" src=\"http:\/\/www.samskitchen.at\/wp-content\/uploads\/2014\/05\/2014-05-09-10.32.11.jpg\" alt=\"2014-05-09 10.32.11\" width=\"979\" height=\"734\" srcset=\"https:\/\/www.samskitchen.at\/wp-content\/uploads\/2014\/05\/2014-05-09-10.32.11.jpg 979w, https:\/\/www.samskitchen.at\/wp-content\/uploads\/2014\/05\/2014-05-09-10.32.11-300x224.jpg 300w, https:\/\/www.samskitchen.at\/wp-content\/uploads\/2014\/05\/2014-05-09-10.32.11-510x382.jpg 510w, https:\/\/www.samskitchen.at\/wp-content\/uploads\/2014\/05\/2014-05-09-10.32.11-330x247.jpg 330w, https:\/\/www.samskitchen.at\/wp-content\/uploads\/2014\/05\/2014-05-09-10.32.11-530x397.jpg 530w\" sizes=\"(max-width: 979px) 100vw, 979px\" \/><\/a><a href=\"http:\/\/www.samskitchen.at\/?attachment_id=1191#main\" rel=\"attachment wp-att-1191\"><img decoding=\"async\" loading=\"lazy\" class=\"alignnone size-full wp-image-1191\" src=\"http:\/\/www.samskitchen.at\/wp-content\/uploads\/2014\/05\/2014-05-09-10.32.01.jpg\" alt=\"2014-05-09 10.32.01\" width=\"636\" height=\"597\" srcset=\"https:\/\/www.samskitchen.at\/wp-content\/uploads\/2014\/05\/2014-05-09-10.32.01.jpg 636w, https:\/\/www.samskitchen.at\/wp-content\/uploads\/2014\/05\/2014-05-09-10.32.01-300x281.jpg 300w, https:\/\/www.samskitchen.at\/wp-content\/uploads\/2014\/05\/2014-05-09-10.32.01-510x478.jpg 510w, https:\/\/www.samskitchen.at\/wp-content\/uploads\/2014\/05\/2014-05-09-10.32.01-330x309.jpg 330w, https:\/\/www.samskitchen.at\/wp-content\/uploads\/2014\/05\/2014-05-09-10.32.01-530x497.jpg 530w\" sizes=\"(max-width: 636px) 100vw, 636px\" \/><\/a><\/p>\n","protected":false},"excerpt":{"rendered":"<p>TA 183 \u00a0&#8211; geht dass? Der spinnt der Dietmar! So eine hohe Teigausbeute gibts sonst nur bei Palatschinken (f\u00fcr unser Nachbarn &#8222;Pfannkuchen&#8220;) Ich dachte mir als ich die Ank\u00fcndigung von Dietmar h\u00f6rte, dass wird eine Sauerei in der Backstube geben und stellte mich schon darauf ein mit Sch\u00f6pfl\u00f6ffel und Putzfetzen arbeiten zu m\u00fcssen. Und noch dazu mit Dinkel. Dinkel z\u00e4hlt &hellip;<\/p>\n","protected":false},"author":1,"featured_media":1189,"comment_status":"open","ping_status":"open","sticky":false,"template":"","format":"standard","meta":{"_mi_skip_tracking":false,"_exactmetrics_sitenote_active":false,"_exactmetrics_sitenote_note":"","_exactmetrics_sitenote_category":0,"ngg_post_thumbnail":0,"jetpack_post_was_ever_published":false,"_jetpack_newsletter_access":"","footnotes":"","jetpack_publicize_message":"","jetpack_is_tweetstorm":false,"jetpack_publicize_feature_enabled":true,"jetpack_social_post_already_shared":true,"jetpack_social_options":{"image_generator_settings":{"template":"highway","enabled":false}}},"categories":[2],"tags":[173,23],"jetpack_publicize_connections":[],"jetpack_featured_media_url":"https:\/\/www.samskitchen.at\/wp-content\/uploads\/2014\/05\/2014-05-09-10.14.29.jpg","jetpack_sharing_enabled":true,"jetpack_shortlink":"https:\/\/wp.me\/p41IW0-j4","_links":{"self":[{"href":"https:\/\/www.samskitchen.at\/index.php?rest_route=\/wp\/v2\/posts\/1182"}],"collection":[{"href":"https:\/\/www.samskitchen.at\/index.php?rest_route=\/wp\/v2\/posts"}],"about":[{"href":"https:\/\/www.samskitchen.at\/index.php?rest_route=\/wp\/v2\/types\/post"}],"author":[{"embeddable":true,"href":"https:\/\/www.samskitchen.at\/index.php?rest_route=\/wp\/v2\/users\/1"}],"replies":[{"embeddable":true,"href":"https:\/\/www.samskitchen.at\/index.php?rest_route=%2Fwp%2Fv2%2Fcomments&post=1182"}],"version-history":[{"count":5,"href":"https:\/\/www.samskitchen.at\/index.php?rest_route=\/wp\/v2\/posts\/1182\/revisions"}],"predecessor-version":[{"id":1192,"href":"https:\/\/www.samskitchen.at\/index.php?rest_route=\/wp\/v2\/posts\/1182\/revisions\/1192"}],"wp:featuredmedia":[{"embeddable":true,"href":"https:\/\/www.samskitchen.at\/index.php?rest_route=\/wp\/v2\/media\/1189"}],"wp:attachment":[{"href":"https:\/\/www.samskitchen.at\/index.php?rest_route=%2Fwp%2Fv2%2Fmedia&parent=1182"}],"wp:term":[{"taxonomy":"category","embeddable":true,"href":"https:\/\/www.samskitchen.at\/index.php?rest_route=%2Fwp%2Fv2%2Fcategories&post=1182"},{"taxonomy":"post_tag","embeddable":true,"href":"https:\/\/www.samskitchen.at\/index.php?rest_route=%2Fwp%2Fv2%2Ftags&post=1182"}],"curies":[{"name":"wp","href":"https:\/\/api.w.org\/{rel}","templated":true}]}}