{"id":1159,"date":"2014-05-06T11:38:57","date_gmt":"2014-05-06T09:38:57","guid":{"rendered":"http:\/\/www.samskitchen.at\/?p=1159"},"modified":"2014-05-06T11:58:48","modified_gmt":"2014-05-06T09:58:48","slug":"butterkipferl","status":"publish","type":"post","link":"https:\/\/www.samskitchen.at\/?p=1159","title":{"rendered":"Butterkipferl"},"content":{"rendered":"<p>&nbsp;<\/p>\n<p><a href=\"http:\/\/www.samskitchen.at\/?attachment_id=1170#main\" rel=\"attachment wp-att-1170\"><img decoding=\"async\" loading=\"lazy\" class=\"alignnone size-full wp-image-1170\" src=\"http:\/\/www.samskitchen.at\/wp-content\/uploads\/2014\/05\/2014-05-06-08.27.441.jpg\" alt=\"2014-05-06 08.27.44\" width=\"979\" height=\"734\" srcset=\"https:\/\/www.samskitchen.at\/wp-content\/uploads\/2014\/05\/2014-05-06-08.27.441.jpg 979w, https:\/\/www.samskitchen.at\/wp-content\/uploads\/2014\/05\/2014-05-06-08.27.441-300x224.jpg 300w, https:\/\/www.samskitchen.at\/wp-content\/uploads\/2014\/05\/2014-05-06-08.27.441-510x382.jpg 510w, https:\/\/www.samskitchen.at\/wp-content\/uploads\/2014\/05\/2014-05-06-08.27.441-330x247.jpg 330w, https:\/\/www.samskitchen.at\/wp-content\/uploads\/2014\/05\/2014-05-06-08.27.441-530x397.jpg 530w\" sizes=\"(max-width: 979px) 100vw, 979px\" \/><\/a><\/p>\n<p>Kipferln sind aus der \u00f6sterr. Mehlspeisk\u00fcche nicht wegzudenken. Kipferln in allen m\u00f6glichen Variationen. Von s\u00fc\u00df bis herzhaft. Vom weich bis hart. Aus Butterteig, M\u00fcrbeteig, Bl\u00e4tterteig, Plunderteig u.s.w. Mit den verschiedensten F\u00fcllungen oder Oberfl\u00e4chen. Die Zeit reicht nicht um alle Arten zu beschreiben und immer wieder kommen neue Abarten dieses beliebten Geb\u00e4cks ans Tageslicht.<\/p>\n<p>Meine Variante eines Butterkipferl \u00e4hnelt ein wenig einem Briocheteig. Es ist ein relativ schwerer und s\u00fcsser Teig.<\/p>\n<p><strong>Rezept:<\/strong><\/p>\n<p>800 g Weizelmehl T700 (550)<br \/>\n6 ganze Eier kalt<br \/>\n140 g Milch kalt<br \/>\n19 g Salz<br \/>\n80 g Zucker<br \/>\n30 g frische Hefe<br \/>\n250 Butter auch kalt<\/p>\n<p>Die gesamten Zutaten ausser der Butter \u00a0ca 5 Minuten langsam kneten. Die Butter in kleineren St\u00fccken langsam einkneten. Immer darauf warten bis die Butter untergeknetet ist, bevor man das n\u00e4chste St\u00fcck dazugibt. Solange kneten bis der Teig sch\u00f6n glatt ist und die Butter gut aufgenommen hat. In einer Teigsch\u00fcssel den Teig ca. 1 Stunde bei Raumtemperatur gehen lassen. Im K\u00fchlschrank \u00fcber Nacht bei ca. 5 Grad ca. 10-12 Stunden reifen lassen. Am n\u00e4chsten Tag den Teig auf einer bemehlten Arbeitsfl\u00e4che d\u00fcnn zu einem Rechteck ausrollen.<br \/>\nAus der \u00a0Teigplatte \u00a0dann \u00a0spitzwinkelige Dreiecke wie bei Croissants ausstechen. Nicht zu gro\u00df, denn sie gehen noch ziemlich auf. Auch den Ofentrieb sollt man nicht untersch\u00e4tzen. \u00a0Dann die Teigige wie bei Croissants an der Basis etwas auseinanderziehen und aufrollen. Die Enden zu Kipferln zusammenblieben (ebenfalls wie bei Croissants).<\/p>\n<p>Dann die Kipferln sch\u00f6n aufgehen lassen, ca. 90 Minuten. Mit einer Mischung aus Eigelb, Milch und einer Prise Salz und Zucker einpinseln und ab in den auf 220 Grad vorgeheizten Ofen. Mit Schwaden solange Backen bis sie eine sch\u00f6ne braune Farbe angenommen haben (ca 20 Minuten). Darauf achten, dass sie nicht zu braun werden.<\/p>\n<p>Man kann die Kipferln vor dem \u00a0Backen noch mit Hagelzucker oder Mandelsplitterln bestreuen, oder auch blank lassen.<\/p>\n<p><a href=\"http:\/\/www.samskitchen.at\/?attachment_id=1161#main\" rel=\"attachment wp-att-1161\"><img decoding=\"async\" loading=\"lazy\" class=\"alignnone size-full wp-image-1161\" src=\"http:\/\/www.samskitchen.at\/wp-content\/uploads\/2014\/05\/2014-05-06-07.05.11.jpg\" alt=\"2014-05-06 07.05.11\" width=\"979\" height=\"734\" srcset=\"https:\/\/www.samskitchen.at\/wp-content\/uploads\/2014\/05\/2014-05-06-07.05.11.jpg 979w, https:\/\/www.samskitchen.at\/wp-content\/uploads\/2014\/05\/2014-05-06-07.05.11-300x224.jpg 300w, https:\/\/www.samskitchen.at\/wp-content\/uploads\/2014\/05\/2014-05-06-07.05.11-510x382.jpg 510w, https:\/\/www.samskitchen.at\/wp-content\/uploads\/2014\/05\/2014-05-06-07.05.11-330x247.jpg 330w, https:\/\/www.samskitchen.at\/wp-content\/uploads\/2014\/05\/2014-05-06-07.05.11-530x397.jpg 530w\" sizes=\"(max-width: 979px) 100vw, 979px\" \/><\/a><a href=\"http:\/\/www.samskitchen.at\/?attachment_id=1165#main\" rel=\"attachment wp-att-1165\"><img decoding=\"async\" loading=\"lazy\" class=\"alignnone size-full wp-image-1165\" src=\"http:\/\/www.samskitchen.at\/wp-content\/uploads\/2014\/05\/2014-05-06-08.10.23.jpg\" alt=\"2014-05-06 08.10.23\" width=\"979\" height=\"734\" srcset=\"https:\/\/www.samskitchen.at\/wp-content\/uploads\/2014\/05\/2014-05-06-08.10.23.jpg 979w, https:\/\/www.samskitchen.at\/wp-content\/uploads\/2014\/05\/2014-05-06-08.10.23-300x224.jpg 300w, https:\/\/www.samskitchen.at\/wp-content\/uploads\/2014\/05\/2014-05-06-08.10.23-510x382.jpg 510w, https:\/\/www.samskitchen.at\/wp-content\/uploads\/2014\/05\/2014-05-06-08.10.23-330x247.jpg 330w, https:\/\/www.samskitchen.at\/wp-content\/uploads\/2014\/05\/2014-05-06-08.10.23-530x397.jpg 530w\" sizes=\"(max-width: 979px) 100vw, 979px\" \/><\/a><a href=\"http:\/\/www.samskitchen.at\/?attachment_id=1163#main\" rel=\"attachment wp-att-1163\"><img decoding=\"async\" loading=\"lazy\" class=\"alignnone size-full wp-image-1163\" src=\"http:\/\/www.samskitchen.at\/wp-content\/uploads\/2014\/05\/2014-05-06-11.22.46.jpg\" alt=\"2014-05-06 11.22.46\" width=\"979\" height=\"734\" srcset=\"https:\/\/www.samskitchen.at\/wp-content\/uploads\/2014\/05\/2014-05-06-11.22.46.jpg 979w, https:\/\/www.samskitchen.at\/wp-content\/uploads\/2014\/05\/2014-05-06-11.22.46-300x224.jpg 300w, https:\/\/www.samskitchen.at\/wp-content\/uploads\/2014\/05\/2014-05-06-11.22.46-510x382.jpg 510w, https:\/\/www.samskitchen.at\/wp-content\/uploads\/2014\/05\/2014-05-06-11.22.46-330x247.jpg 330w, https:\/\/www.samskitchen.at\/wp-content\/uploads\/2014\/05\/2014-05-06-11.22.46-530x397.jpg 530w\" sizes=\"(max-width: 979px) 100vw, 979px\" \/><\/a><a href=\"http:\/\/www.samskitchen.at\/?attachment_id=1164#main\" rel=\"attachment wp-att-1164\"><img decoding=\"async\" loading=\"lazy\" class=\"alignnone size-full wp-image-1164\" src=\"http:\/\/www.samskitchen.at\/wp-content\/uploads\/2014\/05\/2014-05-06-08.27.23.jpg\" alt=\"2014-05-06 08.27.23\" width=\"979\" height=\"734\" srcset=\"https:\/\/www.samskitchen.at\/wp-content\/uploads\/2014\/05\/2014-05-06-08.27.23.jpg 979w, https:\/\/www.samskitchen.at\/wp-content\/uploads\/2014\/05\/2014-05-06-08.27.23-300x224.jpg 300w, https:\/\/www.samskitchen.at\/wp-content\/uploads\/2014\/05\/2014-05-06-08.27.23-510x382.jpg 510w, https:\/\/www.samskitchen.at\/wp-content\/uploads\/2014\/05\/2014-05-06-08.27.23-330x247.jpg 330w, https:\/\/www.samskitchen.at\/wp-content\/uploads\/2014\/05\/2014-05-06-08.27.23-530x397.jpg 530w\" sizes=\"(max-width: 979px) 100vw, 979px\" \/><\/a>Eingereicht bei: <a href=\"http:\/\/www.wildyeastblog.com\/yeastspotting\/\">Yeastspotting<\/a><\/p>\n","protected":false},"excerpt":{"rendered":"<p>&nbsp; Kipferln sind aus der \u00f6sterr. Mehlspeisk\u00fcche nicht wegzudenken. Kipferln in allen m\u00f6glichen Variationen. Von s\u00fc\u00df bis herzhaft. Vom weich bis hart. Aus Butterteig, M\u00fcrbeteig, Bl\u00e4tterteig, Plunderteig u.s.w. Mit den verschiedensten F\u00fcllungen oder Oberfl\u00e4chen. Die Zeit reicht nicht um alle Arten zu beschreiben und immer wieder kommen neue Abarten dieses beliebten Geb\u00e4cks ans Tageslicht. Meine Variante eines Butterkipferl \u00e4hnelt ein &hellip;<\/p>\n","protected":false},"author":1,"featured_media":1166,"comment_status":"open","ping_status":"open","sticky":false,"template":"","format":"standard","meta":{"_mi_skip_tracking":false,"_exactmetrics_sitenote_active":false,"_exactmetrics_sitenote_note":"","_exactmetrics_sitenote_category":0,"ngg_post_thumbnail":0,"jetpack_post_was_ever_published":false,"_jetpack_newsletter_access":"","footnotes":"","jetpack_publicize_message":"","jetpack_is_tweetstorm":false,"jetpack_publicize_feature_enabled":true,"jetpack_social_post_already_shared":true,"jetpack_social_options":{"image_generator_settings":{"template":"highway","enabled":false}}},"categories":[2,103],"tags":[133,170,171,172],"jetpack_publicize_connections":[],"jetpack_featured_media_url":"https:\/\/www.samskitchen.at\/wp-content\/uploads\/2014\/05\/2014-05-06-08.27.44.jpg","jetpack_sharing_enabled":true,"jetpack_shortlink":"https:\/\/wp.me\/p41IW0-iH","_links":{"self":[{"href":"https:\/\/www.samskitchen.at\/index.php?rest_route=\/wp\/v2\/posts\/1159"}],"collection":[{"href":"https:\/\/www.samskitchen.at\/index.php?rest_route=\/wp\/v2\/posts"}],"about":[{"href":"https:\/\/www.samskitchen.at\/index.php?rest_route=\/wp\/v2\/types\/post"}],"author":[{"embeddable":true,"href":"https:\/\/www.samskitchen.at\/index.php?rest_route=\/wp\/v2\/users\/1"}],"replies":[{"embeddable":true,"href":"https:\/\/www.samskitchen.at\/index.php?rest_route=%2Fwp%2Fv2%2Fcomments&post=1159"}],"version-history":[{"count":8,"href":"https:\/\/www.samskitchen.at\/index.php?rest_route=\/wp\/v2\/posts\/1159\/revisions"}],"predecessor-version":[{"id":1173,"href":"https:\/\/www.samskitchen.at\/index.php?rest_route=\/wp\/v2\/posts\/1159\/revisions\/1173"}],"wp:featuredmedia":[{"embeddable":true,"href":"https:\/\/www.samskitchen.at\/index.php?rest_route=\/wp\/v2\/media\/1166"}],"wp:attachment":[{"href":"https:\/\/www.samskitchen.at\/index.php?rest_route=%2Fwp%2Fv2%2Fmedia&parent=1159"}],"wp:term":[{"taxonomy":"category","embeddable":true,"href":"https:\/\/www.samskitchen.at\/index.php?rest_route=%2Fwp%2Fv2%2Fcategories&post=1159"},{"taxonomy":"post_tag","embeddable":true,"href":"https:\/\/www.samskitchen.at\/index.php?rest_route=%2Fwp%2Fv2%2Ftags&post=1159"}],"curies":[{"name":"wp","href":"https:\/\/api.w.org\/{rel}","templated":true}]}}