{"id":1131,"date":"2014-04-28T13:36:19","date_gmt":"2014-04-28T11:36:19","guid":{"rendered":"http:\/\/www.samskitchen.at\/?p=1131"},"modified":"2014-05-06T13:00:41","modified_gmt":"2014-05-06T11:00:41","slug":"griechisches-landbrot-%cf%88%cf%89%ce%bc%ce%b9%ce%ac-%cf%87%cf%89%cf%81%ce%b9%ce%ac%cf%84%ce%b9%ce%ba%ce%b1","status":"publish","type":"post","link":"https:\/\/www.samskitchen.at\/?p=1131","title":{"rendered":"Griechisches Landbrot \u00a0\u00a0\u00a0\u00a0\u00a0\u00a0\u00a0\u00a0\u00a0\u00a0\u00a0\u00a0\u00a0\u00a0\u00a0\u00a0\u00a0\u00a0\u00a0\u00a0\u00a0\u00a0\u03a8\u03c9\u03bc\u03af \u03a7\u03c9\u03c1\u03b9\u03ac\u03c4\u03b9\u03ba\u03bf"},"content":{"rendered":"<p><a href=\"http:\/\/www.samskitchen.at\/?attachment_id=1136#main\" rel=\"attachment wp-att-1136\"><img decoding=\"async\" loading=\"lazy\" class=\"alignnone size-full wp-image-1136\" src=\"http:\/\/www.samskitchen.at\/wp-content\/uploads\/2014\/04\/Griechenland.jpg\" alt=\"Griechenland\" width=\"600\" height=\"450\" srcset=\"https:\/\/www.samskitchen.at\/wp-content\/uploads\/2014\/04\/Griechenland.jpg 600w, https:\/\/www.samskitchen.at\/wp-content\/uploads\/2014\/04\/Griechenland-300x225.jpg 300w, https:\/\/www.samskitchen.at\/wp-content\/uploads\/2014\/04\/Griechenland-510x382.jpg 510w, https:\/\/www.samskitchen.at\/wp-content\/uploads\/2014\/04\/Griechenland-330x247.jpg 330w, https:\/\/www.samskitchen.at\/wp-content\/uploads\/2014\/04\/Griechenland-530x397.jpg 530w\" sizes=\"(max-width: 600px) 100vw, 600px\" \/><\/a>Griechenland &#8211; ein Land voller Kontraste. Auf der einen Seite ein Land mit den sch\u00f6nsten Str\u00e4nden der Welt, kaum verl\u00e4sst du den Trubel der Touristenhochburgen, bekommst du athenberaubende Landschaften von karger Sch\u00f6nheit zu sehen, Schluchten die du nur im Flussbett durchwandern kannst, Berge im Winter tiefverschneit, Menschen die noch ihre Urspr\u00fcnglichkeit bewahrt haben und eine Ruhe ausstrahlen als h\u00e4tte die Finanzkrise sie nie ber\u00fchrt. Griechenland ein Land voller Gegens\u00e4tze, ein Land dass mich seit meiner Kindheit gefangen h\u00e4lt. Menschen die einem zeigen was das Wort Gastfreundschaft bedeutet. Die Ihre Fr\u00f6hlichkeit bewahrt haben trotz der katastrophalen finanziellen Situation in dem dieses wundersch\u00f6ne Land steckt.<br \/>\nAber hier ist ein Backblog &#8211; also backen wir als Homage an dieses wundersch\u00f6ne Land ein &#8222;griechisches Landbrot&#8220;.<\/p>\n<p>Fangen wir mit dem Brot an: es ist ein Landbrot mit einer sch\u00f6nen wattigen Krume und splitternder Kruste.<\/p>\n<p><strong>Rezept:<\/strong><\/p>\n<p><strong>Vorteig:<\/strong><\/p>\n<p>200g \u00a0\u00a0\u00a0\u00a0\u00a0\u00a0\u00a0\u00a0 Mehl (Semola di Grana Duro Rimacinata)<br \/>\n200g \u00a0\u00a0\u00a0\u00a0\u00a0\u00a0\u00a0\u00a0 Wasser (kalt)<br \/>\n2g \u00a0 \u00a0 \u00a0 \u00a0 \u00a0 \u00a0 \u00a0 Frischhefe<\/p>\n<p>oder mit der Sauerteigvariante ca 10\u00a0WASTG dann aber im Vorteig keine Hefe<\/p>\n<p>Vorteig mit der Hand oder L\u00f6ffel vermischen und k\u00fchl ca 16-18 Grad ca 12 Stunden ruhen lassen (zugedeckt)<\/p>\n<p>&nbsp;<\/p>\n<p><strong>Hauptteig:<br \/>\n<\/strong>Vorteig<strong><br \/>\n<\/strong>130\u00a0g \u00a0 \u00a0 \u00a0Dinkelvollkornmehl<br \/>\n270 g \u00a0 \u00a0 \u00a0Weizenmehl W \u00a0700 (550)<\/p>\n<p>200 g \u00a0 \u00a0 \u00a0Wasser (kalt)<br \/>\n100 g \u00a0 \u00a0 \u00a0 Lievito Marde<br \/>\n12 \u00a0g \u00a0 \u00a0 \u00a0 \u00a0 Salz<br \/>\n3\u00a0g \u00a0 \u00a0 \u00a0 \u00a0 \u00a0 Frischhefe<br \/>\n1 EL \u00a0 \u00a0 \u00a0 \u00a0 \u00d6l<br \/>\n12 g \u00a0 \u00a0 \u00a0 \u00a0 Backmalz (oder auch Zucker oder Honig)<\/p>\n<p>&nbsp;<\/p>\n<p>Vorteig plus Zutaten vom Hauptteig vermischen und solange kneten bis ein sch\u00f6ner glatter Teig entsteht.<\/p>\n<p>Teigruhe ca 1,5 Stunden dazwischen 2 mal falten.<\/p>\n<p>Dann rund wirken oder l\u00e4nglich wie man will. In ein gut bemehltes G\u00e4rk\u00f6rbchen mit Schluss nach oben legen.<\/p>\n<p>St\u00fcckgare ca 30 Minuten bei Raumtemperatur.<\/p>\n<p>Einschneiden und mit viel Schwaden bei ca 220 Grad sch\u00f6n braun backen. Bei mir ca 40 min.<\/p>\n<p>10 min. vor Backende die Ofent\u00fcre leicht \u00f6ffnen um eine sch\u00f6ne r\u00f6sche Kruste zu erhalten.<\/p>\n<p>Ich hab mit doppelter Menge gearbeitet und drei verschieden Laibe gebacken.<\/p>\n<p>Eingereicht bei: <a href=\"http:\/\/www.wildyeastblog.com\/category\/yeastspotting\/\">YeastSpotting<\/a><\/p>\n<p><a href=\"http:\/\/www.samskitchen.at\/?attachment_id=1144#main\" rel=\"attachment wp-att-1144\"><img decoding=\"async\" loading=\"lazy\" class=\"alignnone size-full wp-image-1144\" src=\"http:\/\/www.samskitchen.at\/wp-content\/uploads\/2014\/04\/2014-04-28-10.26.02.jpg\" alt=\"2014-04-28 10.26.02\" width=\"979\" height=\"734\" srcset=\"https:\/\/www.samskitchen.at\/wp-content\/uploads\/2014\/04\/2014-04-28-10.26.02.jpg 979w, https:\/\/www.samskitchen.at\/wp-content\/uploads\/2014\/04\/2014-04-28-10.26.02-300x224.jpg 300w, https:\/\/www.samskitchen.at\/wp-content\/uploads\/2014\/04\/2014-04-28-10.26.02-510x382.jpg 510w, https:\/\/www.samskitchen.at\/wp-content\/uploads\/2014\/04\/2014-04-28-10.26.02-330x247.jpg 330w, https:\/\/www.samskitchen.at\/wp-content\/uploads\/2014\/04\/2014-04-28-10.26.02-530x397.jpg 530w\" sizes=\"(max-width: 979px) 100vw, 979px\" \/><\/a><a href=\"http:\/\/www.samskitchen.at\/?attachment_id=1146#main\" rel=\"attachment wp-att-1146\"><img decoding=\"async\" loading=\"lazy\" class=\"alignnone size-full wp-image-1146\" src=\"http:\/\/www.samskitchen.at\/wp-content\/uploads\/2014\/04\/2014-04-28-11.34.26.jpg\" alt=\"2014-04-28 11.34.26\" width=\"979\" height=\"734\" srcset=\"https:\/\/www.samskitchen.at\/wp-content\/uploads\/2014\/04\/2014-04-28-11.34.26.jpg 979w, https:\/\/www.samskitchen.at\/wp-content\/uploads\/2014\/04\/2014-04-28-11.34.26-300x224.jpg 300w, https:\/\/www.samskitchen.at\/wp-content\/uploads\/2014\/04\/2014-04-28-11.34.26-510x382.jpg 510w, https:\/\/www.samskitchen.at\/wp-content\/uploads\/2014\/04\/2014-04-28-11.34.26-330x247.jpg 330w, https:\/\/www.samskitchen.at\/wp-content\/uploads\/2014\/04\/2014-04-28-11.34.26-530x397.jpg 530w\" sizes=\"(max-width: 979px) 100vw, 979px\" \/><\/a><a href=\"http:\/\/www.samskitchen.at\/?attachment_id=1150#main\" rel=\"attachment wp-att-1150\"><img decoding=\"async\" loading=\"lazy\" class=\"alignnone size-full wp-image-1150\" src=\"http:\/\/www.samskitchen.at\/wp-content\/uploads\/2014\/04\/2014-04-28-13.14.34.jpg\" alt=\"2014-04-28 13.14.34\" width=\"767\" height=\"571\" srcset=\"https:\/\/www.samskitchen.at\/wp-content\/uploads\/2014\/04\/2014-04-28-13.14.34.jpg 767w, https:\/\/www.samskitchen.at\/wp-content\/uploads\/2014\/04\/2014-04-28-13.14.34-300x223.jpg 300w, https:\/\/www.samskitchen.at\/wp-content\/uploads\/2014\/04\/2014-04-28-13.14.34-510x379.jpg 510w, https:\/\/www.samskitchen.at\/wp-content\/uploads\/2014\/04\/2014-04-28-13.14.34-330x245.jpg 330w, https:\/\/www.samskitchen.at\/wp-content\/uploads\/2014\/04\/2014-04-28-13.14.34-530x394.jpg 530w\" sizes=\"(max-width: 767px) 100vw, 767px\" \/><\/a><a href=\"http:\/\/www.samskitchen.at\/?attachment_id=1151#main\" rel=\"attachment wp-att-1151\"><img decoding=\"async\" loading=\"lazy\" class=\"alignnone size-full wp-image-1151\" src=\"http:\/\/www.samskitchen.at\/wp-content\/uploads\/2014\/04\/2014-04-28-10.56.22.jpg\" alt=\"2014-04-28 10.56.22\" width=\"979\" height=\"734\" srcset=\"https:\/\/www.samskitchen.at\/wp-content\/uploads\/2014\/04\/2014-04-28-10.56.22.jpg 979w, https:\/\/www.samskitchen.at\/wp-content\/uploads\/2014\/04\/2014-04-28-10.56.22-300x224.jpg 300w, https:\/\/www.samskitchen.at\/wp-content\/uploads\/2014\/04\/2014-04-28-10.56.22-510x382.jpg 510w, https:\/\/www.samskitchen.at\/wp-content\/uploads\/2014\/04\/2014-04-28-10.56.22-330x247.jpg 330w, https:\/\/www.samskitchen.at\/wp-content\/uploads\/2014\/04\/2014-04-28-10.56.22-530x397.jpg 530w\" sizes=\"(max-width: 979px) 100vw, 979px\" \/><\/a><a href=\"http:\/\/www.samskitchen.at\/?attachment_id=1149#main\" rel=\"attachment wp-att-1149\"><img decoding=\"async\" loading=\"lazy\" class=\"alignnone size-full wp-image-1149\" src=\"http:\/\/www.samskitchen.at\/wp-content\/uploads\/2014\/04\/2014-04-28-13.16.17.jpg\" alt=\"2014-04-28 13.16.17\" width=\"979\" height=\"734\" srcset=\"https:\/\/www.samskitchen.at\/wp-content\/uploads\/2014\/04\/2014-04-28-13.16.17.jpg 979w, https:\/\/www.samskitchen.at\/wp-content\/uploads\/2014\/04\/2014-04-28-13.16.17-300x224.jpg 300w, https:\/\/www.samskitchen.at\/wp-content\/uploads\/2014\/04\/2014-04-28-13.16.17-510x382.jpg 510w, https:\/\/www.samskitchen.at\/wp-content\/uploads\/2014\/04\/2014-04-28-13.16.17-330x247.jpg 330w, https:\/\/www.samskitchen.at\/wp-content\/uploads\/2014\/04\/2014-04-28-13.16.17-530x397.jpg 530w\" sizes=\"(max-width: 979px) 100vw, 979px\" \/><\/a><a href=\"http:\/\/www.samskitchen.at\/?attachment_id=1148#main\" rel=\"attachment wp-att-1148\"><img decoding=\"async\" loading=\"lazy\" class=\"alignnone size-full wp-image-1148\" src=\"http:\/\/www.samskitchen.at\/wp-content\/uploads\/2014\/04\/2014-04-28-13.16.04.jpg\" alt=\"2014-04-28 13.16.04\" width=\"979\" height=\"734\" srcset=\"https:\/\/www.samskitchen.at\/wp-content\/uploads\/2014\/04\/2014-04-28-13.16.04.jpg 979w, https:\/\/www.samskitchen.at\/wp-content\/uploads\/2014\/04\/2014-04-28-13.16.04-300x224.jpg 300w, https:\/\/www.samskitchen.at\/wp-content\/uploads\/2014\/04\/2014-04-28-13.16.04-510x382.jpg 510w, https:\/\/www.samskitchen.at\/wp-content\/uploads\/2014\/04\/2014-04-28-13.16.04-330x247.jpg 330w, https:\/\/www.samskitchen.at\/wp-content\/uploads\/2014\/04\/2014-04-28-13.16.04-530x397.jpg 530w\" sizes=\"(max-width: 979px) 100vw, 979px\" \/><\/a><a href=\"http:\/\/www.samskitchen.at\/?attachment_id=1147#main\" rel=\"attachment wp-att-1147\"><img decoding=\"async\" loading=\"lazy\" class=\"alignnone size-full wp-image-1147\" src=\"http:\/\/www.samskitchen.at\/wp-content\/uploads\/2014\/04\/2014-04-28-13.16.28.jpg\" alt=\"2014-04-28 13.16.28\" width=\"979\" height=\"734\" srcset=\"https:\/\/www.samskitchen.at\/wp-content\/uploads\/2014\/04\/2014-04-28-13.16.28.jpg 979w, https:\/\/www.samskitchen.at\/wp-content\/uploads\/2014\/04\/2014-04-28-13.16.28-300x224.jpg 300w, https:\/\/www.samskitchen.at\/wp-content\/uploads\/2014\/04\/2014-04-28-13.16.28-510x382.jpg 510w, https:\/\/www.samskitchen.at\/wp-content\/uploads\/2014\/04\/2014-04-28-13.16.28-330x247.jpg 330w, https:\/\/www.samskitchen.at\/wp-content\/uploads\/2014\/04\/2014-04-28-13.16.28-530x397.jpg 530w\" sizes=\"(max-width: 979px) 100vw, 979px\" \/><\/a><a href=\"http:\/\/www.samskitchen.at\/?attachment_id=1142#main\" rel=\"attachment wp-att-1142\"><img decoding=\"async\" loading=\"lazy\" class=\"alignnone size-full wp-image-1142\" src=\"http:\/\/www.samskitchen.at\/wp-content\/uploads\/2014\/04\/2013-09-28-23.29.20.jpg\" alt=\"2013-09-28 23.29.20\" width=\"979\" height=\"734\" srcset=\"https:\/\/www.samskitchen.at\/wp-content\/uploads\/2014\/04\/2013-09-28-23.29.20.jpg 979w, https:\/\/www.samskitchen.at\/wp-content\/uploads\/2014\/04\/2013-09-28-23.29.20-300x224.jpg 300w, https:\/\/www.samskitchen.at\/wp-content\/uploads\/2014\/04\/2013-09-28-23.29.20-510x382.jpg 510w, https:\/\/www.samskitchen.at\/wp-content\/uploads\/2014\/04\/2013-09-28-23.29.20-330x247.jpg 330w, https:\/\/www.samskitchen.at\/wp-content\/uploads\/2014\/04\/2013-09-28-23.29.20-530x397.jpg 530w\" sizes=\"(max-width: 979px) 100vw, 979px\" \/><\/a><\/p>\n<p>&nbsp;<\/p>\n","protected":false},"excerpt":{"rendered":"<p>Griechenland &#8211; ein Land voller Kontraste. Auf der einen Seite ein Land mit den sch\u00f6nsten Str\u00e4nden der Welt, kaum verl\u00e4sst du den Trubel der Touristenhochburgen, bekommst du athenberaubende Landschaften von karger Sch\u00f6nheit zu sehen, Schluchten die du nur im Flussbett durchwandern kannst, Berge im Winter tiefverschneit, Menschen die noch ihre Urspr\u00fcnglichkeit bewahrt haben und eine Ruhe ausstrahlen als h\u00e4tte die &hellip;<\/p>\n","protected":false},"author":1,"featured_media":1150,"comment_status":"open","ping_status":"open","sticky":false,"template":"","format":"standard","meta":{"_mi_skip_tracking":false,"_exactmetrics_sitenote_active":false,"_exactmetrics_sitenote_note":"","_exactmetrics_sitenote_category":0,"ngg_post_thumbnail":0,"jetpack_post_was_ever_published":false,"_jetpack_newsletter_access":"","footnotes":"","jetpack_publicize_message":"","jetpack_is_tweetstorm":false,"jetpack_publicize_feature_enabled":true,"jetpack_social_post_already_shared":true,"jetpack_social_options":{"image_generator_settings":{"template":"highway","enabled":false}}},"categories":[2],"tags":[168,95,169,167],"jetpack_publicize_connections":[],"jetpack_featured_media_url":"https:\/\/www.samskitchen.at\/wp-content\/uploads\/2014\/04\/2014-04-28-13.14.34.jpg","jetpack_sharing_enabled":true,"jetpack_shortlink":"https:\/\/wp.me\/p41IW0-if","_links":{"self":[{"href":"https:\/\/www.samskitchen.at\/index.php?rest_route=\/wp\/v2\/posts\/1131"}],"collection":[{"href":"https:\/\/www.samskitchen.at\/index.php?rest_route=\/wp\/v2\/posts"}],"about":[{"href":"https:\/\/www.samskitchen.at\/index.php?rest_route=\/wp\/v2\/types\/post"}],"author":[{"embeddable":true,"href":"https:\/\/www.samskitchen.at\/index.php?rest_route=\/wp\/v2\/users\/1"}],"replies":[{"embeddable":true,"href":"https:\/\/www.samskitchen.at\/index.php?rest_route=%2Fwp%2Fv2%2Fcomments&post=1131"}],"version-history":[{"count":20,"href":"https:\/\/www.samskitchen.at\/index.php?rest_route=\/wp\/v2\/posts\/1131\/revisions"}],"predecessor-version":[{"id":1179,"href":"https:\/\/www.samskitchen.at\/index.php?rest_route=\/wp\/v2\/posts\/1131\/revisions\/1179"}],"wp:featuredmedia":[{"embeddable":true,"href":"https:\/\/www.samskitchen.at\/index.php?rest_route=\/wp\/v2\/media\/1150"}],"wp:attachment":[{"href":"https:\/\/www.samskitchen.at\/index.php?rest_route=%2Fwp%2Fv2%2Fmedia&parent=1131"}],"wp:term":[{"taxonomy":"category","embeddable":true,"href":"https:\/\/www.samskitchen.at\/index.php?rest_route=%2Fwp%2Fv2%2Fcategories&post=1131"},{"taxonomy":"post_tag","embeddable":true,"href":"https:\/\/www.samskitchen.at\/index.php?rest_route=%2Fwp%2Fv2%2Ftags&post=1131"}],"curies":[{"name":"wp","href":"https:\/\/api.w.org\/{rel}","templated":true}]}}