{"id":110,"date":"2013-10-14T17:59:43","date_gmt":"2013-10-14T15:59:43","guid":{"rendered":"http:\/\/www.samskitchen.at\/?p=110"},"modified":"2017-03-01T10:15:02","modified_gmt":"2017-03-01T09:15:02","slug":"bosniaken","status":"publish","type":"post","link":"https:\/\/www.samskitchen.at\/?p=110","title":{"rendered":"Bosniaken"},"content":{"rendered":"<p><a href=\"http:\/\/www.samskitchen.at\/wp-content\/uploads\/2013\/10\/Foto.jpg\"><img decoding=\"async\" loading=\"lazy\" class=\"alignnone size-medium wp-image-112\" src=\"http:\/\/www.samskitchen.at\/wp-content\/uploads\/2013\/10\/Foto-300x225.jpg\" alt=\"Bosniaken\" width=\"300\" height=\"225\" srcset=\"https:\/\/www.samskitchen.at\/wp-content\/uploads\/2013\/10\/Foto-300x225.jpg 300w, https:\/\/www.samskitchen.at\/wp-content\/uploads\/2013\/10\/Foto-510x382.jpg 510w, https:\/\/www.samskitchen.at\/wp-content\/uploads\/2013\/10\/Foto-530x397.jpg 530w, https:\/\/www.samskitchen.at\/wp-content\/uploads\/2013\/10\/Foto.jpg 800w\" sizes=\"(max-width: 300px) 100vw, 300px\" \/><\/a><\/p>\n<p>Bosniaken geh\u00f6ren seit der Schulzeit zu meinen Lieblingsweckerln. In der Schulkantine des Gymnasiums in der Radetzkystr. in Klagenfurt, bekam man die besten Bosniaken die ich je gegessen hatte. Soweit die Erinnerung &#8211; aber den Geschmack hatte ich all die Jahre im Hinterkopf. Mittlerweile bekommt man Bosniaken bei verschiedenen B\u00e4ckern u. Lebensmittell\u00e4den zu kaufen. Aber das sind mit Backmittel aufgeblasene K\u00fcmmelirgendwas mit oben Salz drauf. Die schaun nicht mal so aus wie fr\u00fcher. Also was lag n\u00e4her &#8211; als aus dem Ged\u00e4chtnis diese Bosniaken nachzubauen. Nach einigen Versuchen ist mit dieses Rezept gelungen. Testpersonen die Bosniaken von fr\u00fcher kannten, best\u00e4tigten mir, dass meine Bosniaken so schmecken wie fr\u00fcher. Ich m\u00f6chte Euch diesen Versuch nicht vorenthalten.<\/p>\n<p>F\u00fcr Verbesserungen bin ich immer offen.<\/p>\n<p><strong>Vorteig:<\/strong><br \/>\n200 g Roggenvollkornmehl<br \/>\n20 g&nbsp; Anstellgut RST(Roggensauerteig)<br \/>\n200 g Wasser<\/p>\n<p>Diese Mischung ca. 12 Stunden bei Raumtemperatur stehen lassen.<\/p>\n<p><strong>Hauptteig:<\/strong><br \/>\nVorteig ca. 440 g<br \/>\n500 g Weizenmehl W700 (550)<br \/>\n250 g&nbsp; Wasser<br \/>\n1 TL&nbsp; Gerstenmalz<br \/>\n1 TL&nbsp; K\u00fcmmel<br \/>\n15g Salz<br \/>\n10g Hefe&nbsp;<\/p>\n<p>Alles zusammen zu einem glatten Teig kneten.<br \/>\nTeigruhe ca. 30 min bei Raumtemperatur.<br \/>\nDann&nbsp; Teiglinge zu je 70 g. &nbsp;abwiegen und rundwirken.<br \/>\nMit einer Mischung 50:50 Roggenmehl u. Kartoffelst\u00e4rke einstauben.<br \/>\n15 min Teigruhe zum Entspannen.<\/p>\n<p>Dann zu l\u00e4nglichen Weckerln formen und sch\u00f6n aufgehen lassen.<\/p>\n<p>Wenn sie wie gew\u00fcnscht aufgegangen sind l\u00e4ngs einschneiden.<\/p>\n<p>Mit Wasser bespr\u00fchen und mit grobem Meersalz bestreuen.<\/p>\n<p>Backrohr rechtzeitig&nbsp; auf 230 Grad aufheizen. Kr\u00e4ftig schwaden und ca. 30 Min. backen. Nach ca. 10 Min. Schwaden ablassen.<\/p>\n<p>Gutes Gelingen!<\/p>\n<p>&nbsp;<\/p>\n<p>&nbsp;<\/p>\n","protected":false},"excerpt":{"rendered":"<p>Bosniaken geh\u00f6ren seit der Schulzeit zu meinen Lieblingsweckerln. In der Schulkantine des Gymnasiums in der Radetzkystr. in Klagenfurt, bekam man die besten Bosniaken die ich je gegessen hatte. Soweit die Erinnerung &#8211; aber den Geschmack hatte ich all die Jahre im Hinterkopf. Mittlerweile bekommt man Bosniaken bei verschiedenen B\u00e4ckern u. Lebensmittell\u00e4den zu kaufen. Aber das sind mit Backmittel aufgeblasene K\u00fcmmelirgendwas &hellip;<\/p>\n","protected":false},"author":2,"featured_media":112,"comment_status":"open","ping_status":"open","sticky":false,"template":"","format":"standard","meta":{"_mi_skip_tracking":false,"_exactmetrics_sitenote_active":false,"_exactmetrics_sitenote_note":"","_exactmetrics_sitenote_category":0,"ngg_post_thumbnail":0,"jetpack_post_was_ever_published":false,"_jetpack_newsletter_access":"","footnotes":"","jetpack_publicize_message":"","jetpack_is_tweetstorm":false,"jetpack_publicize_feature_enabled":true,"jetpack_social_post_already_shared":false,"jetpack_social_options":{"image_generator_settings":{"template":"highway","enabled":false}}},"categories":[2],"tags":[10,11,12],"jetpack_publicize_connections":[],"jetpack_featured_media_url":"https:\/\/www.samskitchen.at\/wp-content\/uploads\/2013\/10\/Foto.jpg","jetpack_sharing_enabled":true,"jetpack_shortlink":"https:\/\/wp.me\/p41IW0-1M","_links":{"self":[{"href":"https:\/\/www.samskitchen.at\/index.php?rest_route=\/wp\/v2\/posts\/110"}],"collection":[{"href":"https:\/\/www.samskitchen.at\/index.php?rest_route=\/wp\/v2\/posts"}],"about":[{"href":"https:\/\/www.samskitchen.at\/index.php?rest_route=\/wp\/v2\/types\/post"}],"author":[{"embeddable":true,"href":"https:\/\/www.samskitchen.at\/index.php?rest_route=\/wp\/v2\/users\/2"}],"replies":[{"embeddable":true,"href":"https:\/\/www.samskitchen.at\/index.php?rest_route=%2Fwp%2Fv2%2Fcomments&post=110"}],"version-history":[{"count":11,"href":"https:\/\/www.samskitchen.at\/index.php?rest_route=\/wp\/v2\/posts\/110\/revisions"}],"predecessor-version":[{"id":2937,"href":"https:\/\/www.samskitchen.at\/index.php?rest_route=\/wp\/v2\/posts\/110\/revisions\/2937"}],"wp:featuredmedia":[{"embeddable":true,"href":"https:\/\/www.samskitchen.at\/index.php?rest_route=\/wp\/v2\/media\/112"}],"wp:attachment":[{"href":"https:\/\/www.samskitchen.at\/index.php?rest_route=%2Fwp%2Fv2%2Fmedia&parent=110"}],"wp:term":[{"taxonomy":"category","embeddable":true,"href":"https:\/\/www.samskitchen.at\/index.php?rest_route=%2Fwp%2Fv2%2Fcategories&post=110"},{"taxonomy":"post_tag","embeddable":true,"href":"https:\/\/www.samskitchen.at\/index.php?rest_route=%2Fwp%2Fv2%2Ftags&post=110"}],"curies":[{"name":"wp","href":"https:\/\/api.w.org\/{rel}","templated":true}]}}